{"id":69026,"date":"2025-06-20T12:41:48","date_gmt":"2025-06-20T15:41:48","guid":{"rendered":"https:\/\/www.paranapraia.com.br\/?p=69026"},"modified":"2025-06-20T12:41:51","modified_gmt":"2025-06-20T15:41:51","slug":"de-boa-vista-ao-rio-talento-de-jovem-inspirado-em-ney-matogrosso-encanta-a-imperatriz-leopoldinense-veja-o-video","status":"publish","type":"post","link":"https:\/\/www.paranapraia.com.br\/index.php\/2025\/06\/20\/de-boa-vista-ao-rio-talento-de-jovem-inspirado-em-ney-matogrosso-encanta-a-imperatriz-leopoldinense-veja-o-video\/","title":{"rendered":"De Boa Vista ao Rio: talento de jovem inspirado em Ney Matogrosso encanta a Imperatriz Leopoldinense; veja o v\u00eddeo"},"content":{"rendered":"\n<p>A Marqu\u00eas de Sapuca\u00ed ser\u00e1 palco, em 2026, de uma hist\u00f3ria que come\u00e7a longe do Rio de Janeiro, mas que carrega toda a intensidade do samba e da arte perform\u00e1tica brasileira. O jovem Kaio Guilherme, de 23 anos, natural de Boa Vista (RR), foi oficialmente convidado pela Imperatriz Leopoldinense para desfilar na escola ap\u00f3s protagonizar uma apresenta\u00e7\u00e3o arrebatadora durante um evento em que homenageava o cantor Ney Matogrosso.<\/p>\n\n\n\n<p>O v\u00eddeo que viralizou nas redes sociais mostra Kaio vestindo um figurino inspirado no ex-vocalista dos Secos &amp; Molhados, com direito a adere\u00e7os ousados, maquiagem marcante e uma coreografia carregada de expressividade e teatralidade \u2014 caracter\u00edsticas que sempre marcaram o trabalho de Ney. O impacto foi imediato: em poucos dias, o conte\u00fado chegou aos olheiros da Imperatriz, que viram no jovem um s\u00edmbolo potente de arte, resist\u00eancia e brasilidade.<\/p>\n\n\n\n<p>&#8220;Foi algo que eu fiz com o cora\u00e7\u00e3o. Sempre admirei o Ney Matogrosso pela liberdade com que se expressa no palco, e quis trazer isso para o meu corpo, para a minha dan\u00e7a&#8221;, contou Kaio, em entrevista.<\/p>\n\n\n\n<p>A Imperatriz Leopoldinense, conhecida por seu compromisso com a valoriza\u00e7\u00e3o da cultura brasileira e por abrir espa\u00e7o a vozes plurais, n\u00e3o hesitou em estender o convite para que Kaio integre uma de suas alas no desfile do ano que vem. A agremia\u00e7\u00e3o ainda n\u00e3o divulgou qual ser\u00e1 a posi\u00e7\u00e3o do jovem na escola, mas j\u00e1 confirmou que ele far\u00e1 parte de uma das alas coreografadas.<\/p>\n\n\n\n<p>&#8220;Kaio nos emocionou. Sua apresenta\u00e7\u00e3o foi mais que uma performance, foi um grito de liberdade, como Ney sempre fez. \u00c9 isso que o Carnaval representa: a explos\u00e3o da arte, da diversidade, da express\u00e3o sem limites&#8221;, declarou um representante da escola.<\/p>\n\n\n\n<p>O convite n\u00e3o foi apenas um gesto simb\u00f3lico, mas uma aposta concreta em trazer para a avenida um novo rosto da arte contempor\u00e2nea brasileira. A performance de Kaio vem sendo celebrada como uma s\u00edntese entre o passado e o presente do espet\u00e1culo nacional, misturando o esp\u00edrito irreverente dos anos 70 com a ousadia est\u00e9tica da nova gera\u00e7\u00e3o.<\/p>\n\n\n\n<p>A presen\u00e7a de Kaio na Sapuca\u00ed em 2026 promete emocionar n\u00e3o apenas quem acompanha os desfiles, mas tamb\u00e9m aqueles que veem no Carnaval um espa\u00e7o de afirma\u00e7\u00e3o e transforma\u00e7\u00e3o. \u201cEu n\u00e3o sou sambista profissional, mas sempre fui apaixonado por esse universo. Estar na avenida vai ser mais que um sonho, vai ser uma declara\u00e7\u00e3o de quem eu sou\u201d, afirmou ele.<\/p>\n\n\n\n<p>O enredo da Imperatriz para 2026 ainda \u00e9 mantido sob sigilo, mas a escola adiantou que trar\u00e1 reflex\u00f5es sobre a arte como forma de liberta\u00e7\u00e3o \u2014 tema que, agora, encontra no jovem Kaio Guilherme um s\u00edmbolo \u00e0 altura. A Sapuca\u00ed aguarda, ansiosa, mais um espet\u00e1culo onde o samba se mistura \u00e0 coragem de ser e de brilhar.<\/p>\n\n\n\n<figure class=\"wp-block-video\"><video controls src=\"https:\/\/www.paranapraia.com.br\/wp-content\/uploads\/2025\/06\/WhatsApp-Video-2025-06-20-at-12.37.52.mp4\"><\/video><figcaption class=\"wp-element-caption\">V\u00eddeo: tiktok @yagosavalla<\/figcaption><\/figure>\n\n\n\n<p>Reda\u00e7\u00e3o<\/p>\n","protected":false},"excerpt":{"rendered":"<p>A Marqu\u00eas de Sapuca\u00ed ser\u00e1 palco, em 2026, de uma hist\u00f3ria que come\u00e7a longe do Rio de Janeiro, mas que carrega toda a intensidade do samba e da arte perform\u00e1tica brasileira. O jovem Kaio Guilherme, de 23 anos, natural de Boa Vista (RR), foi oficialmente convidado pela Imperatriz Leopoldinense para desfilar na escola ap\u00f3s protagonizar [&hellip;]<\/p>\n","protected":false},"author":2,"featured_media":69028,"comment_status":"open","ping_status":"open","sticky":false,"template":"","format":"standard","meta":{"advanced_seo_description":"","jetpack_seo_html_title":"","jetpack_seo_noindex":false,"_jetpack_memberships_contains_paid_content":false,"footnotes":""},"categories":[40],"tags":[],"class_list":{"0":"post-69026","1":"post","2":"type-post","3":"status-publish","4":"format-standard","5":"has-post-thumbnail","7":"category-destaques"},"jetpack_featured_media_url":"https:\/\/www.paranapraia.com.br\/wp-content\/uploads\/2025\/06\/WhatsApp-Image-2025-06-20-at-12.36.15-scaled.jpeg","jetpack_sharing_enabled":true,"_links":{"self":[{"href":"https:\/\/www.paranapraia.com.br\/index.php\/wp-json\/wp\/v2\/posts\/69026"}],"collection":[{"href":"https:\/\/www.paranapraia.com.br\/index.php\/wp-json\/wp\/v2\/posts"}],"about":[{"href":"https:\/\/www.paranapraia.com.br\/index.php\/wp-json\/wp\/v2\/types\/post"}],"author":[{"embeddable":true,"href":"https:\/\/www.paranapraia.com.br\/index.php\/wp-json\/wp\/v2\/users\/2"}],"replies":[{"embeddable":true,"href":"https:\/\/www.paranapraia.com.br\/index.php\/wp-json\/wp\/v2\/comments?post=69026"}],"version-history":[{"count":1,"href":"https:\/\/www.paranapraia.com.br\/index.php\/wp-json\/wp\/v2\/posts\/69026\/revisions"}],"predecessor-version":[{"id":69029,"href":"https:\/\/www.paranapraia.com.br\/index.php\/wp-json\/wp\/v2\/posts\/69026\/revisions\/69029"}],"wp:featuredmedia":[{"embeddable":true,"href":"https:\/\/www.paranapraia.com.br\/index.php\/wp-json\/wp\/v2\/media\/69028"}],"wp:attachment":[{"href":"https:\/\/www.paranapraia.com.br\/index.php\/wp-json\/wp\/v2\/media?parent=69026"}],"wp:term":[{"taxonomy":"category","embeddable":true,"href":"https:\/\/www.paranapraia.com.br\/index.php\/wp-json\/wp\/v2\/categories?post=69026"},{"taxonomy":"post_tag","embeddable":true,"href":"https:\/\/www.paranapraia.com.br\/index.php\/wp-json\/wp\/v2\/tags?post=69026"}],"curies":[{"name":"wp","href":"https:\/\/api.w.org\/{rel}","templated":true}]}}