{"id":69013,"date":"2025-06-19T12:50:26","date_gmt":"2025-06-19T15:50:26","guid":{"rendered":"https:\/\/www.paranapraia.com.br\/?p=69013"},"modified":"2025-06-19T12:50:28","modified_gmt":"2025-06-19T15:50:28","slug":"filhote-de-baleia-jubarte-e-encontrado-encalhado-em-pontal-do-parana","status":"publish","type":"post","link":"https:\/\/www.paranapraia.com.br\/index.php\/2025\/06\/19\/filhote-de-baleia-jubarte-e-encontrado-encalhado-em-pontal-do-parana\/","title":{"rendered":"Filhote de Baleia Jubarte \u00e9 encontrado encalhado em Pontal do Paran\u00e1"},"content":{"rendered":"\n<p>O animal, com aproximadamente sete metros de comprimento, chegou a ser visto com vida por moradores e pela equipe da Universidade Federal do Paran\u00e1 (UFPR), que realiza o monitoramento di\u00e1rio da orla por meio do Projeto de Monitoramento de Praias. Horas depois, no entanto, o filhote n\u00e3o resistiu.<\/p>\n\n\n\n<p>A Dra. Camila Domit, Bi\u00f3loga e pesquisadora da Universidade Federal do Paran\u00e1 (UFPR), onde atua como professora e coordenadora do Laborat\u00f3rio de Ecologia e Conserva\u00e7\u00e3o (LEC\/UFPR), explicou como a situa\u00e7\u00e3o foi identificada:<\/p>\n\n\n\n<p>\u201cFazemos o monitoramento das praias todos os dias, e hoje, durante essa rotina, encontramos a baleia. Moradores estavam na \u00e1rea e nos acionaram por diversos contatos da universidade. Quando a equipe chegou, o animal ainda estava vivo, mas bastante debilitado\u201d, contou.<\/p>\n\n\n\n<p>Segundo ela, o estado da baleia indicava sinais graves de desnutri\u00e7\u00e3o, al\u00e9m da presen\u00e7a de parasitas, como o ciam\u00eddeo (popularmente conhecido como piolho de baleia). \u201cEsse tipo de parasita costuma aparecer quando o animal j\u00e1 n\u00e3o est\u00e1 bem de sa\u00fade. Al\u00e9m disso, o corpo apresentava sinais de caquexia, uma magreza extrema que aponta para um longo per\u00edodo de sofrimento\u201d, detalhou Camila.<\/p>\n\n\n\n<p>A esp\u00e9cie jubarte (Megaptera novaeangliae) \u00e9 conhecida por migrar anualmente pela costa brasileira, especialmente entre os meses de junho e julho, quando deixa a regi\u00e3o Ant\u00e1rtica rumo ao litoral do pa\u00eds para reprodu\u00e7\u00e3o. \u201cEsse per\u00edodo \u00e9 sazonal. Todos os anos vemos baleias passando por aqui, \u00e9 natural do ciclo migrat\u00f3rio delas\u201d, observou a pesquisadora.<\/p>\n\n\n\n<p>De acordo com a equipe da UFPR, a baleia encontrada \u00e9 um animal jovem, possivelmente em seu segundo ano de vida. A causa exata da morte ser\u00e1 investigada por meio de necropsia, a ser realizada ap\u00f3s a imobiliza\u00e7\u00e3o do corpo.<\/p>\n\n\n\n<p>O procedimento deve apontar se o filhote sofria por falta de alimento, exposi\u00e7\u00e3o a contaminantes ou doen\u00e7as ligadas ao ambiente marinho.<\/p>\n\n\n\n<p>Embora a esp\u00e9cie esteja em processo de recupera\u00e7\u00e3o desde o fim da ca\u00e7a comercial no Brasil, encerrada na d\u00e9cada de 1990, as jubartes ainda enfrentam desafios para sobreviver, principalmente nos primeiros anos de vida.<\/p>\n\n\n\n<p>O prefeito de Pontal do Paran\u00e1, Rud\u00e3o Gimenes, esteve presente no local e comentou sobre a import\u00e2ncia do trabalho conjunto com a universidade:<\/p>\n\n\n\n<p>\u201cO monitoramento realizado pelo projeto \u00e9 fundamental para o cuidado das nossas praias. A Prefeitura apoia a Universidade Federal do Paran\u00e1 e sempre que necess\u00e1rio, seja para ajudar na remo\u00e7\u00e3o de animais ou em outras a\u00e7\u00f5es, atua junto, cuidando do nosso litoral.\u201d afirma.<\/p>\n\n\n\n<p>Casos como este mostram o valor do monitoramento constante realizado em Pontal do Paran\u00e1, que possibilita acompanhar de perto a presen\u00e7a dessas gigantes do mar por meio do trabalho di\u00e1rio dos bi\u00f3logos, professores e estudantes da Universidade Federal do Paran\u00e1.<\/p>\n\n\n\n<p>Prefeitura de Pontal do Paran\u00e1<\/p>\n","protected":false},"excerpt":{"rendered":"<p>O animal, com aproximadamente sete metros de comprimento, chegou a ser visto com vida por moradores e pela equipe da Universidade Federal do Paran\u00e1 (UFPR), que realiza o monitoramento di\u00e1rio da orla por meio do Projeto de Monitoramento de Praias. Horas depois, no entanto, o filhote n\u00e3o resistiu. A Dra. Camila Domit, Bi\u00f3loga e pesquisadora [&hellip;]<\/p>\n","protected":false},"author":2,"featured_media":69015,"comment_status":"open","ping_status":"open","sticky":false,"template":"","format":"standard","meta":{"advanced_seo_description":"","jetpack_seo_html_title":"","jetpack_seo_noindex":false,"_jetpack_memberships_contains_paid_content":false,"footnotes":""},"categories":[65],"tags":[],"class_list":{"0":"post-69013","1":"post","2":"type-post","3":"status-publish","4":"format-standard","5":"has-post-thumbnail","7":"category-pontal-do-parana"},"jetpack_featured_media_url":"https:\/\/www.paranapraia.com.br\/wp-content\/uploads\/2025\/06\/190625124323_5089081868741094978_jpg-scaled.jpg","jetpack_sharing_enabled":true,"_links":{"self":[{"href":"https:\/\/www.paranapraia.com.br\/index.php\/wp-json\/wp\/v2\/posts\/69013"}],"collection":[{"href":"https:\/\/www.paranapraia.com.br\/index.php\/wp-json\/wp\/v2\/posts"}],"about":[{"href":"https:\/\/www.paranapraia.com.br\/index.php\/wp-json\/wp\/v2\/types\/post"}],"author":[{"embeddable":true,"href":"https:\/\/www.paranapraia.com.br\/index.php\/wp-json\/wp\/v2\/users\/2"}],"replies":[{"embeddable":true,"href":"https:\/\/www.paranapraia.com.br\/index.php\/wp-json\/wp\/v2\/comments?post=69013"}],"version-history":[{"count":1,"href":"https:\/\/www.paranapraia.com.br\/index.php\/wp-json\/wp\/v2\/posts\/69013\/revisions"}],"predecessor-version":[{"id":69016,"href":"https:\/\/www.paranapraia.com.br\/index.php\/wp-json\/wp\/v2\/posts\/69013\/revisions\/69016"}],"wp:featuredmedia":[{"embeddable":true,"href":"https:\/\/www.paranapraia.com.br\/index.php\/wp-json\/wp\/v2\/media\/69015"}],"wp:attachment":[{"href":"https:\/\/www.paranapraia.com.br\/index.php\/wp-json\/wp\/v2\/media?parent=69013"}],"wp:term":[{"taxonomy":"category","embeddable":true,"href":"https:\/\/www.paranapraia.com.br\/index.php\/wp-json\/wp\/v2\/categories?post=69013"},{"taxonomy":"post_tag","embeddable":true,"href":"https:\/\/www.paranapraia.com.br\/index.php\/wp-json\/wp\/v2\/tags?post=69013"}],"curies":[{"name":"wp","href":"https:\/\/api.w.org\/{rel}","templated":true}]}}