{"id":69007,"date":"2025-06-19T10:52:44","date_gmt":"2025-06-19T13:52:44","guid":{"rendered":"https:\/\/www.paranapraia.com.br\/?p=69007"},"modified":"2025-06-19T10:52:47","modified_gmt":"2025-06-19T13:52:47","slug":"a-fe-bordada-nas-ruas-o-significado-dos-tapetes-de-corpus-christi-na-tradicao-catolica","status":"publish","type":"post","link":"https:\/\/www.paranapraia.com.br\/index.php\/2025\/06\/19\/a-fe-bordada-nas-ruas-o-significado-dos-tapetes-de-corpus-christi-na-tradicao-catolica\/","title":{"rendered":"A f\u00e9 bordada nas ruas: o significado dos tapetes de Corpus Christi na tradi\u00e7\u00e3o cat\u00f3lica"},"content":{"rendered":"\n<p>Cidades de todo o Brasil amanheceram nesta quinta-feira com ruas transformadas em verdadeiras obras de arte ef\u00eameras. \u00c9 o dia de Corpus Christi, data em que fi\u00e9is cat\u00f3licos confeccionam tapetes coloridos para a tradicional prociss\u00e3o que celebra o Corpo e o Sangue de Cristo, um dos mist\u00e9rios centrais da f\u00e9 crist\u00e3. A pr\u00e1tica, al\u00e9m de express\u00e3o de religiosidade, carrega tamb\u00e9m simbolismos hist\u00f3ricos e comunit\u00e1rios que atravessam s\u00e9culos.<\/p>\n\n\n\n<p>A origem da celebra\u00e7\u00e3o remonta ao s\u00e9culo XIII, quando a Igreja instituiu a Solenidade de Corpus Christi como forma de reafirmar a presen\u00e7a real de Jesus na Eucaristia. A tradi\u00e7\u00e3o dos tapetes, por sua vez, chegou ao Brasil por influ\u00eancia portuguesa e se consolidou como manifesta\u00e7\u00e3o popular de f\u00e9. Os desenhos retratam cenas b\u00edblicas, s\u00edmbolos eucar\u00edsticos e mensagens de paz, feitos com serragem, sal, borra de caf\u00e9, areia, flores e materiais recicl\u00e1veis.<\/p>\n\n\n\n<p>Em muitas cidades do Vale do Para\u00edba, como em Aparecida, a confec\u00e7\u00e3o dos tapetes envolve fam\u00edlias inteiras, comunidades paroquiais e grupos de jovens que passam a madrugada trabalhando juntos. &#8220;\u00c9 uma forma de evangelizar com arte e de preparar o caminho para Jesus&#8221;, afirma o padre Jos\u00e9 Ailton, respons\u00e1vel por uma das par\u00f3quias da regi\u00e3o.<\/p>\n\n\n\n<p>Para os cat\u00f3licos, caminhar sobre os tapetes durante a prociss\u00e3o simboliza acolher o Cristo vivo que caminha entre seu povo. A Eucaristia, levada pelo sacerdote sob um p\u00e1lio, passa sobre os desenhos, que desaparecem ao longo do dia \u2013 como se a f\u00e9 ali bordada se elevasse ao c\u00e9u com cada passo dado.<\/p>\n\n\n\n<p>Mais do que um rito, a celebra\u00e7\u00e3o \u00e9 tamb\u00e9m uma oportunidade de renova\u00e7\u00e3o espiritual e de encontro comunit\u00e1rio. Em tempos de pressa e divis\u00e3o, a constru\u00e7\u00e3o dos tapetes convida ao trabalho coletivo, \u00e0 contempla\u00e7\u00e3o e ao testemunho p\u00fablico de f\u00e9.<\/p>\n\n\n\n<p>Reda\u00e7\u00e3o<\/p>\n","protected":false},"excerpt":{"rendered":"<p>Cidades de todo o Brasil amanheceram nesta quinta-feira com ruas transformadas em verdadeiras obras de arte ef\u00eameras. \u00c9 o dia de Corpus Christi, data em que fi\u00e9is cat\u00f3licos confeccionam tapetes coloridos para a tradicional prociss\u00e3o que celebra o Corpo e o Sangue de Cristo, um dos mist\u00e9rios centrais da f\u00e9 crist\u00e3. A pr\u00e1tica, al\u00e9m de [&hellip;]<\/p>\n","protected":false},"author":2,"featured_media":69008,"comment_status":"open","ping_status":"open","sticky":false,"template":"","format":"standard","meta":{"advanced_seo_description":"","jetpack_seo_html_title":"","jetpack_seo_noindex":false,"_jetpack_memberships_contains_paid_content":false,"footnotes":""},"categories":[40],"tags":[],"class_list":{"0":"post-69007","1":"post","2":"type-post","3":"status-publish","4":"format-standard","5":"has-post-thumbnail","7":"category-destaques"},"jetpack_featured_media_url":"https:\/\/www.paranapraia.com.br\/wp-content\/uploads\/2025\/06\/WhatsApp-Image-2025-06-19-at-10.52.05-scaled.jpeg","jetpack_sharing_enabled":true,"_links":{"self":[{"href":"https:\/\/www.paranapraia.com.br\/index.php\/wp-json\/wp\/v2\/posts\/69007"}],"collection":[{"href":"https:\/\/www.paranapraia.com.br\/index.php\/wp-json\/wp\/v2\/posts"}],"about":[{"href":"https:\/\/www.paranapraia.com.br\/index.php\/wp-json\/wp\/v2\/types\/post"}],"author":[{"embeddable":true,"href":"https:\/\/www.paranapraia.com.br\/index.php\/wp-json\/wp\/v2\/users\/2"}],"replies":[{"embeddable":true,"href":"https:\/\/www.paranapraia.com.br\/index.php\/wp-json\/wp\/v2\/comments?post=69007"}],"version-history":[{"count":1,"href":"https:\/\/www.paranapraia.com.br\/index.php\/wp-json\/wp\/v2\/posts\/69007\/revisions"}],"predecessor-version":[{"id":69009,"href":"https:\/\/www.paranapraia.com.br\/index.php\/wp-json\/wp\/v2\/posts\/69007\/revisions\/69009"}],"wp:featuredmedia":[{"embeddable":true,"href":"https:\/\/www.paranapraia.com.br\/index.php\/wp-json\/wp\/v2\/media\/69008"}],"wp:attachment":[{"href":"https:\/\/www.paranapraia.com.br\/index.php\/wp-json\/wp\/v2\/media?parent=69007"}],"wp:term":[{"taxonomy":"category","embeddable":true,"href":"https:\/\/www.paranapraia.com.br\/index.php\/wp-json\/wp\/v2\/categories?post=69007"},{"taxonomy":"post_tag","embeddable":true,"href":"https:\/\/www.paranapraia.com.br\/index.php\/wp-json\/wp\/v2\/tags?post=69007"}],"curies":[{"name":"wp","href":"https:\/\/api.w.org\/{rel}","templated":true}]}}