{"id":69004,"date":"2025-06-19T10:38:10","date_gmt":"2025-06-19T13:38:10","guid":{"rendered":"https:\/\/www.paranapraia.com.br\/?p=69004"},"modified":"2025-06-19T10:38:12","modified_gmt":"2025-06-19T13:38:12","slug":"prefeitura-de-morretes-abre-inscricoes-para-o-programa-municipal-de-castracao-de-caes-e-gatos","status":"publish","type":"post","link":"https:\/\/www.paranapraia.com.br\/index.php\/2025\/06\/19\/prefeitura-de-morretes-abre-inscricoes-para-o-programa-municipal-de-castracao-de-caes-e-gatos\/","title":{"rendered":"Prefeitura de Morretes abre inscri\u00e7\u00f5es para o Programa Municipal de Castra\u00e7\u00e3o de C\u00e3es e Gatos"},"content":{"rendered":"\n<p>A Prefeitura Municipal de Morretes, por meio da Secretaria Municipal de Meio Ambiente e Urbanismo, informa que est\u00e3o abertas as inscri\u00e7\u00f5es para o Programa Municipal de Castra\u00e7\u00e3o de C\u00e3es e Gatos. A iniciativa tem como objetivo promover a sa\u00fade animal e o controle populacional no munic\u00edpio.<\/p>\n\n\n\n<p>O programa oferece 40 vagas mensais para castra\u00e7\u00e3o gratuita, sendo 30% destinadas \u00e0 ONG Focinhos Felizes e 70% voltadas \u00e0 popula\u00e7\u00e3o em geral. As vagas est\u00e3o distribu\u00eddas da seguinte forma: sete para c\u00e3es machos (cinco para o p\u00fablico geral e duas para a ONG), dezoito para c\u00e3es f\u00eameas (doze para o p\u00fablico geral e seis para a ONG), cinco para gatos machos (quatro para o p\u00fablico geral e uma para a ONG) e dez para gatas f\u00eameas (sete para o p\u00fablico geral e tr\u00eas para a ONG).<\/p>\n\n\n\n<p>O agendamento deve ser realizado de forma presencial na Casa Rocha Pombo, sempre na \u00faltima semana de cada m\u00eas. O cronograma de agendamentos come\u00e7a em junho de 2025, conforme as seguintes datas:<\/p>\n\n\n\n<ul class=\"wp-block-list\">\n<li>Junho\/2025: de 23 a 27<\/li>\n\n\n\n<li>Julho\/2025: de 24 a 31<\/li>\n\n\n\n<li>Agosto\/2025: de 25 a 29<\/li>\n\n\n\n<li>Setembro\/2025: de 22 a 29<\/li>\n\n\n\n<li>Outubro\/2025: de 24 a 30<\/li>\n\n\n\n<li>Novembro\/2025: de 24 a 28<\/li>\n\n\n\n<li>Dezembro\/2025: de 15 a 19<\/li>\n\n\n\n<li>Janeiro\/2026: de 26 a 30<\/li>\n\n\n\n<li>Fevereiro\/2026: de 23 a 27<\/li>\n\n\n\n<li>Mar\u00e7o\/2026: de 23 a 27<\/li>\n\n\n\n<li>Abril\/2026: de 24 a 30<\/li>\n\n\n\n<li>Maio\/2026: de 25 a 29<\/li>\n<\/ul>\n\n\n\n<p>Para realizar o agendamento, \u00e9 necess\u00e1rio apresentar os seguintes documentos: CPF do respons\u00e1vel, comprovante de resid\u00eancia em Morretes e comprovante de renda familiar. Caso o respons\u00e1vel esteja inscrito no Cadastro \u00danico para Programas Sociais do Governo Federal (Cad\u00danico), \u00e9 necess\u00e1rio apresentar tamb\u00e9m o comprovante do cadastro.<\/p>\n\n\n\n<p>A vaga somente ser\u00e1 garantida mediante a apresenta\u00e7\u00e3o de toda a documenta\u00e7\u00e3o no momento do agendamento.<\/p>\n\n\n\n<p>A Secretaria Municipal de Meio Ambiente e Urbanismo refor\u00e7a que a castra\u00e7\u00e3o \u00e9 uma medida fundamental para o bem-estar animal, preven\u00e7\u00e3o de doen\u00e7as e redu\u00e7\u00e3o do abandono, al\u00e9m de ser um ato de responsabilidade coletiva.<\/p>\n\n\n\n<p>Mais informa\u00e7\u00f5es podem ser obtidas pelos canais oficiais da Prefeitura de Morretes.<\/p>\n\n\n\n<p>Prefeitura de Morretes<\/p>\n","protected":false},"excerpt":{"rendered":"<p>A Prefeitura Municipal de Morretes, por meio da Secretaria Municipal de Meio Ambiente e Urbanismo, informa que est\u00e3o abertas as inscri\u00e7\u00f5es para o Programa Municipal de Castra\u00e7\u00e3o de C\u00e3es e Gatos. A iniciativa tem como objetivo promover a sa\u00fade animal e o controle populacional no munic\u00edpio. O programa oferece 40 vagas mensais para castra\u00e7\u00e3o gratuita, [&hellip;]<\/p>\n","protected":false},"author":2,"featured_media":69005,"comment_status":"open","ping_status":"open","sticky":false,"template":"","format":"standard","meta":{"advanced_seo_description":"","jetpack_seo_html_title":"","jetpack_seo_noindex":false,"_jetpack_memberships_contains_paid_content":false,"footnotes":""},"categories":[125],"tags":[],"class_list":{"0":"post-69004","1":"post","2":"type-post","3":"status-publish","4":"format-standard","5":"has-post-thumbnail","7":"category-morretes"},"jetpack_featured_media_url":"https:\/\/www.paranapraia.com.br\/wp-content\/uploads\/2025\/06\/WhatsApp-Image-2025-06-19-at-10.36.50.jpeg","jetpack_sharing_enabled":true,"_links":{"self":[{"href":"https:\/\/www.paranapraia.com.br\/index.php\/wp-json\/wp\/v2\/posts\/69004"}],"collection":[{"href":"https:\/\/www.paranapraia.com.br\/index.php\/wp-json\/wp\/v2\/posts"}],"about":[{"href":"https:\/\/www.paranapraia.com.br\/index.php\/wp-json\/wp\/v2\/types\/post"}],"author":[{"embeddable":true,"href":"https:\/\/www.paranapraia.com.br\/index.php\/wp-json\/wp\/v2\/users\/2"}],"replies":[{"embeddable":true,"href":"https:\/\/www.paranapraia.com.br\/index.php\/wp-json\/wp\/v2\/comments?post=69004"}],"version-history":[{"count":1,"href":"https:\/\/www.paranapraia.com.br\/index.php\/wp-json\/wp\/v2\/posts\/69004\/revisions"}],"predecessor-version":[{"id":69006,"href":"https:\/\/www.paranapraia.com.br\/index.php\/wp-json\/wp\/v2\/posts\/69004\/revisions\/69006"}],"wp:featuredmedia":[{"embeddable":true,"href":"https:\/\/www.paranapraia.com.br\/index.php\/wp-json\/wp\/v2\/media\/69005"}],"wp:attachment":[{"href":"https:\/\/www.paranapraia.com.br\/index.php\/wp-json\/wp\/v2\/media?parent=69004"}],"wp:term":[{"taxonomy":"category","embeddable":true,"href":"https:\/\/www.paranapraia.com.br\/index.php\/wp-json\/wp\/v2\/categories?post=69004"},{"taxonomy":"post_tag","embeddable":true,"href":"https:\/\/www.paranapraia.com.br\/index.php\/wp-json\/wp\/v2\/tags?post=69004"}],"curies":[{"name":"wp","href":"https:\/\/api.w.org\/{rel}","templated":true}]}}