{"id":68998,"date":"2025-06-19T10:28:38","date_gmt":"2025-06-19T13:28:38","guid":{"rendered":"https:\/\/www.paranapraia.com.br\/?p=68998"},"modified":"2025-06-19T10:29:29","modified_gmt":"2025-06-19T13:29:29","slug":"investimento-de-r-704-milhoes-parana-inicia-contratacao-da-melhor-cobertura-meteorologica-do-pais","status":"publish","type":"post","link":"https:\/\/www.paranapraia.com.br\/index.php\/2025\/06\/19\/investimento-de-r-704-milhoes-parana-inicia-contratacao-da-melhor-cobertura-meteorologica-do-pais\/","title":{"rendered":"Investimento de R$ 70,4 milh\u00f5es: Paran\u00e1 inicia contrata\u00e7\u00e3o da melhor cobertura meteorol\u00f3gica do Pa\u00eds"},"content":{"rendered":"\n<p>O governador Carlos Massa Ratinho Junior autorizou nesta quarta-feira (18), em Jandaia do Sul, no Vale do Iva\u00ed, a abertura do processo licitat\u00f3rio para a implanta\u00e7\u00e3o do projeto Monitora Paran\u00e1. A iniciativa prev\u00ea a aquisi\u00e7\u00e3o de tr\u00eas novos radares meteorol\u00f3gicos de \u00faltima gera\u00e7\u00e3o, com investimento de R$ 70,4 milh\u00f5es, fazendo com que o Paran\u00e1 tenha a melhor e mais completa cobertura meteorol\u00f3gica do Brasil.<\/p>\n\n\n\n<p>Os equipamentos ser\u00e3o do tipo Doppler com polariza\u00e7\u00e3o dupla, que representam o que h\u00e1 de mais moderno em tecnologia meteorol\u00f3gica em todo o mundo. \u201c\u00c9 um grande investimento para nos ajudar no enfrentamento a eventos clim\u00e1ticos e no planejamento da agricultura. Teremos os equipamentos mais modernos do mundo aqui, com os mesmos radares que s\u00e3o usados no Jap\u00e3o, Estados Unidos ou Reino Unido. Isso consolida o Paran\u00e1 como uma refer\u00eancia no uso da tecnologia para dar mais qualidade de vida e seguran\u00e7a aos seus cidad\u00e3os\u201d, disse Ratinho Junior.<\/p>\n\n\n\n<p>O processo, conduzido pelo Sistema de Tecnologia e Monitoramento Ambiental do Paran\u00e1 (Simepar) e Instituto \u00c1gua e Terra (IAT), \u00f3rg\u00e3os vinculados \u00e0 Secretaria de Estado do Desenvolvimento Sustent\u00e1vel (Sedest), est\u00e1 estruturado em tr\u00eas lotes, cada um voltado \u00e0 aquisi\u00e7\u00e3o de um tipo espec\u00edfico de radar, pensado para atender \u00e0s diferentes realidades regionais do Paran\u00e1.<\/p>\n\n\n\n<p>O recurso utilizado \u00e9 proveniente da indeniza\u00e7\u00e3o da Petrobras em raz\u00e3o de um derramamento de \u00f3leo causado pela empresa no Rio Igua\u00e7u, em Arauc\u00e1ria, na Regi\u00e3o Metropolitana de Curitiba (RMC), em julho de 2000.<\/p>\n\n\n\n<p>Atualmente, o sistema de monitoramento do Simepar conta com um radar de banda X em Curitiba e dois radares de banda S, localizados em Teixeira Soares e Cascavel, com alcance de at\u00e9 480 quil\u00f4metros. A nova etapa prev\u00ea a instala\u00e7\u00e3o de tr\u00eas novos equipamentos: um radar de banda X em Pontal do Paran\u00e1, no Litoral; um de banda C, em Campo Magro, na RMC; e outro de banda S, em Jandaia do Sul, previsto para ser instalado na futura sede da Universidade Federal do Paran\u00e1 (UFPR), que teve a\u00a0ordem de servi\u00e7o para in\u00edcio dos trabalhos assinada tamb\u00e9m nesta quarta-feira (18).<\/p>\n\n\n\n<p>\u201cS\u00e3o radares de tr\u00eas bandas diferentes, para que o modelo meteorol\u00f3gico paranaense fique completo e para que nenhuma f\u00faria da natureza passe despercebida. Vamos monitorar todo o Paran\u00e1, protegendo nossos moradores e alertando nossos agricultores\u201d, afirmou o secret\u00e1rio de Estado do Desenvolvimento Sustent\u00e1vel, Rafael Greca.<\/p>\n\n\n\n<p>O monitoramento dos equipamentos ser\u00e1 sobreposto, o que vai auxiliar os meteorologistas a cobrir \u201cpontos cegos\u201d que apareciam nos mapas \u2013 obstru\u00e7\u00f5es f\u00edsicas como, por exemplo, as montanhas da Serra do Mar.<\/p>\n\n\n\n<p>Essa estrutura estar\u00e1 integrada \u00e0 Rede de Preven\u00e7\u00e3o de Acidentes Meteorol\u00f3gicos e Hidrol\u00f3gicos (REPAMH) e ao Sistema Integrado de Gest\u00e3o de Riscos (SIGRisco), ampliando significativamente a capacidade do Simepar de prever, alertar e responder a eventos extremos.<\/p>\n\n\n\n<p>\u201cCom as mudan\u00e7as clim\u00e1ticas, \u00e9 cada vez mais importante ter sistemas confi\u00e1veis e precisos para ter maior previsibilidade. Com isso, teremos a\u00e7\u00f5es mais seguras e assertivas para preven\u00e7\u00e3o a eventos cr\u00edticos, como chuvas torrenciais, estiagens prolongadas ou inc\u00eandios florestais\u201d, afirmou o diretor-presidente do IAT, Everton Souza.<\/p>\n\n\n\n<p><strong>TECNOLOGIA<\/strong>&nbsp;\u2013 Cada tecnologia de radar apresenta caracter\u00edsticas espec\u00edficas que far\u00e3o com que o Paran\u00e1 tenha a melhor cobertura meteorol\u00f3gica do Pa\u00eds. O radar de banda S, que ser\u00e1 instalado em Jandaia do Sul, oferece o maior alcance de monitoramento, podendo detectar fen\u00f4menos meteorol\u00f3gicos a dist\u00e2ncias de at\u00e9 400 quil\u00f4metros.<\/p>\n\n\n\n<p>Pela cidade, passam sistemas de tempestades severas que se formam no Paraguai e v\u00eam para o Norte do Estado causando inunda\u00e7\u00f5es, deslizamentos ou ventos muito fortes associados a granizo. O radar de banda S, que ser\u00e1 instalado no munic\u00edpio, apresenta excelente resist\u00eancia a condi\u00e7\u00f5es meteorol\u00f3gicas adversas, operando com precis\u00e3o mesmo durante chuvas intensas, o que \u00e9 fundamental para o monitoramento de eventos clim\u00e1ticos extremos.<\/p>\n\n\n\n<p>O radar de banda C, previsto para Campo Magro, opera com uma tecnologia equilibrada entre alcance e resolu\u00e7\u00e3o. Com capacidade de monitoramento em dist\u00e2ncias intermedi\u00e1rias de 50 a 200 quil\u00f4metros, esta tecnologia \u00e9 especialmente adequada para acompanhar fen\u00f4menos meteorol\u00f3gicos regionais e oferece menor interfer\u00eancia causada por chuvas intensas em compara\u00e7\u00e3o aos radares de frequ\u00eancias mais altas.<\/p>\n\n\n\n<p>J\u00e1 o radar de banda X, que ser\u00e1 instalado em Pontal do Paran\u00e1, no Litoral, destaca-se pela alta resolu\u00e7\u00e3o de imagens, permitindo a detec\u00e7\u00e3o precisa de fen\u00f4menos meteorol\u00f3gicos em pequena escala. Esta tecnologia \u00e9 capaz de identificar part\u00edculas pequenas e oferece imagens com resolu\u00e7\u00e3o superior, sendo fundamental para o monitoramento detalhado das condi\u00e7\u00f5es meteorol\u00f3gicas na regi\u00e3o litor\u00e2nea.<\/p>\n\n\n\n<p>\u201cCom essa expans\u00e3o, passaremos a contar com uma rede h\u00edbrida de radares que alia longo alcance, cobertura intermedi\u00e1ria e alta resolu\u00e7\u00e3o. Essa configura\u00e7\u00e3o atende com precis\u00e3o \u00e0s particularidades clim\u00e1ticas do Paran\u00e1, como as chuvas intensas no Litoral e os epis\u00f3dios de granizo no Norte do Estado\u201d, destacou o diretor-presidente do Simepar, Paulo de Tarso.<\/p>\n\n\n\n<p><strong>CRIT\u00c9RIOS T\u00c9CNICOS<\/strong>&nbsp;\u2013 Para participar da licita\u00e7\u00e3o do projeto, as empresas concorrentes precisar\u00e3o seguir crit\u00e9rios t\u00e9cnicos na qualidade dos equipamentos ofertados e na instala\u00e7\u00e3o. Para cada radar ser\u00e1 necess\u00e1ria a constru\u00e7\u00e3o de uma torre acima de 30 metros, em local sem obst\u00e1culos e sem interfer\u00eancias, e a antena do radar precisar\u00e1 ser protegida por uma redoma.<\/p>\n\n\n\n<p><strong>IRRIGA\u00c7\u00c3O<\/strong>&nbsp;\u2013 Uma das principais aplica\u00e7\u00f5es pr\u00e1ticas das antenas ser\u00e1 na programa\u00e7\u00e3o dos produtores agr\u00edcolas em \u00e1reas que sofrem com longos per\u00edodos sem chuvas e que demandam irriga\u00e7\u00e3o. Com mais previsibilidade, o uso de recursos poder\u00e1 ser mais preciso e a produ\u00e7\u00e3o, mais eficiente.<\/p>\n\n\n\n<p>A ideia \u00e9 que as informa\u00e7\u00f5es meteorol\u00f3gicas do Monitora Paran\u00e1 sejam usadas conjuntamente com as a\u00e7\u00f5es do Programa Estadual de Irriga\u00e7\u00e3o, que tem como objetivo aumentar em 20% a \u00e1rea irrigada no Estado.<\/p>\n\n\n\n<p>\u201cO Vale do Iva\u00ed e a regi\u00e3o Noroeste do Estado, por exemplo, t\u00eam longos per\u00edodos sem chuva. Este radar aqui de Jandaia do Sul vai ajudar na programa\u00e7\u00e3o precisa de chuvas, para que o agricultor saiba quando vai ter \u00e1gua de chuva ou quando vai precisar usar \u00e1gua de irriga\u00e7\u00e3o\u201d, disse o diretor-presidente do IAT, Everton Souza.<\/p>\n\n\n\n<p><strong>INDENIZA\u00c7\u00c3O<\/strong>&nbsp;\u2013 A indeniza\u00e7\u00e3o da Petrobras \u00e9 referente \u00e0 A\u00e7\u00e3o Civil P\u00fablica (ACP) de compensa\u00e7\u00e3o dos danos morais coletivos e difusos em raz\u00e3o do vazamento de petr\u00f3leo da Refinaria Presidente Get\u00falio Vargas (Repar), em Arauc\u00e1ria, na RMC, ocorrido em julho de 2000.<\/p>\n\n\n\n<p>Na \u00e9poca, houve o vazamento de cerca de 4 milh\u00f5es de litros de petr\u00f3leo de uma v\u00e1lvula do oleoduto que transportava o combust\u00edvel f\u00f3ssil do porto de S\u00e3o Francisco, em Santa Catarina, at\u00e9 a Refinaria Presidente Get\u00falio Vargas, em Arauc\u00e1ria. Os impactos do acidente alcan\u00e7aram 40 quil\u00f4metros de extens\u00e3o do Rio Igua\u00e7u, al\u00e9m de contaminar aproximadamente 140 hectares de solo, o que trouxe s\u00e9rios preju\u00edzos \u00e0 fauna e \u00e0 flora da regi\u00e3o do Alto Igua\u00e7u.<\/p>\n\n\n\n<p>Os recursos ser\u00e3o aplicados pelo Governo do Paran\u00e1 em a\u00e7\u00f5es de conserva\u00e7\u00e3o, prote\u00e7\u00e3o e recupera\u00e7\u00e3o de \u00e1reas de prote\u00e7\u00e3o ambiental, como encostas, rios e mananciais. Parte do valor tamb\u00e9m poder\u00e1 ser utilizada para a\u00e7\u00f5es que visem a redu\u00e7\u00e3o da gera\u00e7\u00e3o de res\u00edduos s\u00f3lidos, a implanta\u00e7\u00e3o e fiscaliza\u00e7\u00e3o de parques p\u00fablicos, viveiros florestais e centros de triagem de animais silvestres e iniciativas de educa\u00e7\u00e3o ambiental.<\/p>\n\n\n\n<p>O acordo prev\u00ea que 5% do valor sejam utilizados para projetos que venham ser apresentados por Arauc\u00e1ria, \u00e1rea mais afetada pelo desastre, bem como outros 5% para programas que beneficiem a bacia hidrogr\u00e1fica do Alto Igua\u00e7u, que envolve \u00e1reas nos munic\u00edpios de Curitiba, Fazenda Rio Grande, Pinhais, Piraquara, S\u00e3o Jos\u00e9 dos Pinhais e outros.<\/p>\n\n\n\n<p>O restante ser\u00e1 dividido em a\u00e7\u00f5es voltadas para as Unidades de Conserva\u00e7\u00e3o estaduais e federais e projetos oriundos do Fundo Estadual do Meio Ambiente (Fema), criado por meio da Lei Estadual 12.945\/2000. Essa lei tem a finalidade de concentrar recursos para financiamento de planos, programas e projetos sobre o controle, a preserva\u00e7\u00e3o, a conserva\u00e7\u00e3o e a recupera\u00e7\u00e3o do meio ambiente, com verbas do Estado, Uni\u00e3o e munic\u00edpios, al\u00e9m de multas e decis\u00f5es judiciais por infra\u00e7\u00f5es ambientais, como no caso da a\u00e7\u00e3o envolvendo a Petrobras.<\/p>\n\n\n\n<p>Al\u00e9m do Monitora Paran\u00e1, a Justi\u00e7a Federal j\u00e1 autorizou o Paran\u00e1 a executar R$ 586 milh\u00f5es para financiar projetos de repara\u00e7\u00e3o ambiental no Estado com recursos da indeniza\u00e7\u00e3o do incidente no Rio Igua\u00e7u.<\/p>\n\n\n\n<p>A libera\u00e7\u00e3o para uso imediato de parte da verba \u00e9 resultado de diversas reuni\u00f5es que envolveram o Governo do Paran\u00e1 e os Minist\u00e9rios P\u00fablicos Estadual e Federal. O valor total da verba compensat\u00f3ria depositada em ju\u00edzo pela Petrobras, com juros e corre\u00e7\u00f5es, \u00e9 de aproximadamente R$ 1,2 bilh\u00e3o.<\/p>\n\n\n\n<p><strong>HIST\u00d3RICO<\/strong>&nbsp;\u2013 Ap\u00f3s duas d\u00e9cadas tramitando no Judici\u00e1rio, o acordo para o pagamento da indeniza\u00e7\u00e3o por parte da Petrobras foi celebrado em 2021. Por\u00e9m, atendendo \u00e0 A\u00e7\u00e3o Civil P\u00fablica (ACP) promovida pelo Minist\u00e9rio P\u00fablico do Estado do Paran\u00e1, a Justi\u00e7a Federal suspendeu, em mar\u00e7o de 2022, o repasse dos valores.<\/p>\n\n\n\n<p>A decis\u00e3o original previa o repasse de R$ 930 milh\u00f5es do Fema para aplica\u00e7\u00e3o em a\u00e7\u00f5es ambientais no Paran\u00e1. Parte deste montante, na ordem de R$ 105 milh\u00f5es, havia sido liberada antes da suspens\u00e3o e foi aplicada pelo IAT na compra de caminh\u00f5es para ajudar os munic\u00edpios no abastecimento de \u00e1gua, combate a inc\u00eandios, limpeza de cal\u00e7adas e na gest\u00e3o de res\u00edduos s\u00f3lidos.<\/p>\n\n\n\n<p>Al\u00e9m dos valores financeiros, a Petrobras se comprometeu a remediar os danos causados e tomar medidas para evitar novos desastres ambientais.<\/p>\n\n\n\n<p><strong>PRESEN\u00c7AS<\/strong>&nbsp;\u2013 Tamb\u00e9m acompanharam o evento os secret\u00e1rios estaduais Jo\u00e3o Carlos Ortega (Casa Civil), Guto Silva (Cidades), M\u00e1rcio Nunes (Agricultura e Abastecimento), Beto Preto (Sa\u00fade), Sandro Alex (Infraestrutura e Log\u00edstica) e Alex Canziani (Inova\u00e7\u00e3o e Intelig\u00eancia Artificial), al\u00e9m do chefe da Casa Militar, coronel Marcos Tordoro; o presidente da Assembleia Legislativa do Paran\u00e1, deputado estadual Alexandre Curi; a deputada federal Lu\u00edsa Canziani; os deputados estaduais Anibelli Neto, Adriano Jos\u00e9 e Pedro Paulo Bazana; o prefeito de Jandaia do Sul, Benedito Jos\u00e9 Pupio (Dit\u00e3o); o reitor da Universidade Federal do Paran\u00e1, Marcos Sunye; e o subchefe da Casa Civil, L\u00facio Tasso.<\/p>\n\n\n\n<p>AEN\/PR<\/p>\n","protected":false},"excerpt":{"rendered":"<p>O governador Carlos Massa Ratinho Junior autorizou nesta quarta-feira (18), em Jandaia do Sul, no Vale do Iva\u00ed, a abertura do processo licitat\u00f3rio para a implanta\u00e7\u00e3o do projeto Monitora Paran\u00e1. A iniciativa prev\u00ea a aquisi\u00e7\u00e3o de tr\u00eas novos radares meteorol\u00f3gicos de \u00faltima gera\u00e7\u00e3o, com investimento de R$ 70,4 milh\u00f5es, fazendo com que o Paran\u00e1 tenha [&hellip;]<\/p>\n","protected":false},"author":2,"featured_media":68999,"comment_status":"open","ping_status":"open","sticky":false,"template":"","format":"standard","meta":{"advanced_seo_description":"","jetpack_seo_html_title":"","jetpack_seo_noindex":false,"_jetpack_memberships_contains_paid_content":false,"footnotes":""},"categories":[40],"tags":[],"class_list":{"0":"post-68998","1":"post","2":"type-post","3":"status-publish","4":"format-standard","5":"has-post-thumbnail","7":"category-destaques"},"jetpack_featured_media_url":"https:\/\/www.paranapraia.com.br\/wp-content\/uploads\/2025\/06\/whatsapp_image_2025-06-18_at_16.33.25-scaled.jpg","jetpack_sharing_enabled":true,"_links":{"self":[{"href":"https:\/\/www.paranapraia.com.br\/index.php\/wp-json\/wp\/v2\/posts\/68998"}],"collection":[{"href":"https:\/\/www.paranapraia.com.br\/index.php\/wp-json\/wp\/v2\/posts"}],"about":[{"href":"https:\/\/www.paranapraia.com.br\/index.php\/wp-json\/wp\/v2\/types\/post"}],"author":[{"embeddable":true,"href":"https:\/\/www.paranapraia.com.br\/index.php\/wp-json\/wp\/v2\/users\/2"}],"replies":[{"embeddable":true,"href":"https:\/\/www.paranapraia.com.br\/index.php\/wp-json\/wp\/v2\/comments?post=68998"}],"version-history":[{"count":1,"href":"https:\/\/www.paranapraia.com.br\/index.php\/wp-json\/wp\/v2\/posts\/68998\/revisions"}],"predecessor-version":[{"id":69000,"href":"https:\/\/www.paranapraia.com.br\/index.php\/wp-json\/wp\/v2\/posts\/68998\/revisions\/69000"}],"wp:featuredmedia":[{"embeddable":true,"href":"https:\/\/www.paranapraia.com.br\/index.php\/wp-json\/wp\/v2\/media\/68999"}],"wp:attachment":[{"href":"https:\/\/www.paranapraia.com.br\/index.php\/wp-json\/wp\/v2\/media?parent=68998"}],"wp:term":[{"taxonomy":"category","embeddable":true,"href":"https:\/\/www.paranapraia.com.br\/index.php\/wp-json\/wp\/v2\/categories?post=68998"},{"taxonomy":"post_tag","embeddable":true,"href":"https:\/\/www.paranapraia.com.br\/index.php\/wp-json\/wp\/v2\/tags?post=68998"}],"curies":[{"name":"wp","href":"https:\/\/api.w.org\/{rel}","templated":true}]}}