{"id":68981,"date":"2025-06-18T17:49:48","date_gmt":"2025-06-18T20:49:48","guid":{"rendered":"https:\/\/www.paranapraia.com.br\/?p=68981"},"modified":"2025-06-18T17:49:51","modified_gmt":"2025-06-18T20:49:51","slug":"saude-confirma-1-397-novos-casos-e-85-obitos-por-sindrome-respiratoria-aguda-grave","status":"publish","type":"post","link":"https:\/\/www.paranapraia.com.br\/index.php\/2025\/06\/18\/saude-confirma-1-397-novos-casos-e-85-obitos-por-sindrome-respiratoria-aguda-grave\/","title":{"rendered":"Sa\u00fade confirma 1.397 novos casos e 85 \u00f3bitos por S\u00edndrome Respirat\u00f3ria Aguda Grave"},"content":{"rendered":"\n<p>A Secretaria de Estado da Sa\u00fade (Sesa) divulgou nesta quarta-feira (18) o novo Informe Epidemiol\u00f3gico com dados atualizados sobre os v\u00edrus respirat\u00f3rios que circulam no Paran\u00e1. O boletim apresenta um panorama geral da situa\u00e7\u00e3o no Estado, com o objetivo de refor\u00e7ar a vigil\u00e2ncia e o monitoramento da S\u00edndrome Gripal (SG) e da S\u00edndrome Respirat\u00f3ria Aguda Grave (Srag).<\/p>\n\n\n\n<p>O informe desta semana mostra um aumento de 1.397 novos casos de Srag (12%) e 85 \u00f3bitos (14%) em compara\u00e7\u00e3o ao informe anterior, que registrava 12.011 casos e 598 mortes.<\/p>\n\n\n\n<p>As informa\u00e7\u00f5es s\u00e3o referentes a pessoas que apresentaram sintomas entre 29 de dezembro de 2024 e 14 de junho de 2025. Nesse intervalo, foram registrados 13.408 casos de Srag com hospitaliza\u00e7\u00e3o e 683 \u00f3bitos por s\u00edndromes respirat\u00f3rias graves. Entre os casos confirmados, 1.751 foram por Influenza, 567 por Covid-19, 3.400 por outros v\u00edrus respirat\u00f3rios, 5.327 como Srag n\u00e3o especificada, 58 por outros agentes etiol\u00f3gicos e 2.305 ainda est\u00e3o em investiga\u00e7\u00e3o.<\/p>\n\n\n\n<p>Entre os 683 \u00f3bitos, 165 (24,2%) foram confirmados para Influenza, 82 (12%) para Covid-19, 69 (10%) para outros v\u00edrus respirat\u00f3rios, 15 (2%) para outros agentes etiol\u00f3gicos, e 344 (50%) foram registrados como SRAG n\u00e3o especificada. Outras oito mortes seguem em investiga\u00e7\u00e3o. Tamb\u00e9m foram notificadas 320 mortes por outras causas, que n\u00e3o se enquadram nos crit\u00e9rios de SRAG.<\/p>\n\n\n\n<p>Em rela\u00e7\u00e3o \u00e0s s\u00edndromes gripais, que t\u00eam monitoramento por amostragem, foram registrados 1.483 casos.<\/p>\n\n\n\n<p><strong>MAIS ATINGIDOS<\/strong>&nbsp;\u2013&nbsp;A faixa et\u00e1ria mais afetada \u00e9 a de crian\u00e7as menores de seis anos, seguida pelos idosos. Do total de notifica\u00e7\u00f5es de SRAG por v\u00edrus respirat\u00f3rios, 5.180 casos e 300 \u00f3bitos apresentavam algum fator de risco identificado.<\/p>\n\n\n\n<p>Com rela\u00e7\u00e3o \u00e0 vacina\u00e7\u00e3o, os dados mostram que 3.863 pessoas (87%) com fatores de risco internados por Srag por v\u00edrus respirat\u00f3rios n\u00e3o haviam tomado a vacina contra a gripe. Entre os que morreram, 249 (84%) tamb\u00e9m n\u00e3o estavam vacinados.<\/p>\n\n\n\n<p><strong>SINTOMAS<\/strong>&nbsp;\u2013&nbsp;Entre os principais sintomas das SRAGs est\u00e3o febre, calafrios, dor de garganta, dor de cabe\u00e7a, tosse, coriza, altera\u00e7\u00f5es no olfato ou paladar, falta de ar ou desconforto respirat\u00f3rio, dor ou press\u00e3o persistente no t\u00f3rax, satura\u00e7\u00e3o de oxig\u00eanio abaixo de 95% em ar ambiente e colora\u00e7\u00e3o azulada (cianose) dos l\u00e1bios ou do rosto.<\/p>\n\n\n\n<p>Esses sintomas s\u00e3o caracter\u00edsticos das s\u00edndromes gripais que evolu\u00edram para quadros graves. Os principais causadores desse cen\u00e1rio s\u00e3o os v\u00edrus Influenza, SARS-CoV-2 (Covid-19), v\u00edrus sincicial respirat\u00f3rio (VSR) e rinov\u00edrus, que continuam predominantes no Estado.<\/p>\n\n\n\n<p><strong>Confira&nbsp;<a href=\"https:\/\/www.saude.pr.gov.br\/Pagina\/Influenza-Gripe\" target=\"_blank\" rel=\"noreferrer noopener\">AQUI<\/a>&nbsp;o Informe epidemiol\u00f3gico.<\/strong><\/p>\n\n\n\n<p>AEN\/PR<\/p>\n","protected":false},"excerpt":{"rendered":"<p>A Secretaria de Estado da Sa\u00fade (Sesa) divulgou nesta quarta-feira (18) o novo Informe Epidemiol\u00f3gico com dados atualizados sobre os v\u00edrus respirat\u00f3rios que circulam no Paran\u00e1. O boletim apresenta um panorama geral da situa\u00e7\u00e3o no Estado, com o objetivo de refor\u00e7ar a vigil\u00e2ncia e o monitoramento da S\u00edndrome Gripal (SG) e da S\u00edndrome Respirat\u00f3ria Aguda [&hellip;]<\/p>\n","protected":false},"author":2,"featured_media":68982,"comment_status":"open","ping_status":"open","sticky":false,"template":"","format":"standard","meta":{"advanced_seo_description":"","jetpack_seo_html_title":"","jetpack_seo_noindex":false,"_jetpack_memberships_contains_paid_content":false,"footnotes":""},"categories":[50],"tags":[],"class_list":{"0":"post-68981","1":"post","2":"type-post","3":"status-publish","4":"format-standard","5":"has-post-thumbnail","7":"category-saude"},"jetpack_featured_media_url":"https:\/\/www.paranapraia.com.br\/wp-content\/uploads\/2025\/06\/boletimgripe2025-scaled.jpg","jetpack_sharing_enabled":true,"_links":{"self":[{"href":"https:\/\/www.paranapraia.com.br\/index.php\/wp-json\/wp\/v2\/posts\/68981"}],"collection":[{"href":"https:\/\/www.paranapraia.com.br\/index.php\/wp-json\/wp\/v2\/posts"}],"about":[{"href":"https:\/\/www.paranapraia.com.br\/index.php\/wp-json\/wp\/v2\/types\/post"}],"author":[{"embeddable":true,"href":"https:\/\/www.paranapraia.com.br\/index.php\/wp-json\/wp\/v2\/users\/2"}],"replies":[{"embeddable":true,"href":"https:\/\/www.paranapraia.com.br\/index.php\/wp-json\/wp\/v2\/comments?post=68981"}],"version-history":[{"count":1,"href":"https:\/\/www.paranapraia.com.br\/index.php\/wp-json\/wp\/v2\/posts\/68981\/revisions"}],"predecessor-version":[{"id":68983,"href":"https:\/\/www.paranapraia.com.br\/index.php\/wp-json\/wp\/v2\/posts\/68981\/revisions\/68983"}],"wp:featuredmedia":[{"embeddable":true,"href":"https:\/\/www.paranapraia.com.br\/index.php\/wp-json\/wp\/v2\/media\/68982"}],"wp:attachment":[{"href":"https:\/\/www.paranapraia.com.br\/index.php\/wp-json\/wp\/v2\/media?parent=68981"}],"wp:term":[{"taxonomy":"category","embeddable":true,"href":"https:\/\/www.paranapraia.com.br\/index.php\/wp-json\/wp\/v2\/categories?post=68981"},{"taxonomy":"post_tag","embeddable":true,"href":"https:\/\/www.paranapraia.com.br\/index.php\/wp-json\/wp\/v2\/tags?post=68981"}],"curies":[{"name":"wp","href":"https:\/\/api.w.org\/{rel}","templated":true}]}}