{"id":68978,"date":"2025-06-18T17:47:39","date_gmt":"2025-06-18T20:47:39","guid":{"rendered":"https:\/\/www.paranapraia.com.br\/?p=68978"},"modified":"2025-06-18T17:47:42","modified_gmt":"2025-06-18T20:47:42","slug":"inverno-comeca-nesta-sexta-feira-e-tera-temperaturas-mais-baixas-que-em-2024","status":"publish","type":"post","link":"https:\/\/www.paranapraia.com.br\/index.php\/2025\/06\/18\/inverno-comeca-nesta-sexta-feira-e-tera-temperaturas-mais-baixas-que-em-2024\/","title":{"rendered":"Inverno come\u00e7a nesta sexta-feira e ter\u00e1 temperaturas mais baixas que em 2024"},"content":{"rendered":"\n<p>O inverno chega \u00e0s 23h42 desta sexta-feira, 20 de junho. A esta\u00e7\u00e3o \u00e9 marcada por menos chuva, temperaturas mais baixas, maior probabilidade de forma\u00e7\u00e3o de geadas e a perman\u00eancia dos nevoeiros, que j\u00e1 tiveram presen\u00e7a durante boa parte do outono em quase todas as regi\u00f5es paranaenses. A previs\u00e3o do Sistema de Tecnologia e Monitoramento Ambiental do Paran\u00e1 (Simepar) \u00e9 que o inverno de 2025 no Estado tenha temperaturas mais baixas do que o inverno de 2024, por\u00e9m levemente mais altas do que a m\u00e9dia hist\u00f3rica. A chuva tamb\u00e9m deve ser dentro da m\u00e9dia.<\/p>\n\n\n\n<p>\u201cNo inverno a distribui\u00e7\u00e3o espacial da chuva segue a trajet\u00f3ria t\u00edpica das passagens de sistemas frontais, principalmente das frentes frias\u201d, explica Reinaldo Kneib, meteorologista do Simepar. \u201cJulho e agosto s\u00e3o os meses mais secos do ano no Paran\u00e1 e a partir de setembro, principalmente a partir da segunda quinzena, as chuvas come\u00e7am a aumentar, com o desenvolvimento de \u00e1reas de instabilidade associadas ao aquecimento mais acentuado da atmosfera, entre o Centro-Oeste brasileiro e o Paraguai\u201d, informa.<\/p>\n\n\n\n<p><strong>GEADAS<\/strong>&nbsp;\u2013 Com o ingresso de massas de ar frio e seco no Estado, de forma mais frequente depois da passagem de frentes frias, a esta\u00e7\u00e3o se torna a mais fria do ano. \u201cAs massas de ar ocasionam quedas acentuadas nas temperaturas num intervalo de 24 e 48 horas. Com o frio mais intenso associado a massas de ar de origem polar, a forma\u00e7\u00e3o de geadas em boa parte do Estado \u00e9 favorecida, sendo menor a probabilidade na regi\u00e3o Norte\u201d, detalha Kneib.<\/p>\n\n\n\n<p>As regi\u00f5es com maior possibilidade de forma\u00e7\u00e3o de geada s\u00e3o as mais altas do Paran\u00e1: Sul, Centro-Sul, Centro, Campos Gerais e sul da Regi\u00e3o Metropolitana de Curitiba. A popula\u00e7\u00e3o pode ter informa\u00e7\u00e3o da previs\u00e3o de geadas com anteced\u00eancia de 24h, 48h e 72h por meio do servi\u00e7o Alerta Geada, desenvolvido pelo IDR-Paran\u00e1 e Simepar desde 1995. O mapa do Alerta Geada fica na p\u00e1gina inicial do&nbsp;<a href=\"https:\/\/www.simepar.br\/\" target=\"_blank\" rel=\"noreferrer noopener\"><strong>site do Simepar<\/strong><\/a>.<\/p>\n\n\n\n<p>Al\u00e9m das geadas, outro fen\u00f4meno t\u00edpico da esta\u00e7\u00e3o s\u00e3o os nevoeiros, que continuar\u00e3o frequentes entre a madrugada e in\u00edcio da manh\u00e3. N\u00e3o h\u00e1 previs\u00e3o de nenhum fen\u00f4meno fora do previsto para a esta\u00e7\u00e3o em 2025 -\u2013 por este motivo a m\u00e9dia de chuvas deve ser dentro do padr\u00e3o.&nbsp;<\/p>\n\n\n\n<p>\u201cJ\u00e1 as temperaturas ser\u00e3o mais baixas do que o inverno de 2024, pois ano passado ocorreram bloqueios atmosf\u00e9ricos mais intensos que mantiveram as temperaturas mais altas do que o padr\u00e3o. Em 2025, o inverno dever\u00e1 ter temperaturas levemente acima da m\u00e9dia hist\u00f3rica\u201d, ressalta Kneib.<\/p>\n\n\n\n<p><strong>M\u00c9DIAS HIST\u00d3RICAS<\/strong>&nbsp;\u2013 Em julho a regi\u00e3o onde mais chove historicamente \u00e9 o Litoral, com precipita\u00e7\u00e3o acumulada entre 54 mm e 178 mm. As chuvas s\u00e3o mais fracas em julho no Norte, onde os acumulados ficam entre 32 mm e 75 mm, apenas. Com rela\u00e7\u00e3o \u00e0 temperatura, julho costuma ser mais quente no Norte, onde ficam entre 12\u00b0C e 24\u00b0C. Elas s\u00e3o mais baixas em julho no Sul do Paran\u00e1: entre 8\u00b0C e 19\u00b0C.<\/p>\n\n\n\n<p>Em agosto o maior volume de chuvas historicamente ocorre na regi\u00e3o Sul: entre 52 mm e 128 mm. O menor \u00e9 no Norte, entre 18 mm e 108 mm. As temperaturas mais altas de agosto historicamente s\u00e3o nas regi\u00f5es Norte e Oeste, entre 13\u00b0C e 26\u00b0C. As mais baixas no Sul, entre 8\u00b0C e 22\u00b0C, e na Regi\u00e3o Metropolitana de Curitiba, entre 10\u00b0C e 22\u00b0C.&nbsp;<\/p>\n\n\n\n<p>Em setembro a chuva aumenta. A m\u00e9dia \u00e9 de at\u00e9 201 mm na regi\u00e3o Sul. At\u00e9 no Norte, onde a chuva \u00e9 menos intensa durante o inverno, os acumulados aumentam em setembro: ficam entre 55 mm e 154 mm. A temperatura em setembro tamb\u00e9m come\u00e7a a ficar mais alta. No Norte e no Oeste fica entre 15\u00b0C e 28\u00b0C. No Sul, entre 11\u00b0C e 23\u00b0C, e na Regi\u00e3o Metropolitana de Curitiba entre 12\u00b0C e 23\u00b0C.<\/p>\n\n\n\n<p><strong>OUTONO&nbsp;<\/strong>\u2013&nbsp;O outono de 2025 teve chuvas abaixo da m\u00e9dia em praticamente todo o Paran\u00e1. A situa\u00e7\u00e3o foi mais cr\u00edtica no Oeste e Sudoeste, com destaque para os arredores de Cascavel, onde as chuvas ficaram cerca de 180 mm abaixo da m\u00e9dia hist\u00f3rica para o per\u00edodo, entre abril e junho. Uma pequena \u00e1rea no Centro-Sul, pr\u00f3ximo ao munic\u00edpio de Pinh\u00e3o, teve chuva 100 mm acima da m\u00e9dia no per\u00edodo. Perto de Paranava\u00ed foram levemente acima da m\u00e9dia.&nbsp;<\/p>\n\n\n\n<p>J\u00e1 a temperatura do outono de 2025 ficou dentro da m\u00e9dia na maior parte do Estado. Nenhuma \u00e1rea ficou abaixo da m\u00e9dia, mas algumas cidades tiveram temperaturas levemente acima da m\u00e9dia. O destaque \u00e9 o munic\u00edpio de C\u00e2ndido de Abreu, que teve temperaturas 2\u00b0C acima da m\u00e9dia para o per\u00edodo entre abril e junho de 2025.&nbsp;<\/p>\n\n\n\n<p>\u201cO outono de 2025 foi mais frio que o de 2024. No ano passado a chuva foi mais intensa do que neste ano, principalmente nas \u00e1reas de divisa com Santa Catarina, devido \u00e0 maior frequ\u00eancia de sistemas precipitantes nestas regi\u00f5es\u201d, afirma Kneib.<\/p>\n\n\n\n<p>AEN\/PR<\/p>\n","protected":false},"excerpt":{"rendered":"<p>O inverno chega \u00e0s 23h42 desta sexta-feira, 20 de junho. A esta\u00e7\u00e3o \u00e9 marcada por menos chuva, temperaturas mais baixas, maior probabilidade de forma\u00e7\u00e3o de geadas e a perman\u00eancia dos nevoeiros, que j\u00e1 tiveram presen\u00e7a durante boa parte do outono em quase todas as regi\u00f5es paranaenses. A previs\u00e3o do Sistema de Tecnologia e Monitoramento Ambiental [&hellip;]<\/p>\n","protected":false},"author":2,"featured_media":68979,"comment_status":"open","ping_status":"open","sticky":false,"template":"","format":"standard","meta":{"advanced_seo_description":"","jetpack_seo_html_title":"","jetpack_seo_noindex":false,"_jetpack_memberships_contains_paid_content":false,"footnotes":""},"categories":[84],"tags":[],"class_list":{"0":"post-68978","1":"post","2":"type-post","3":"status-publish","4":"format-standard","5":"has-post-thumbnail","7":"category-clima"},"jetpack_featured_media_url":"https:\/\/www.paranapraia.com.br\/wp-content\/uploads\/2025\/06\/roberto4_1-scaled.jpg","jetpack_sharing_enabled":true,"_links":{"self":[{"href":"https:\/\/www.paranapraia.com.br\/index.php\/wp-json\/wp\/v2\/posts\/68978"}],"collection":[{"href":"https:\/\/www.paranapraia.com.br\/index.php\/wp-json\/wp\/v2\/posts"}],"about":[{"href":"https:\/\/www.paranapraia.com.br\/index.php\/wp-json\/wp\/v2\/types\/post"}],"author":[{"embeddable":true,"href":"https:\/\/www.paranapraia.com.br\/index.php\/wp-json\/wp\/v2\/users\/2"}],"replies":[{"embeddable":true,"href":"https:\/\/www.paranapraia.com.br\/index.php\/wp-json\/wp\/v2\/comments?post=68978"}],"version-history":[{"count":1,"href":"https:\/\/www.paranapraia.com.br\/index.php\/wp-json\/wp\/v2\/posts\/68978\/revisions"}],"predecessor-version":[{"id":68980,"href":"https:\/\/www.paranapraia.com.br\/index.php\/wp-json\/wp\/v2\/posts\/68978\/revisions\/68980"}],"wp:featuredmedia":[{"embeddable":true,"href":"https:\/\/www.paranapraia.com.br\/index.php\/wp-json\/wp\/v2\/media\/68979"}],"wp:attachment":[{"href":"https:\/\/www.paranapraia.com.br\/index.php\/wp-json\/wp\/v2\/media?parent=68978"}],"wp:term":[{"taxonomy":"category","embeddable":true,"href":"https:\/\/www.paranapraia.com.br\/index.php\/wp-json\/wp\/v2\/categories?post=68978"},{"taxonomy":"post_tag","embeddable":true,"href":"https:\/\/www.paranapraia.com.br\/index.php\/wp-json\/wp\/v2\/tags?post=68978"}],"curies":[{"name":"wp","href":"https:\/\/api.w.org\/{rel}","templated":true}]}}