{"id":68975,"date":"2025-06-18T17:44:28","date_gmt":"2025-06-18T20:44:28","guid":{"rendered":"https:\/\/www.paranapraia.com.br\/?p=68975"},"modified":"2025-06-18T17:44:31","modified_gmt":"2025-06-18T20:44:31","slug":"pontal-do-parana-realiza-conferencia-sobre-os-direitos-na-terceira-idade","status":"publish","type":"post","link":"https:\/\/www.paranapraia.com.br\/index.php\/2025\/06\/18\/pontal-do-parana-realiza-conferencia-sobre-os-direitos-na-terceira-idade\/","title":{"rendered":"Pontal do Paran\u00e1 realiza confer\u00eancia sobre os direitos na terceira idade"},"content":{"rendered":"\n<p>O evento reuniu representantes do poder p\u00fablico, conselhos, institui\u00e7\u00f5es e a comunidade para debater o tema \u201cEnvelhecimento Multicultural e Democracia: Urg\u00eancia por Equidade, Direitos e Participa\u00e7\u00e3o\u201d.<\/p>\n\n\n\n<p>A confer\u00eancia teve como tema nacional \u201cEnvelhecimento Multicultural e Democracia: Urg\u00eancia por Equidade, Direitos e Participa\u00e7\u00e3o\u201d, e foi um dia dedicado \u00e0 escuta, \u00e0 participa\u00e7\u00e3o cidad\u00e3 e \u00e0 constru\u00e7\u00e3o de propostas para garantir uma etapa da vida mais digna, com acesso igualit\u00e1rio a direitos.<\/p>\n\n\n\n<p>A programa\u00e7\u00e3o contou com a presen\u00e7a das palestrantes Adriana Tubay e Gracielle Tubay, que conduziram a Palestra Magna da manh\u00e3. Durante a apresenta\u00e7\u00e3o, tamb\u00e9m abordaram o significado do 15 de junho (Dia Mundial da Conscientiza\u00e7\u00e3o da Viol\u00eancia contra a Pessoa Idosa), refor\u00e7ando a import\u00e2ncia do enfrentamento de todas as formas de viol\u00eancia e neglig\u00eancia.<\/p>\n\n\n\n<p>O evento tamb\u00e9m reuniu autoridades locais, como o Prefeito de Pontal do Paran\u00e1 Rud\u00e3o Gimenes, a vice-prefeita Patricia Millo Marcomini, a presidente da C\u00e2mara, Elinete Guimar\u00e3es Rocha, e a secret\u00e1ria da Fam\u00edlia e Desenvolvimento Social, Kathia Salom\u00e3o de Souza.<\/p>\n\n\n\n<p>\u201cFoi bonito ver tanta gente reunida pensando em como envelhecer com mais respeito, dignidade e participa\u00e7\u00e3o\u201d, afirmou o prefeito.<\/p>\n\n\n\n<p>No per\u00edodo da tarde, os participantes se dividiram em grupos para discutir os eixos tem\u00e1ticos definidos nacionalmente e contribu\u00edram com propostas concretas na plen\u00e1ria final. Quase 80 pessoas estiveram presentes em cada per\u00edodo do evento.<\/p>\n\n\n\n<p>As propostas discutidas seguem agora para a etapa estadual, onde ser\u00e3o apresentadas por delegados eleitos durante o encontro.<\/p>\n\n\n\n<p>O Conselho Municipal dos Direitos da Pessoa Idosa (CMDPI), em parceria com a Secretaria Municipal da Fam\u00edlia e Desenvolvimento Social (SMFDS), agradece a todos que participaram e lembra que a constru\u00e7\u00e3o de uma sociedade mais justa e inclusiva come\u00e7a com a escuta ativa e a valoriza\u00e7\u00e3o de todas as gera\u00e7\u00f5es.<\/p>\n\n\n\n<p>Prefeitura de Pontal do Paran\u00e1<\/p>\n","protected":false},"excerpt":{"rendered":"<p>O evento reuniu representantes do poder p\u00fablico, conselhos, institui\u00e7\u00f5es e a comunidade para debater o tema \u201cEnvelhecimento Multicultural e Democracia: Urg\u00eancia por Equidade, Direitos e Participa\u00e7\u00e3o\u201d. A confer\u00eancia teve como tema nacional \u201cEnvelhecimento Multicultural e Democracia: Urg\u00eancia por Equidade, Direitos e Participa\u00e7\u00e3o\u201d, e foi um dia dedicado \u00e0 escuta, \u00e0 participa\u00e7\u00e3o cidad\u00e3 e \u00e0 constru\u00e7\u00e3o [&hellip;]<\/p>\n","protected":false},"author":2,"featured_media":68976,"comment_status":"open","ping_status":"open","sticky":false,"template":"","format":"standard","meta":{"advanced_seo_description":"","jetpack_seo_html_title":"","jetpack_seo_noindex":false,"_jetpack_memberships_contains_paid_content":false,"footnotes":""},"categories":[65],"tags":[],"class_list":{"0":"post-68975","1":"post","2":"type-post","3":"status-publish","4":"format-standard","5":"has-post-thumbnail","7":"category-pontal-do-parana"},"jetpack_featured_media_url":"https:\/\/www.paranapraia.com.br\/wp-content\/uploads\/2025\/06\/tb_180625154655_5071516659386265087_jpg.jpg","jetpack_sharing_enabled":true,"_links":{"self":[{"href":"https:\/\/www.paranapraia.com.br\/index.php\/wp-json\/wp\/v2\/posts\/68975"}],"collection":[{"href":"https:\/\/www.paranapraia.com.br\/index.php\/wp-json\/wp\/v2\/posts"}],"about":[{"href":"https:\/\/www.paranapraia.com.br\/index.php\/wp-json\/wp\/v2\/types\/post"}],"author":[{"embeddable":true,"href":"https:\/\/www.paranapraia.com.br\/index.php\/wp-json\/wp\/v2\/users\/2"}],"replies":[{"embeddable":true,"href":"https:\/\/www.paranapraia.com.br\/index.php\/wp-json\/wp\/v2\/comments?post=68975"}],"version-history":[{"count":1,"href":"https:\/\/www.paranapraia.com.br\/index.php\/wp-json\/wp\/v2\/posts\/68975\/revisions"}],"predecessor-version":[{"id":68977,"href":"https:\/\/www.paranapraia.com.br\/index.php\/wp-json\/wp\/v2\/posts\/68975\/revisions\/68977"}],"wp:featuredmedia":[{"embeddable":true,"href":"https:\/\/www.paranapraia.com.br\/index.php\/wp-json\/wp\/v2\/media\/68976"}],"wp:attachment":[{"href":"https:\/\/www.paranapraia.com.br\/index.php\/wp-json\/wp\/v2\/media?parent=68975"}],"wp:term":[{"taxonomy":"category","embeddable":true,"href":"https:\/\/www.paranapraia.com.br\/index.php\/wp-json\/wp\/v2\/categories?post=68975"},{"taxonomy":"post_tag","embeddable":true,"href":"https:\/\/www.paranapraia.com.br\/index.php\/wp-json\/wp\/v2\/tags?post=68975"}],"curies":[{"name":"wp","href":"https:\/\/api.w.org\/{rel}","templated":true}]}}