{"id":68963,"date":"2025-06-18T15:06:29","date_gmt":"2025-06-18T18:06:29","guid":{"rendered":"https:\/\/www.paranapraia.com.br\/?p=68963"},"modified":"2025-06-18T15:06:32","modified_gmt":"2025-06-18T18:06:32","slug":"guaratuba-lidera-a-vacinacao-contra-a-influenza-no-litoral-e-reforca-a-importancia-da-prevencao","status":"publish","type":"post","link":"https:\/\/www.paranapraia.com.br\/index.php\/2025\/06\/18\/guaratuba-lidera-a-vacinacao-contra-a-influenza-no-litoral-e-reforca-a-importancia-da-prevencao\/","title":{"rendered":"Guaratuba lidera a vacina\u00e7\u00e3o contra a Influenza no Litoral e refor\u00e7a a import\u00e2ncia da preven\u00e7\u00e3o"},"content":{"rendered":"\n<p>A Prefeitura de Guaratuba, por meio da Secretaria Municipal da Sa\u00fade, segue intensificando a vacina\u00e7\u00e3o contra a Influenza no munic\u00edpio. At\u00e9 o momento, Guaratuba atingiu 46,51% de cobertura vacinal, sendo o munic\u00edpio com o maior \u00edndice de vacina\u00e7\u00e3o do Litoral.<\/p>\n\n\n\n<p>Apesar do avan\u00e7o, a Secretaria da Sa\u00fade refor\u00e7a a import\u00e2ncia de ampliar ainda mais esse n\u00famero, especialmente nos grupos mais vulner\u00e1veis.<\/p>\n\n\n\n<p>A vacina\u00e7\u00e3o est\u00e1 dispon\u00edvel para todos, a partir de 6 meses de idade, nas Unidades B\u00e1sicas de Sa\u00fade. Al\u00e9m disso, a equipe da Epidemiologia, em parceria com o CREAS (Centro de Refer\u00eancia Especializado de Assist\u00eancia Social), realizou na segunda-feira (16) uma a\u00e7\u00e3o voltada para as pessoas em situa\u00e7\u00e3o de rua, levando a vacina at\u00e9 esse p\u00fablico. Tamb\u00e9m realizaram a vacina\u00e7\u00e3o da equipe da garagem da Educa\u00e7\u00e3o e, nesta quarta-feira (18), a vacina\u00e7\u00e3o dos portu\u00e1rios. Outras a\u00e7\u00f5es est\u00e3o programadas, como a vacina\u00e7\u00e3o dos trabalhadores da empresa Transres\u00edduos na pr\u00f3xima semana.<\/p>\n\n\n\n<p>\u26a0 O alerta \u00e9 importante: Guaratuba j\u00e1 registrou 10 casos em investiga\u00e7\u00e3o de S\u00edndrome Respirat\u00f3ria Aguda Grave (SRAG). Al\u00e9m da Influenza, est\u00e3o em circula\u00e7\u00e3o no munic\u00edpio os v\u00edrus sincicial respirat\u00f3rio, rinov\u00edrus e H1N1, que t\u00eam acometido principalmente idosos e crian\u00e7as, grupos que est\u00e3o mais suscet\u00edveis \u00e0s complica\u00e7\u00f5es.<\/p>\n\n\n\n<p>A vacina\u00e7\u00e3o \u00e9 a principal forma de preven\u00e7\u00e3o contra essas doen\u00e7as respirat\u00f3rias, que tendem a se intensificar no per\u00edodo de outono e inverno. A vacina protege n\u00e3o s\u00f3 quem recebe, mas toda a comunidade, ajudando a reduzir casos graves e interna\u00e7\u00f5es.<\/p>\n\n\n\n<p>Prefeitura de Guaratuba<\/p>\n","protected":false},"excerpt":{"rendered":"<p>A Prefeitura de Guaratuba, por meio da Secretaria Municipal da Sa\u00fade, segue intensificando a vacina\u00e7\u00e3o contra a Influenza no munic\u00edpio. At\u00e9 o momento, Guaratuba atingiu 46,51% de cobertura vacinal, sendo o munic\u00edpio com o maior \u00edndice de vacina\u00e7\u00e3o do Litoral. Apesar do avan\u00e7o, a Secretaria da Sa\u00fade refor\u00e7a a import\u00e2ncia de ampliar ainda mais esse [&hellip;]<\/p>\n","protected":false},"author":2,"featured_media":68964,"comment_status":"open","ping_status":"open","sticky":false,"template":"","format":"standard","meta":{"advanced_seo_description":"","jetpack_seo_html_title":"","jetpack_seo_noindex":false,"_jetpack_memberships_contains_paid_content":false,"footnotes":""},"categories":[99],"tags":[],"class_list":{"0":"post-68963","1":"post","2":"type-post","3":"status-publish","4":"format-standard","5":"has-post-thumbnail","7":"category-guaratuba"},"jetpack_featured_media_url":"https:\/\/www.paranapraia.com.br\/wp-content\/uploads\/2025\/06\/WhatsApp-Image-2025-06-18-at-14.16.28-1-scaled-e1750269968534.jpeg","jetpack_sharing_enabled":true,"_links":{"self":[{"href":"https:\/\/www.paranapraia.com.br\/index.php\/wp-json\/wp\/v2\/posts\/68963"}],"collection":[{"href":"https:\/\/www.paranapraia.com.br\/index.php\/wp-json\/wp\/v2\/posts"}],"about":[{"href":"https:\/\/www.paranapraia.com.br\/index.php\/wp-json\/wp\/v2\/types\/post"}],"author":[{"embeddable":true,"href":"https:\/\/www.paranapraia.com.br\/index.php\/wp-json\/wp\/v2\/users\/2"}],"replies":[{"embeddable":true,"href":"https:\/\/www.paranapraia.com.br\/index.php\/wp-json\/wp\/v2\/comments?post=68963"}],"version-history":[{"count":1,"href":"https:\/\/www.paranapraia.com.br\/index.php\/wp-json\/wp\/v2\/posts\/68963\/revisions"}],"predecessor-version":[{"id":68965,"href":"https:\/\/www.paranapraia.com.br\/index.php\/wp-json\/wp\/v2\/posts\/68963\/revisions\/68965"}],"wp:featuredmedia":[{"embeddable":true,"href":"https:\/\/www.paranapraia.com.br\/index.php\/wp-json\/wp\/v2\/media\/68964"}],"wp:attachment":[{"href":"https:\/\/www.paranapraia.com.br\/index.php\/wp-json\/wp\/v2\/media?parent=68963"}],"wp:term":[{"taxonomy":"category","embeddable":true,"href":"https:\/\/www.paranapraia.com.br\/index.php\/wp-json\/wp\/v2\/categories?post=68963"},{"taxonomy":"post_tag","embeddable":true,"href":"https:\/\/www.paranapraia.com.br\/index.php\/wp-json\/wp\/v2\/tags?post=68963"}],"curies":[{"name":"wp","href":"https:\/\/api.w.org\/{rel}","templated":true}]}}