{"id":68956,"date":"2025-06-18T13:11:36","date_gmt":"2025-06-18T16:11:36","guid":{"rendered":"https:\/\/www.paranapraia.com.br\/?p=68956"},"modified":"2025-06-18T13:11:39","modified_gmt":"2025-06-18T16:11:39","slug":"secretaria-de-saude-de-morretes-alerta-para-cuidados-com-doencas-respiratorias-no-periodo-de-inverno","status":"publish","type":"post","link":"https:\/\/www.paranapraia.com.br\/index.php\/2025\/06\/18\/secretaria-de-saude-de-morretes-alerta-para-cuidados-com-doencas-respiratorias-no-periodo-de-inverno\/","title":{"rendered":"Secretaria de Sa\u00fade de Morretes alerta para cuidados com doen\u00e7as respirat\u00f3rias no per\u00edodo de inverno"},"content":{"rendered":"\n<p>Com a chegada do clima mais frio e a aproxima\u00e7\u00e3o do inverno, a&nbsp;<strong>Secretaria Municipal de Sa\u00fade<\/strong>, em parceria com a&nbsp;<strong>Secretaria Estadual da Sa\u00fade (SESA)<\/strong>, refor\u00e7a a import\u00e2ncia da preven\u00e7\u00e3o contra as doen\u00e7as respirat\u00f3rias, que tendem a se intensificar nesta \u00e9poca do ano.<\/p>\n\n\n\n<p>Durante os meses mais frios, aumenta a circula\u00e7\u00e3o de v\u00edrus respirat\u00f3rios, o que eleva o n\u00famero de casos de s\u00edndromes gripais, atendimentos m\u00e9dicos e interna\u00e7\u00f5es, especialmente entre&nbsp;<strong>crian\u00e7as, idosos e pessoas com comorbidades ou fatores de risco<\/strong>.<\/p>\n\n\n\n<p>A principal recomenda\u00e7\u00e3o das autoridades de sa\u00fade \u00e9 manter a vacina\u00e7\u00e3o em dia. A&nbsp;<strong>vacina contra a Influenza<\/strong>&nbsp;est\u00e1 dispon\u00edvel em todas as&nbsp;<strong>Unidades de Sa\u00fade de Morretes<\/strong>, assim como as doses previstas no&nbsp;<strong>Plano Nacional de Vacina\u00e7\u00e3o contra a Covid-19<\/strong>. A vacina\u00e7\u00e3o \u00e9 a medida mais eficaz para prevenir formas graves da doen\u00e7a e reduzir a propaga\u00e7\u00e3o dos v\u00edrus.<\/p>\n\n\n\n<p>Al\u00e9m da imuniza\u00e7\u00e3o, outras medidas de preven\u00e7\u00e3o s\u00e3o fundamentais:<\/p>\n\n\n\n<ul class=\"wp-block-list\">\n<li>Higienizar as m\u00e3os com frequ\u00eancia, utilizando \u00e1gua e sab\u00e3o ou \u00e1lcool 70%, principalmente antes e depois de tossir ou espirrar.<\/li>\n\n\n\n<li>Cobrir o nariz e a boca com o antebra\u00e7o ou um len\u00e7o descart\u00e1vel ao tossir ou espirrar.<\/li>\n\n\n\n<li>Evitar tocar olhos, nariz e boca com as m\u00e3os n\u00e3o higienizadas.<\/li>\n\n\n\n<li>Manter os ambientes bem ventilados.<\/li>\n\n\n\n<li>Evitar aglomera\u00e7\u00f5es e contato pr\u00f3ximo com pessoas que apresentem sintomas gripais.<\/li>\n<\/ul>\n\n\n\n<p>A Secretaria de Sa\u00fade orienta a popula\u00e7\u00e3o a procurar atendimento nas Unidades de Sa\u00fade ao apresentar sintomas como febre, tosse, dor de garganta, coriza e dificuldade para respirar.<\/p>\n\n\n\n<p><strong>Cuidar da sa\u00fade no inverno \u00e9 um ato de preven\u00e7\u00e3o e responsabilidade coletiva. Proteja-se, vacine-se e mantenha os cuidados b\u00e1sicos em dia.<\/strong><\/p>\n\n\n\n<p>Prefeitura de Morretes<\/p>\n","protected":false},"excerpt":{"rendered":"<p>Com a chegada do clima mais frio e a aproxima\u00e7\u00e3o do inverno, a&nbsp;Secretaria Municipal de Sa\u00fade, em parceria com a&nbsp;Secretaria Estadual da Sa\u00fade (SESA), refor\u00e7a a import\u00e2ncia da preven\u00e7\u00e3o contra as doen\u00e7as respirat\u00f3rias, que tendem a se intensificar nesta \u00e9poca do ano. Durante os meses mais frios, aumenta a circula\u00e7\u00e3o de v\u00edrus respirat\u00f3rios, o que [&hellip;]<\/p>\n","protected":false},"author":2,"featured_media":68957,"comment_status":"open","ping_status":"open","sticky":false,"template":"","format":"standard","meta":{"advanced_seo_description":"","jetpack_seo_html_title":"","jetpack_seo_noindex":false,"_jetpack_memberships_contains_paid_content":false,"footnotes":""},"categories":[125],"tags":[],"class_list":{"0":"post-68956","1":"post","2":"type-post","3":"status-publish","4":"format-standard","5":"has-post-thumbnail","7":"category-morretes"},"jetpack_featured_media_url":"https:\/\/www.paranapraia.com.br\/wp-content\/uploads\/2025\/06\/site-723x508_840.jpg","jetpack_sharing_enabled":true,"_links":{"self":[{"href":"https:\/\/www.paranapraia.com.br\/index.php\/wp-json\/wp\/v2\/posts\/68956"}],"collection":[{"href":"https:\/\/www.paranapraia.com.br\/index.php\/wp-json\/wp\/v2\/posts"}],"about":[{"href":"https:\/\/www.paranapraia.com.br\/index.php\/wp-json\/wp\/v2\/types\/post"}],"author":[{"embeddable":true,"href":"https:\/\/www.paranapraia.com.br\/index.php\/wp-json\/wp\/v2\/users\/2"}],"replies":[{"embeddable":true,"href":"https:\/\/www.paranapraia.com.br\/index.php\/wp-json\/wp\/v2\/comments?post=68956"}],"version-history":[{"count":1,"href":"https:\/\/www.paranapraia.com.br\/index.php\/wp-json\/wp\/v2\/posts\/68956\/revisions"}],"predecessor-version":[{"id":68958,"href":"https:\/\/www.paranapraia.com.br\/index.php\/wp-json\/wp\/v2\/posts\/68956\/revisions\/68958"}],"wp:featuredmedia":[{"embeddable":true,"href":"https:\/\/www.paranapraia.com.br\/index.php\/wp-json\/wp\/v2\/media\/68957"}],"wp:attachment":[{"href":"https:\/\/www.paranapraia.com.br\/index.php\/wp-json\/wp\/v2\/media?parent=68956"}],"wp:term":[{"taxonomy":"category","embeddable":true,"href":"https:\/\/www.paranapraia.com.br\/index.php\/wp-json\/wp\/v2\/categories?post=68956"},{"taxonomy":"post_tag","embeddable":true,"href":"https:\/\/www.paranapraia.com.br\/index.php\/wp-json\/wp\/v2\/tags?post=68956"}],"curies":[{"name":"wp","href":"https:\/\/api.w.org\/{rel}","templated":true}]}}