{"id":68950,"date":"2025-06-18T13:03:05","date_gmt":"2025-06-18T16:03:05","guid":{"rendered":"https:\/\/www.paranapraia.com.br\/?p=68950"},"modified":"2025-06-18T13:03:08","modified_gmt":"2025-06-18T16:03:08","slug":"ritmos-de-resistencia-oficina-de-maculele-e-cultura-afro-brasileira-em-antonina","status":"publish","type":"post","link":"https:\/\/www.paranapraia.com.br\/index.php\/2025\/06\/18\/ritmos-de-resistencia-oficina-de-maculele-e-cultura-afro-brasileira-em-antonina\/","title":{"rendered":"Ritmos de Resist\u00eancia: Oficina de Maculel\u00ea e Cultura Afro-Brasileira em Antonina"},"content":{"rendered":"\n<p>Antonina vai receber uma oficina especial de Maculel\u00ea e ritmos afro-brasileiros, promovida pelo projeto Ritmos de Resist\u00eancia, com a presen\u00e7a do Mestre Guigui e a equipe da Associa\u00e7\u00e3o Brasileira de Capoeira Na\u00e7\u00e3o &#8211; RJ.<\/p>\n\n\n\n<p>A atividade acontecer\u00e1 nos dias 19, 20 e 21 de junho, no espa\u00e7o ADEMADAN, no Centro da cidade.<\/p>\n\n\n\n<p>A programa\u00e7\u00e3o \u00e9 a seguinte:&nbsp;<\/p>\n\n\n\n<p>19\/06 (quinta-feira) \u00e0s 14h \u2013 Oficina de Introdu\u00e7\u00e3o aos Ritmos<br>20\/06 (sexta-feira) \u00e0s 10h \u2013 Oficina de Aprofundamento<br>21\/06 (s\u00e1bado) \u00e0s 10h \u2013 Apresenta\u00e7\u00e3o final<br>E o melhor de tudo: totalmente gratuita!<\/p>\n\n\n\n<p>Quem quiser saber mais informa\u00e7\u00f5es pode entrar em contato com Augusto pelo WhatsApp: (41) 98259-5967.<\/p>\n\n\n\n<p>Essa a\u00e7\u00e3o \u00e9 realizada com recursos de um projeto aprovado na Lei Aldir Blanc, refor\u00e7ando o compromisso de valorizar e preservar as manifesta\u00e7\u00f5es culturais afro-brasileiras na nossa cidade.<\/p>\n\n\n\n<p>Venha participar, aprender e celebrar a nossa cultura!<\/p>\n\n\n\n<p>Prefeitura de Antonina<\/p>\n","protected":false},"excerpt":{"rendered":"<p>Antonina vai receber uma oficina especial de Maculel\u00ea e ritmos afro-brasileiros, promovida pelo projeto Ritmos de Resist\u00eancia, com a presen\u00e7a do Mestre Guigui e a equipe da Associa\u00e7\u00e3o Brasileira de Capoeira Na\u00e7\u00e3o &#8211; RJ. A atividade acontecer\u00e1 nos dias 19, 20 e 21 de junho, no espa\u00e7o ADEMADAN, no Centro da cidade. A programa\u00e7\u00e3o \u00e9 [&hellip;]<\/p>\n","protected":false},"author":2,"featured_media":68951,"comment_status":"open","ping_status":"open","sticky":false,"template":"","format":"standard","meta":{"advanced_seo_description":"","jetpack_seo_html_title":"","jetpack_seo_noindex":false,"_jetpack_memberships_contains_paid_content":false,"footnotes":""},"categories":[132],"tags":[],"class_list":{"0":"post-68950","1":"post","2":"type-post","3":"status-publish","4":"format-standard","5":"has-post-thumbnail","7":"category-antonina"},"jetpack_featured_media_url":"https:\/\/www.paranapraia.com.br\/wp-content\/uploads\/2025\/06\/cf0cf74c-3e45-4f75-9dc3-af81915c54fe-scaled.jpg","jetpack_sharing_enabled":true,"_links":{"self":[{"href":"https:\/\/www.paranapraia.com.br\/index.php\/wp-json\/wp\/v2\/posts\/68950"}],"collection":[{"href":"https:\/\/www.paranapraia.com.br\/index.php\/wp-json\/wp\/v2\/posts"}],"about":[{"href":"https:\/\/www.paranapraia.com.br\/index.php\/wp-json\/wp\/v2\/types\/post"}],"author":[{"embeddable":true,"href":"https:\/\/www.paranapraia.com.br\/index.php\/wp-json\/wp\/v2\/users\/2"}],"replies":[{"embeddable":true,"href":"https:\/\/www.paranapraia.com.br\/index.php\/wp-json\/wp\/v2\/comments?post=68950"}],"version-history":[{"count":1,"href":"https:\/\/www.paranapraia.com.br\/index.php\/wp-json\/wp\/v2\/posts\/68950\/revisions"}],"predecessor-version":[{"id":68952,"href":"https:\/\/www.paranapraia.com.br\/index.php\/wp-json\/wp\/v2\/posts\/68950\/revisions\/68952"}],"wp:featuredmedia":[{"embeddable":true,"href":"https:\/\/www.paranapraia.com.br\/index.php\/wp-json\/wp\/v2\/media\/68951"}],"wp:attachment":[{"href":"https:\/\/www.paranapraia.com.br\/index.php\/wp-json\/wp\/v2\/media?parent=68950"}],"wp:term":[{"taxonomy":"category","embeddable":true,"href":"https:\/\/www.paranapraia.com.br\/index.php\/wp-json\/wp\/v2\/categories?post=68950"},{"taxonomy":"post_tag","embeddable":true,"href":"https:\/\/www.paranapraia.com.br\/index.php\/wp-json\/wp\/v2\/tags?post=68950"}],"curies":[{"name":"wp","href":"https:\/\/api.w.org\/{rel}","templated":true}]}}