{"id":68932,"date":"2025-06-18T12:58:13","date_gmt":"2025-06-18T15:58:13","guid":{"rendered":"https:\/\/www.paranapraia.com.br\/?p=68932"},"modified":"2025-06-18T12:59:17","modified_gmt":"2025-06-18T15:59:17","slug":"iat-avalia-animais-apreendidos-em-megaoperacao-da-pcpr-veja-as-especies-exoticas","status":"publish","type":"post","link":"https:\/\/www.paranapraia.com.br\/index.php\/2025\/06\/18\/iat-avalia-animais-apreendidos-em-megaoperacao-da-pcpr-veja-as-especies-exoticas\/","title":{"rendered":"IAT avalia animais apreendidos em megaopera\u00e7\u00e3o da PCPR: veja as esp\u00e9cies ex\u00f3ticas"},"content":{"rendered":"\n<p>O Instituto \u00c1gua e Terra (IAT), autarquia vinculada \u00e0 Secretaria de Estado do Desenvolvimento Sustent\u00e1vel (Sedest), transformou-se no lar tempor\u00e1rio de parte da fauna silvestre\u00a0<strong>resgatada pela Pol\u00edcia Civil do Paran\u00e1<\/strong>\u00a0durante opera\u00e7\u00e3o que desarticulou na ter\u00e7a-feira (17) um dos maiores grupos de tr\u00e1fico internacional de animais do Pa\u00eds.<\/p>\n\n\n\n<p>Todos os 41 animais encaminhados ao \u00f3rg\u00e3o ambiental, entre r\u00e9pteis, aracn\u00eddeos e aves, passar\u00e3o por avalia\u00e7\u00f5es cl\u00ednicas e exames laboratoriais a partir desta quarta-feira (18). Aqueles que estiverem aptos, e pertencerem ao grupo de esp\u00e9cies nativas, retornar\u00e3o \u00e0 natureza. Outros, v\u00edtimas de maus tratos, exemplares de esp\u00e9cies ex\u00f3ticas ou que n\u00e3o ter\u00e3o mais condi\u00e7\u00f5es de sobreviver no habitat natural, ser\u00e3o destinados a estabelecimentos credenciados pelo IAT, como criadouros, zool\u00f3gicos e mantenedores.<\/p>\n\n\n\n<p>\u201cCome\u00e7aremos um processo de avalia\u00e7\u00e3o sanit\u00e1ria, de sa\u00fade e de bem-estar, com esses animais com uma equipe multidisciplinar, com bi\u00f3logos, veterin\u00e1rios e t\u00e9cnicos em meio ambiente\u201d, afirma a bi\u00f3loga do Instituto, J\u00e9ssica Jasinski, que participou de toda a opera\u00e7\u00e3o de captura dos animais em apoio \u00e0 Pol\u00edcia Civil. \u201cDepois disso, com a alta cl\u00ednica, passaremos \u00e0 triagem entre esp\u00e9cies nativas e ex\u00f3ticas. As nativas que pudermos reabilitar, soltaremos na natureza. O restante, ex\u00f3ticas e aqueles mais prejudicados, v\u00e3o para \u00f3rg\u00e3o de fauna vinculado ao IAT\u201d, acrescenta.<\/p>\n\n\n\n<p>A for\u00e7a-tarefa prendeu 16 pessoas em flagrante e resgatou mais de mil animais. A a\u00e7\u00e3o ocorreu simultaneamente em 12 cidades do Paran\u00e1, Santa Catarina, S\u00e3o Paulo e Minas Gerais. As ordens judiciais resultam de uma investiga\u00e7\u00e3o de dois anos que monitorou grupos virtuais voltados ao tr\u00e1fico de animais silvestres (da fauna brasileira) e ex\u00f3ticos, de outras partes do mundo. Os crimes investigados s\u00e3o tr\u00e1fico de animais, maus-tratos, falsifica\u00e7\u00e3o de documentos p\u00fablicos, lavagem de dinheiro e organiza\u00e7\u00e3o criminosa.<\/p>\n\n\n\n<p>Entre os animais traficados est\u00e3o on\u00e7as, tucanos, araras, macacos, serpentes, aranhas e dezenas de aves nativas e ex\u00f3ticas.<\/p>\n\n\n\n<p><strong>Confira algumas dessas esp\u00e9cies que foram resgatadas na ter\u00e7a-feira (17):<\/strong><\/p>\n\n\n\n<p><strong>Axolote (Ambystoma mexicanum) \u2013<\/strong>&nbsp;esp\u00e9cie de salamandra origin\u00e1ria do M\u00e9xico, ganhou proje\u00e7\u00e3o internacional depois de ser adicionado ao jogo Minecraft em 2021. Um adulto pode medir de 15 com a 45 cm embora o comprimento mais comum seja 23 cm. As cabe\u00e7as s\u00e3o amplas e possuem olhos sem p\u00e1lpebras. Tem por caracter\u00edstica a capacidade de se regenerar. Costuma se alimentar de girinos e pequenos invertebrados, como insetos, crust\u00e1ceos e minhocas.<\/p>\n\n\n\n<figure class=\"wp-block-image size-large\"><img loading=\"lazy\" decoding=\"async\" width=\"1024\" height=\"683\" src=\"https:\/\/www.paranapraia.com.br\/wp-content\/uploads\/2025\/06\/axolote_2-1024x683.jpg\" alt=\"\" class=\"wp-image-68933\" srcset=\"https:\/\/www.paranapraia.com.br\/wp-content\/uploads\/2025\/06\/axolote_2-1024x683.jpg 1024w, https:\/\/www.paranapraia.com.br\/wp-content\/uploads\/2025\/06\/axolote_2-300x200.jpg 300w, https:\/\/www.paranapraia.com.br\/wp-content\/uploads\/2025\/06\/axolote_2-768x512.jpg 768w, https:\/\/www.paranapraia.com.br\/wp-content\/uploads\/2025\/06\/axolote_2-1536x1024.jpg 1536w, https:\/\/www.paranapraia.com.br\/wp-content\/uploads\/2025\/06\/axolote_2-2048x1366.jpg 2048w, https:\/\/www.paranapraia.com.br\/wp-content\/uploads\/2025\/06\/axolote_2-696x464.jpg 696w, https:\/\/www.paranapraia.com.br\/wp-content\/uploads\/2025\/06\/axolote_2-1068x712.jpg 1068w, https:\/\/www.paranapraia.com.br\/wp-content\/uploads\/2025\/06\/axolote_2-1920x1281.jpg 1920w, https:\/\/www.paranapraia.com.br\/wp-content\/uploads\/2025\/06\/axolote_2-scaled.jpg 800w\" sizes=\"(max-width: 1024px) 100vw, 1024px\" \/><figcaption class=\"wp-element-caption\">Foto: Denis Ferreira Netto\/SEDEST<\/figcaption><\/figure>\n\n\n\n<p><strong>Jiboia (<em>Boa constrictor<\/em>) \u2013&nbsp;<\/strong>serpentes n\u00e3o pe\u00e7onhentas encontradas nas Am\u00e9ricas, na \u00c1frica, na Europa, na \u00c1sia e em algumas Ilhas do Oceano Pac\u00edfico. Podem ultrapassar os quatro metros de comprimento e pesar mais de 30 quilos.<\/p>\n\n\n\n<figure class=\"wp-block-image size-large\"><img loading=\"lazy\" decoding=\"async\" width=\"1024\" height=\"683\" src=\"https:\/\/www.paranapraia.com.br\/wp-content\/uploads\/2025\/06\/jiboia_000-1024x683.jpg\" alt=\"\" class=\"wp-image-68934\" srcset=\"https:\/\/www.paranapraia.com.br\/wp-content\/uploads\/2025\/06\/jiboia_000-1024x683.jpg 1024w, https:\/\/www.paranapraia.com.br\/wp-content\/uploads\/2025\/06\/jiboia_000-300x200.jpg 300w, https:\/\/www.paranapraia.com.br\/wp-content\/uploads\/2025\/06\/jiboia_000-768x512.jpg 768w, https:\/\/www.paranapraia.com.br\/wp-content\/uploads\/2025\/06\/jiboia_000-1536x1024.jpg 1536w, https:\/\/www.paranapraia.com.br\/wp-content\/uploads\/2025\/06\/jiboia_000-2048x1365.jpg 2048w, https:\/\/www.paranapraia.com.br\/wp-content\/uploads\/2025\/06\/jiboia_000-696x464.jpg 696w, https:\/\/www.paranapraia.com.br\/wp-content\/uploads\/2025\/06\/jiboia_000-1068x712.jpg 1068w, https:\/\/www.paranapraia.com.br\/wp-content\/uploads\/2025\/06\/jiboia_000-1920x1280.jpg 1920w, https:\/\/www.paranapraia.com.br\/wp-content\/uploads\/2025\/06\/jiboia_000-scaled.jpg 800w\" sizes=\"(max-width: 1024px) 100vw, 1024px\" \/><figcaption class=\"wp-element-caption\">Foto: Denis Ferreira Netto\/SEDEST<\/figcaption><\/figure>\n\n\n\n<p><strong>P\u00edton albina (<em>Python bivittatus<\/em>) \u2013<\/strong>&nbsp;considerada uma das maiores esp\u00e9cies de serpentes do mundo, a p\u00edton pode atingir at\u00e9 oito metros de comprimento e pesar 100 kg na fase adulta. A esp\u00e9cie \u00e9 origin\u00e1ria do continente asi\u00e1tico e \u00e9 considerada ex\u00f3tica no Brasil. Essas serpentes habitam florestas tropicais \u00famidas, manguezais e plan\u00edcies alagadas em pa\u00edses como Bangladesh, Camboja e Laos.<\/p>\n\n\n\n<figure class=\"wp-block-image size-large\"><img loading=\"lazy\" decoding=\"async\" width=\"1024\" height=\"683\" src=\"https:\/\/www.paranapraia.com.br\/wp-content\/uploads\/2025\/06\/piton_albina_000-1024x683.jpg\" alt=\"\" class=\"wp-image-68935\" srcset=\"https:\/\/www.paranapraia.com.br\/wp-content\/uploads\/2025\/06\/piton_albina_000-1024x683.jpg 1024w, https:\/\/www.paranapraia.com.br\/wp-content\/uploads\/2025\/06\/piton_albina_000-300x200.jpg 300w, https:\/\/www.paranapraia.com.br\/wp-content\/uploads\/2025\/06\/piton_albina_000-768x512.jpg 768w, https:\/\/www.paranapraia.com.br\/wp-content\/uploads\/2025\/06\/piton_albina_000-1536x1024.jpg 1536w, https:\/\/www.paranapraia.com.br\/wp-content\/uploads\/2025\/06\/piton_albina_000-2048x1365.jpg 2048w, https:\/\/www.paranapraia.com.br\/wp-content\/uploads\/2025\/06\/piton_albina_000-696x464.jpg 696w, https:\/\/www.paranapraia.com.br\/wp-content\/uploads\/2025\/06\/piton_albina_000-1068x712.jpg 1068w, https:\/\/www.paranapraia.com.br\/wp-content\/uploads\/2025\/06\/piton_albina_000-1920x1280.jpg 1920w, https:\/\/www.paranapraia.com.br\/wp-content\/uploads\/2025\/06\/piton_albina_000-scaled.jpg 800w\" sizes=\"(max-width: 1024px) 100vw, 1024px\" \/><figcaption class=\"wp-element-caption\">Foto: Denis Ferreira Netto\/SEDEST<\/figcaption><\/figure>\n\n\n\n<p><strong>Milk snake (<em>Lampropeltis triangulum<\/em>) \u2013&nbsp;<\/strong>serpentes de menor porte, atingindo em m\u00e9dia 60 a 90 cm de comprimento e 225 gramas. Esp\u00e9cie ex\u00f3tica, de \u00e1reas temperadas e tropicais da Am\u00e9rica do Norte e Central. Se alimentam de pequenos roedores, aves, r\u00e9pteis, anf\u00edbios e at\u00e9 peixes e insetos.<\/p>\n\n\n\n<figure class=\"wp-block-image size-large\"><img loading=\"lazy\" decoding=\"async\" width=\"1024\" height=\"683\" src=\"https:\/\/www.paranapraia.com.br\/wp-content\/uploads\/2025\/06\/milk_snake_000-1-1024x683.jpg\" alt=\"\" class=\"wp-image-68939\" srcset=\"https:\/\/www.paranapraia.com.br\/wp-content\/uploads\/2025\/06\/milk_snake_000-1-1024x683.jpg 1024w, https:\/\/www.paranapraia.com.br\/wp-content\/uploads\/2025\/06\/milk_snake_000-1-300x200.jpg 300w, https:\/\/www.paranapraia.com.br\/wp-content\/uploads\/2025\/06\/milk_snake_000-1-768x512.jpg 768w, https:\/\/www.paranapraia.com.br\/wp-content\/uploads\/2025\/06\/milk_snake_000-1-1536x1024.jpg 1536w, https:\/\/www.paranapraia.com.br\/wp-content\/uploads\/2025\/06\/milk_snake_000-1-2048x1365.jpg 2048w, https:\/\/www.paranapraia.com.br\/wp-content\/uploads\/2025\/06\/milk_snake_000-1-696x464.jpg 696w, https:\/\/www.paranapraia.com.br\/wp-content\/uploads\/2025\/06\/milk_snake_000-1-1068x712.jpg 1068w, https:\/\/www.paranapraia.com.br\/wp-content\/uploads\/2025\/06\/milk_snake_000-1-1920x1280.jpg 1920w, https:\/\/www.paranapraia.com.br\/wp-content\/uploads\/2025\/06\/milk_snake_000-1-scaled.jpg 800w\" sizes=\"(max-width: 1024px) 100vw, 1024px\" \/><figcaption class=\"wp-element-caption\">Foto: Denis Ferreira Netto\/SEDEST<\/figcaption><\/figure>\n\n\n\n<p><strong>Corn snake (<em>Pantherophis guttatus<\/em>) \u2013&nbsp;<\/strong>esp\u00e9cie norte-americana que se alimenta de camundongos e ratos que comem o milho armazenado. Adultas tem um comprimento entre 60 cent\u00edmetros e 1,80 metro. Na natureza, geralmente vivem cerca de 6 a 8 anos.<\/p>\n\n\n\n<figure class=\"wp-block-image size-large\"><img loading=\"lazy\" decoding=\"async\" width=\"1024\" height=\"684\" src=\"https:\/\/www.paranapraia.com.br\/wp-content\/uploads\/2025\/06\/whatsapp_image_2025-06-18_at_11.53.24-1-1024x684.jpg\" alt=\"\" class=\"wp-image-68938\" srcset=\"https:\/\/www.paranapraia.com.br\/wp-content\/uploads\/2025\/06\/whatsapp_image_2025-06-18_at_11.53.24-1-1024x684.jpg 1024w, https:\/\/www.paranapraia.com.br\/wp-content\/uploads\/2025\/06\/whatsapp_image_2025-06-18_at_11.53.24-1-300x200.jpg 300w, https:\/\/www.paranapraia.com.br\/wp-content\/uploads\/2025\/06\/whatsapp_image_2025-06-18_at_11.53.24-1-768x513.jpg 768w, https:\/\/www.paranapraia.com.br\/wp-content\/uploads\/2025\/06\/whatsapp_image_2025-06-18_at_11.53.24-1-1536x1025.jpg 1536w, https:\/\/www.paranapraia.com.br\/wp-content\/uploads\/2025\/06\/whatsapp_image_2025-06-18_at_11.53.24-1-696x465.jpg 696w, https:\/\/www.paranapraia.com.br\/wp-content\/uploads\/2025\/06\/whatsapp_image_2025-06-18_at_11.53.24-1-1068x713.jpg 1068w, https:\/\/www.paranapraia.com.br\/wp-content\/uploads\/2025\/06\/whatsapp_image_2025-06-18_at_11.53.24-1-scaled.jpg 800w\" sizes=\"(max-width: 1024px) 100vw, 1024px\" \/><figcaption class=\"wp-element-caption\">Foto: Denis Ferreira Netto\/SEDEST<\/figcaption><\/figure>\n\n\n\n<p><strong>Cobra-rei (<em>Lampropeltis getula<\/em>) \u2013&nbsp;<\/strong>s\u00e3o encontradas na regi\u00e3o entre o Canad\u00e1 ao Equador. Os adultos geralmente variam em comprimento de 1 metro a 1,5 metro, mas alguns podem passar dos 2 metros. A alimenta\u00e7\u00e3o inclui pequenos mam\u00edferos, p\u00e1ssaros, lagartos, anf\u00edbios e ovos de p\u00e1ssaros.<\/p>\n\n\n\n<figure class=\"wp-block-image size-large\"><img loading=\"lazy\" decoding=\"async\" width=\"1024\" height=\"683\" src=\"https:\/\/www.paranapraia.com.br\/wp-content\/uploads\/2025\/06\/cobra_rei_000-1024x683.jpg\" alt=\"\" class=\"wp-image-68940\" srcset=\"https:\/\/www.paranapraia.com.br\/wp-content\/uploads\/2025\/06\/cobra_rei_000-1024x683.jpg 1024w, https:\/\/www.paranapraia.com.br\/wp-content\/uploads\/2025\/06\/cobra_rei_000-300x200.jpg 300w, https:\/\/www.paranapraia.com.br\/wp-content\/uploads\/2025\/06\/cobra_rei_000-768x512.jpg 768w, https:\/\/www.paranapraia.com.br\/wp-content\/uploads\/2025\/06\/cobra_rei_000-1536x1024.jpg 1536w, https:\/\/www.paranapraia.com.br\/wp-content\/uploads\/2025\/06\/cobra_rei_000-2048x1365.jpg 2048w, https:\/\/www.paranapraia.com.br\/wp-content\/uploads\/2025\/06\/cobra_rei_000-696x464.jpg 696w, https:\/\/www.paranapraia.com.br\/wp-content\/uploads\/2025\/06\/cobra_rei_000-1068x712.jpg 1068w, https:\/\/www.paranapraia.com.br\/wp-content\/uploads\/2025\/06\/cobra_rei_000-1920x1280.jpg 1920w, https:\/\/www.paranapraia.com.br\/wp-content\/uploads\/2025\/06\/cobra_rei_000-scaled.jpg 800w\" sizes=\"(max-width: 1024px) 100vw, 1024px\" \/><figcaption class=\"wp-element-caption\">Foto: Denis Ferreira Netto\/SEDEST<\/figcaption><\/figure>\n\n\n\n<p><strong>Drag\u00e3o barbudo (<em>Pogona vitticeps<\/em>) \u2013&nbsp;<\/strong>esp\u00e9cie de lagarto origin\u00e1ria da Austr\u00e1lia. Adultos podem alcan\u00e7ar de 40cm a 60 cm de comprimento, incluindo a cauda. Seu nome vem da barba de espinhos que circunda o pesco\u00e7o. A colora\u00e7\u00e3o varia do marrom ao dourado, com manchas mais claras e escuras que ajudam na camuflagem no ambiente natural.<\/p>\n\n\n\n<figure class=\"wp-block-image size-large\"><img loading=\"lazy\" decoding=\"async\" width=\"1024\" height=\"683\" src=\"https:\/\/www.paranapraia.com.br\/wp-content\/uploads\/2025\/06\/pogona_001-1024x683.jpg\" alt=\"\" class=\"wp-image-68941\" srcset=\"https:\/\/www.paranapraia.com.br\/wp-content\/uploads\/2025\/06\/pogona_001-1024x683.jpg 1024w, https:\/\/www.paranapraia.com.br\/wp-content\/uploads\/2025\/06\/pogona_001-300x200.jpg 300w, https:\/\/www.paranapraia.com.br\/wp-content\/uploads\/2025\/06\/pogona_001-768x512.jpg 768w, https:\/\/www.paranapraia.com.br\/wp-content\/uploads\/2025\/06\/pogona_001-1536x1024.jpg 1536w, https:\/\/www.paranapraia.com.br\/wp-content\/uploads\/2025\/06\/pogona_001-2048x1365.jpg 2048w, https:\/\/www.paranapraia.com.br\/wp-content\/uploads\/2025\/06\/pogona_001-696x464.jpg 696w, https:\/\/www.paranapraia.com.br\/wp-content\/uploads\/2025\/06\/pogona_001-1068x712.jpg 1068w, https:\/\/www.paranapraia.com.br\/wp-content\/uploads\/2025\/06\/pogona_001-1920x1280.jpg 1920w, https:\/\/www.paranapraia.com.br\/wp-content\/uploads\/2025\/06\/pogona_001-scaled.jpg 800w\" sizes=\"(max-width: 1024px) 100vw, 1024px\" \/><figcaption class=\"wp-element-caption\">Foto: Denis Ferreira Netto\/SEDEST<\/figcaption><\/figure>\n\n\n\n<p><strong>Gecko-leopardo (<em>Eublepharis macularius<\/em>) \u2013<\/strong>&nbsp;origin\u00e1rio do sudeste asi\u00e1tico, podem ter at\u00e9 25 cent\u00edmetros de comprimento, incluindo a cauda. O corpo \u00e9 cil\u00edndrico e compacto e ligeiramente achatado na parte superior. T\u00eam uma cabe\u00e7a proeminente e olhos grandes dispostos lateralmente. A cor natural dos olhos \u00e9 de castanho-amarelado at\u00e9 dourado e a pupila n\u00e3o se fecha completamente, ficando uma pequena fresta sempre aberta.<\/p>\n\n\n\n<figure class=\"wp-block-image size-large\"><img loading=\"lazy\" decoding=\"async\" width=\"1024\" height=\"683\" src=\"https:\/\/www.paranapraia.com.br\/wp-content\/uploads\/2025\/06\/gecko_001-1024x683.jpg\" alt=\"\" class=\"wp-image-68942\" srcset=\"https:\/\/www.paranapraia.com.br\/wp-content\/uploads\/2025\/06\/gecko_001-1024x683.jpg 1024w, https:\/\/www.paranapraia.com.br\/wp-content\/uploads\/2025\/06\/gecko_001-300x200.jpg 300w, https:\/\/www.paranapraia.com.br\/wp-content\/uploads\/2025\/06\/gecko_001-768x512.jpg 768w, https:\/\/www.paranapraia.com.br\/wp-content\/uploads\/2025\/06\/gecko_001-1536x1024.jpg 1536w, https:\/\/www.paranapraia.com.br\/wp-content\/uploads\/2025\/06\/gecko_001-2048x1365.jpg 2048w, https:\/\/www.paranapraia.com.br\/wp-content\/uploads\/2025\/06\/gecko_001-696x464.jpg 696w, https:\/\/www.paranapraia.com.br\/wp-content\/uploads\/2025\/06\/gecko_001-1068x712.jpg 1068w, https:\/\/www.paranapraia.com.br\/wp-content\/uploads\/2025\/06\/gecko_001-1920x1280.jpg 1920w, https:\/\/www.paranapraia.com.br\/wp-content\/uploads\/2025\/06\/gecko_001-scaled.jpg 800w\" sizes=\"(max-width: 1024px) 100vw, 1024px\" \/><figcaption class=\"wp-element-caption\">Foto: Denis Ferreira Netto\/SEDEST<\/figcaption><\/figure>\n\n\n\n<p><strong>Sapo Pac-Man (<em>Ceratophrys cranwelli<\/em>) \u2013&nbsp;<\/strong>animais nativos de florestas tropicais da Am\u00e9rica do Sul. Possuem proje\u00e7\u00f5es caracter\u00edsticas na cabe\u00e7a como chifres, podendo ser conhecidos como sapos-de-chifre, mas o nome popular pacman se deve \u00e0 sua apar\u00eancia arredondada e grande boca e apetite que associam ao famoso jogo do Pacman. A colora\u00e7\u00e3o selvagem \u00e9 verde com marca\u00e7\u00f5es marrons. Se alimentam de invertebrados e pequenos vertebrados na natureza, como roedores, r\u00e9pteis e outros anf\u00edbios. Os machos chegam a 10 cm de comprimento, enquanto as f\u00eameas s\u00e3o maiores e chegam a 20 cm, pesando de 200 a 450 gramas.<\/p>\n\n\n\n<figure class=\"wp-block-image size-large\"><img loading=\"lazy\" decoding=\"async\" width=\"1024\" height=\"683\" src=\"https:\/\/www.paranapraia.com.br\/wp-content\/uploads\/2025\/06\/sapo_pac-man_000-1024x683.jpg\" alt=\"\" class=\"wp-image-68943\" srcset=\"https:\/\/www.paranapraia.com.br\/wp-content\/uploads\/2025\/06\/sapo_pac-man_000-1024x683.jpg 1024w, https:\/\/www.paranapraia.com.br\/wp-content\/uploads\/2025\/06\/sapo_pac-man_000-300x200.jpg 300w, https:\/\/www.paranapraia.com.br\/wp-content\/uploads\/2025\/06\/sapo_pac-man_000-768x512.jpg 768w, https:\/\/www.paranapraia.com.br\/wp-content\/uploads\/2025\/06\/sapo_pac-man_000-1536x1024.jpg 1536w, https:\/\/www.paranapraia.com.br\/wp-content\/uploads\/2025\/06\/sapo_pac-man_000-2048x1365.jpg 2048w, https:\/\/www.paranapraia.com.br\/wp-content\/uploads\/2025\/06\/sapo_pac-man_000-696x464.jpg 696w, https:\/\/www.paranapraia.com.br\/wp-content\/uploads\/2025\/06\/sapo_pac-man_000-1068x712.jpg 1068w, https:\/\/www.paranapraia.com.br\/wp-content\/uploads\/2025\/06\/sapo_pac-man_000-1920x1280.jpg 1920w, https:\/\/www.paranapraia.com.br\/wp-content\/uploads\/2025\/06\/sapo_pac-man_000-scaled.jpg 800w\" sizes=\"(max-width: 1024px) 100vw, 1024px\" \/><figcaption class=\"wp-element-caption\">Foto: Denis Ferreira Netto\/SEDEST<\/figcaption><\/figure>\n\n\n\n<p><strong>Tartaruga-de-Orelhas-Vermelhas (<em>Trachemys scripta<\/em>) \u2013&nbsp;<\/strong>nativa dos Estados Unidos, esse animal aqu\u00e1tico pode chegar a 30 cent\u00edmetros na fase adulta. \u00c9 facilmente reconhec\u00edvel pela faixa vermelho-alaranjada que apresenta nos dois lados da cabe\u00e7a e pela carapa\u00e7a ovalada. Conforme envelhecem, a cor do casco tende a escurecer e as manchas, inclusive as faixas vermelhas, a desbotar. Alimentam-se de vegetais, insetos e pequenos peixes.<\/p>\n\n\n\n<figure class=\"wp-block-image size-large\"><img loading=\"lazy\" decoding=\"async\" width=\"1024\" height=\"683\" src=\"https:\/\/www.paranapraia.com.br\/wp-content\/uploads\/2025\/06\/tartaruga_de_orelhas_vermelhas_001-1024x683.jpg\" alt=\"\" class=\"wp-image-68944\" srcset=\"https:\/\/www.paranapraia.com.br\/wp-content\/uploads\/2025\/06\/tartaruga_de_orelhas_vermelhas_001-1024x683.jpg 1024w, https:\/\/www.paranapraia.com.br\/wp-content\/uploads\/2025\/06\/tartaruga_de_orelhas_vermelhas_001-300x200.jpg 300w, https:\/\/www.paranapraia.com.br\/wp-content\/uploads\/2025\/06\/tartaruga_de_orelhas_vermelhas_001-768x512.jpg 768w, https:\/\/www.paranapraia.com.br\/wp-content\/uploads\/2025\/06\/tartaruga_de_orelhas_vermelhas_001-1536x1024.jpg 1536w, https:\/\/www.paranapraia.com.br\/wp-content\/uploads\/2025\/06\/tartaruga_de_orelhas_vermelhas_001-2048x1365.jpg 2048w, https:\/\/www.paranapraia.com.br\/wp-content\/uploads\/2025\/06\/tartaruga_de_orelhas_vermelhas_001-696x464.jpg 696w, https:\/\/www.paranapraia.com.br\/wp-content\/uploads\/2025\/06\/tartaruga_de_orelhas_vermelhas_001-1068x712.jpg 1068w, https:\/\/www.paranapraia.com.br\/wp-content\/uploads\/2025\/06\/tartaruga_de_orelhas_vermelhas_001-1920x1280.jpg 1920w, https:\/\/www.paranapraia.com.br\/wp-content\/uploads\/2025\/06\/tartaruga_de_orelhas_vermelhas_001-scaled.jpg 800w\" sizes=\"(max-width: 1024px) 100vw, 1024px\" \/><figcaption class=\"wp-element-caption\">Foto: Denis Ferreira Netto\/SEDEST<\/figcaption><\/figure>\n\n\n\n<p><strong>Sagui-preto (<em>Saguinus niger<\/em>) \u2013<\/strong>&nbsp;primata end\u00eamico da Amaz\u00f4nia. Caracteriza-se por sua pelagem da cor preta, com manchas bem definidas ao longo do corpo em tons amarronzados, avermelhados ou amarelados. As orelhas n\u00e3o possuem pelagem. Mede entre 20 cent\u00edmetros e 40 cent\u00edmetros, pesando em torno de 500 gramas. S\u00e3o on\u00edvoros e est\u00e3o constantemente amea\u00e7ados por uma variedade de predadores.<\/p>\n\n\n\n<figure class=\"wp-block-gallery has-nested-images columns-1 is-cropped wp-block-gallery-1 is-layout-flex wp-block-gallery-is-layout-flex\">\n<figure class=\"wp-block-image size-large\"><img loading=\"lazy\" decoding=\"async\" width=\"1024\" height=\"683\" data-id=\"68946\" src=\"https:\/\/www.paranapraia.com.br\/wp-content\/uploads\/2025\/06\/sagui_pretos_001-1024x683.jpg\" alt=\"\" class=\"wp-image-68946\" srcset=\"https:\/\/www.paranapraia.com.br\/wp-content\/uploads\/2025\/06\/sagui_pretos_001-1024x683.jpg 1024w, https:\/\/www.paranapraia.com.br\/wp-content\/uploads\/2025\/06\/sagui_pretos_001-300x200.jpg 300w, https:\/\/www.paranapraia.com.br\/wp-content\/uploads\/2025\/06\/sagui_pretos_001-768x512.jpg 768w, https:\/\/www.paranapraia.com.br\/wp-content\/uploads\/2025\/06\/sagui_pretos_001-1536x1024.jpg 1536w, https:\/\/www.paranapraia.com.br\/wp-content\/uploads\/2025\/06\/sagui_pretos_001-2048x1366.jpg 2048w, https:\/\/www.paranapraia.com.br\/wp-content\/uploads\/2025\/06\/sagui_pretos_001-696x464.jpg 696w, https:\/\/www.paranapraia.com.br\/wp-content\/uploads\/2025\/06\/sagui_pretos_001-1068x712.jpg 1068w, https:\/\/www.paranapraia.com.br\/wp-content\/uploads\/2025\/06\/sagui_pretos_001-1920x1280.jpg 1920w, https:\/\/www.paranapraia.com.br\/wp-content\/uploads\/2025\/06\/sagui_pretos_001-scaled.jpg 800w\" sizes=\"(max-width: 1024px) 100vw, 1024px\" \/><figcaption class=\"wp-element-caption\">Foto: Denis Ferreira Netto\/SEDEST<\/figcaption><\/figure>\n\n\n\n<figure class=\"wp-block-image size-large\"><img loading=\"lazy\" decoding=\"async\" width=\"1024\" height=\"683\" data-id=\"68945\" src=\"https:\/\/www.paranapraia.com.br\/wp-content\/uploads\/2025\/06\/sagui_pretos_000-1024x683.jpg\" alt=\"\" class=\"wp-image-68945\" srcset=\"https:\/\/www.paranapraia.com.br\/wp-content\/uploads\/2025\/06\/sagui_pretos_000-1024x683.jpg 1024w, https:\/\/www.paranapraia.com.br\/wp-content\/uploads\/2025\/06\/sagui_pretos_000-300x200.jpg 300w, https:\/\/www.paranapraia.com.br\/wp-content\/uploads\/2025\/06\/sagui_pretos_000-768x512.jpg 768w, https:\/\/www.paranapraia.com.br\/wp-content\/uploads\/2025\/06\/sagui_pretos_000-1536x1024.jpg 1536w, https:\/\/www.paranapraia.com.br\/wp-content\/uploads\/2025\/06\/sagui_pretos_000-2048x1365.jpg 2048w, https:\/\/www.paranapraia.com.br\/wp-content\/uploads\/2025\/06\/sagui_pretos_000-696x464.jpg 696w, https:\/\/www.paranapraia.com.br\/wp-content\/uploads\/2025\/06\/sagui_pretos_000-1068x712.jpg 1068w, https:\/\/www.paranapraia.com.br\/wp-content\/uploads\/2025\/06\/sagui_pretos_000-1920x1280.jpg 1920w, https:\/\/www.paranapraia.com.br\/wp-content\/uploads\/2025\/06\/sagui_pretos_000-scaled.jpg 800w\" sizes=\"(max-width: 1024px) 100vw, 1024px\" \/><figcaption class=\"wp-element-caption\">Foto: Denis Ferreira Netto\/SEDEST<\/figcaption><\/figure>\n<\/figure>\n\n\n\n<p>AEN\/PR<\/p>\n","protected":false},"excerpt":{"rendered":"<p>O Instituto \u00c1gua e Terra (IAT), autarquia vinculada \u00e0 Secretaria de Estado do Desenvolvimento Sustent\u00e1vel (Sedest), transformou-se no lar tempor\u00e1rio de parte da fauna silvestre\u00a0resgatada pela Pol\u00edcia Civil do Paran\u00e1\u00a0durante opera\u00e7\u00e3o que desarticulou na ter\u00e7a-feira (17) um dos maiores grupos de tr\u00e1fico internacional de animais do Pa\u00eds. Todos os 41 animais encaminhados ao \u00f3rg\u00e3o ambiental, [&hellip;]<\/p>\n","protected":false},"author":2,"featured_media":68947,"comment_status":"open","ping_status":"open","sticky":false,"template":"","format":"standard","meta":{"advanced_seo_description":"","jetpack_seo_html_title":"","jetpack_seo_noindex":false,"_jetpack_memberships_contains_paid_content":false,"footnotes":""},"categories":[40],"tags":[],"class_list":{"0":"post-68932","1":"post","2":"type-post","3":"status-publish","4":"format-standard","5":"has-post-thumbnail","7":"category-destaques"},"jetpack_featured_media_url":"https:\/\/www.paranapraia.com.br\/wp-content\/uploads\/2025\/06\/gecko_001-1-scaled.jpg","jetpack_sharing_enabled":true,"_links":{"self":[{"href":"https:\/\/www.paranapraia.com.br\/index.php\/wp-json\/wp\/v2\/posts\/68932"}],"collection":[{"href":"https:\/\/www.paranapraia.com.br\/index.php\/wp-json\/wp\/v2\/posts"}],"about":[{"href":"https:\/\/www.paranapraia.com.br\/index.php\/wp-json\/wp\/v2\/types\/post"}],"author":[{"embeddable":true,"href":"https:\/\/www.paranapraia.com.br\/index.php\/wp-json\/wp\/v2\/users\/2"}],"replies":[{"embeddable":true,"href":"https:\/\/www.paranapraia.com.br\/index.php\/wp-json\/wp\/v2\/comments?post=68932"}],"version-history":[{"count":2,"href":"https:\/\/www.paranapraia.com.br\/index.php\/wp-json\/wp\/v2\/posts\/68932\/revisions"}],"predecessor-version":[{"id":68949,"href":"https:\/\/www.paranapraia.com.br\/index.php\/wp-json\/wp\/v2\/posts\/68932\/revisions\/68949"}],"wp:featuredmedia":[{"embeddable":true,"href":"https:\/\/www.paranapraia.com.br\/index.php\/wp-json\/wp\/v2\/media\/68947"}],"wp:attachment":[{"href":"https:\/\/www.paranapraia.com.br\/index.php\/wp-json\/wp\/v2\/media?parent=68932"}],"wp:term":[{"taxonomy":"category","embeddable":true,"href":"https:\/\/www.paranapraia.com.br\/index.php\/wp-json\/wp\/v2\/categories?post=68932"},{"taxonomy":"post_tag","embeddable":true,"href":"https:\/\/www.paranapraia.com.br\/index.php\/wp-json\/wp\/v2\/tags?post=68932"}],"curies":[{"name":"wp","href":"https:\/\/api.w.org\/{rel}","templated":true}]}}