{"id":68928,"date":"2025-06-18T12:44:31","date_gmt":"2025-06-18T15:44:31","guid":{"rendered":"https:\/\/www.paranapraia.com.br\/?p=68928"},"modified":"2025-06-18T12:44:35","modified_gmt":"2025-06-18T15:44:35","slug":"ex-aluna-do-guaira-primeira-bailarina-do-philadelphia-ballet-retorna-para-aula-especial","status":"publish","type":"post","link":"https:\/\/www.paranapraia.com.br\/index.php\/2025\/06\/18\/ex-aluna-do-guaira-primeira-bailarina-do-philadelphia-ballet-retorna-para-aula-especial\/","title":{"rendered":"Ex-aluna do Gua\u00edra, primeira bailarina do Philadelphia Ballet retorna para aula especial"},"content":{"rendered":"\n<p>O palco que impulsionou os primeiros passos da bailarina Nayara Lopes voltou a receb\u00ea-la nesta semana em Curitiba. Primeira bailarina do Philadelphia Ballet, nos Estados Unidos, Nayara aproveitou o per\u00edodo de f\u00e9rias no Brasil para voltar ao Teatro Gua\u00edra, onde iniciou sua forma\u00e7\u00e3o, para uma visita especial.&nbsp;<\/p>\n\n\n\n<p>Durante a estadia, ela tem participado de aulas com a Companhia do Bal\u00e9 Teatro Gua\u00edra e, nesta ter\u00e7a-feira (17), ministrou uma aula para alunos da Escola de Dan\u00e7a Teatro Gua\u00edra (EDTG), na qual iniciou sua trajet\u00f3ria ainda na inf\u00e2ncia.<\/p>\n\n\n\n<p>\u201cFoi aqui que aprendi a amar o bal\u00e9\u201d, resumiu Nayara. \u201cToda vez que volto, sinto essa paix\u00e3o reacender. O Gua\u00edra me deu muito apoio, tanto f\u00edsico quanto mental. As professoras nos ajudavam a entender quem \u00e9ramos como bailarinas e como pessoas. Isso ficou comigo para sempre\u201d, disse.&nbsp;<\/p>\n\n\n\n<p>A artista foi aluna da EDTG entre 1999 e 2007 e, desde ent\u00e3o, trilhou uma carreira internacional marcada por talento, persist\u00eancia e supera\u00e7\u00e3o. Iniciou sua forma\u00e7\u00e3o nos Estados Unidos, na escola do American Ballet Theatre, dan\u00e7ou no National Ballet of Canada, Orlando Ballet II e no renomado Dance Theatre of Harlem, de Nova York.&nbsp;<\/p>\n\n\n\n<p>Desde 2016, ela integra o Philadelphia Ballet, onde foi promovida ao posto de primeira bailarina em 2021, ap\u00f3s uma apresenta\u00e7\u00e3o de&nbsp;The Nutcracker, de George Balanchine.<\/p>\n\n\n\n<p>A presen\u00e7a de Nayara no Gua\u00edra teve um impulso especial: foi a m\u00e3e dela, Ilza Macedo Lopes, que entrou em contato para avisar que a filha estaria no Brasil. Com o celular sempre a postos para gravar a filha, ela tamb\u00e9m estava presente na aula. \u201cNayara sempre fala com carinho do nome da Escola em que iniciou a forma\u00e7\u00e3o, ent\u00e3o acho importante manter esse contato e repassar a experi\u00eancia dela para quem est\u00e1 vindo\u201d, comentou.&nbsp;<\/p>\n\n\n\n<p>Para a m\u00e3e, estar de volta ao Teatro \u00e9 tamb\u00e9m reviver os tempos em que trazia e buscava a filha todos os dias para as aulas de dan\u00e7a.<\/p>\n\n\n\n<p>Esse caminho, trilhado tamb\u00e9m pela fam\u00edlia, at\u00e9 os grandes palcos n\u00e3o foi simples. Nayara lembra que, ao deixar o Brasil aos 16 anos, com apenas 200 d\u00f3lares no bolso, precisou trabalhar como faxineira e atendente de caf\u00e9 para se manter. \u201cA gente acha que \u00e9 mais f\u00e1cil morar fora, mas n\u00e3o \u00e9. Foi muito dif\u00edcil no come\u00e7o, eu fazia de tudo. Era faxina de manh\u00e3 e ensaio \u00e0 tarde. A arte exige entrega, mas alimenta a alma. E vale a pena\u201d, afirmou.<\/p>\n\n\n\n<figure class=\"wp-block-image size-large\"><img loading=\"lazy\" decoding=\"async\" width=\"1024\" height=\"684\" src=\"https:\/\/www.paranapraia.com.br\/wp-content\/uploads\/2025\/06\/dsc5668_foto-_kraw_penas-seec-1024x684.jpg\" alt=\"\" class=\"wp-image-68929\" srcset=\"https:\/\/www.paranapraia.com.br\/wp-content\/uploads\/2025\/06\/dsc5668_foto-_kraw_penas-seec-1024x684.jpg 1024w, https:\/\/www.paranapraia.com.br\/wp-content\/uploads\/2025\/06\/dsc5668_foto-_kraw_penas-seec-300x200.jpg 300w, https:\/\/www.paranapraia.com.br\/wp-content\/uploads\/2025\/06\/dsc5668_foto-_kraw_penas-seec-768x513.jpg 768w, https:\/\/www.paranapraia.com.br\/wp-content\/uploads\/2025\/06\/dsc5668_foto-_kraw_penas-seec-1536x1025.jpg 1536w, https:\/\/www.paranapraia.com.br\/wp-content\/uploads\/2025\/06\/dsc5668_foto-_kraw_penas-seec-696x465.jpg 696w, https:\/\/www.paranapraia.com.br\/wp-content\/uploads\/2025\/06\/dsc5668_foto-_kraw_penas-seec-1068x713.jpg 1068w, https:\/\/www.paranapraia.com.br\/wp-content\/uploads\/2025\/06\/dsc5668_foto-_kraw_penas-seec-scaled.jpg 800w\" sizes=\"(max-width: 1024px) 100vw, 1024px\" \/><figcaption class=\"wp-element-caption\">Ex-aluna, bailarina internacional Nayara Lopes retorna ao Teatro Gua\u00edra para aula especial na Escola de Dan\u00e7a Foto: Kraw Penas\/SEEC-PR<\/figcaption><\/figure>\n\n\n\n<p>Com uma agenda intensa de apresenta\u00e7\u00f5es nos Estados Unidos e agora tamb\u00e9m na Finl\u00e2ndia, onde inicia uma nova fase como primeira solista, Nayara encontra nas pequenas pausas no Brasil uma oportunidade de reencontro com suas ra\u00edzes. \u201cVoltar para o Gua\u00edra \u00e9 voltar para casa. Aprendi muito cedo com as professoras. \u00c9 muito do nosso jeitinho de ensinar e \u00e9 onde tudo come\u00e7ou, onde tive meus primeiros sentimentos com a dan\u00e7a\u201d, disse.<\/p>\n\n\n\n<p><strong>CONSELHOS PROFISSIONAIS &#8211;<\/strong>&nbsp;Durante a visita, al\u00e9m de reencontrar antigos professores e colegas, ela compartilhou com os estudantes da escola conselhos valiosos: \u201cSejam aut\u00eanticos, persistentes e n\u00e3o tenham medo de ser quem s\u00e3o. A arte precisa de pessoas diferentes, com personalidade. \u00c9 isso que faz o brasileiro se destacar l\u00e1 fora.\u201d<\/p>\n\n\n\n<p>Entre os alunos da Escola de Dan\u00e7a Teatro Gua\u00edra, a aula com a primeira bailarina do Philadelphia Ballet deixou marcas. Para Luis Ricardo dos Santos, a experi\u00eancia foi \u00fanica: \u201cA gente aprende muito, mas com esse incentivo e com as palavras dela, se sente muito mais motivado, v\u00ea que tem um caminho a se seguir, \u00e9 uma luz\u201d, afirmou. A&nbsp;hist\u00f3ria de Nayara tamb\u00e9m inspira&nbsp;Ewelina Guiz de Ara\u00fajo: \u201cFoi a minha primeira vez vendo uma bailarina t\u00e3o grande, foi uma experi\u00eancia esclarecedora ver o meu sonho na minha frente.\u201d<\/p>\n\n\n\n<p>Para a diretora da Escola de Dan\u00e7a, Larissa Pansera, a presen\u00e7a de Nayara \u00e9 motivo de celebra\u00e7\u00e3o. \u201c\u00c9 uma viv\u00eancia para a escola, para os alunos, at\u00e9 para os professores, e para mim, que n\u00e3o tem pre\u00e7o. \u00c9 incr\u00edvel. Ela teve sua primeira experi\u00eancia muito bacana dan\u00e7ando aqui no Gua\u00edra, \u00e9 bem inspirador. Temos a ideia do glamour da vida da bailarina, mas \u00e9 um sonho e tamb\u00e9m \u00e9 vida real, mostra que isso pode ser poss\u00edvel.\u201d<\/p>\n\n\n\n<p>O diretor art\u00edstico do Teatro Gua\u00edra, \u00c1ldice Lopes, tamb\u00e9m destaca a relev\u00e2ncia do momento: \u201cA volta da Nayara refor\u00e7a o papel da Escola de Dan\u00e7a como celeiro de talentos que impactam o mundo. Ela representa com brilho a pot\u00eancia da arte paranaense no cen\u00e1rio internacional.\u201d<\/p>\n\n\n\n<p>Entre ensaios e conversas nos corredores do teatro, Nayara guarda um desejo: \u201cQuero voltar ao palco do Guair\u00e3o como bailarina. Ainda \u00e9 o meu sonho.\u201d&nbsp;<\/p>\n\n\n\n<p><strong>EDTG &#8211;&nbsp;<\/strong>Completando 69 anos de hist\u00f3ria em 2025, a Escola de Dan\u00e7a Teatro Gua\u00edra \u00e9 o corpo art\u00edstico mais antigo do Teatro e oferece um curso com sete anos de dura\u00e7\u00e3o, do n\u00edvel preparat\u00f3rio ao aperfei\u00e7oamento, com aulas de bal\u00e9 cl\u00e1ssico, dan\u00e7a contempor\u00e2nea, hist\u00f3ria da dan\u00e7a e m\u00fasica. Atualmente, s\u00e3o 110 alunos em forma\u00e7\u00e3o.<\/p>\n\n\n\n<p>O ingresso na Escola ocorre por meio de processo seletivo &#8211; o pr\u00f3ximo est\u00e1 previsto para fevereiro de 2026. As inscri\u00e7\u00f5es s\u00e3o realizadas na secretaria da EDTG.<\/p>\n\n\n\n<p>AEN\/PR<\/p>\n","protected":false},"excerpt":{"rendered":"<p>O palco que impulsionou os primeiros passos da bailarina Nayara Lopes voltou a receb\u00ea-la nesta semana em Curitiba. Primeira bailarina do Philadelphia Ballet, nos Estados Unidos, Nayara aproveitou o per\u00edodo de f\u00e9rias no Brasil para voltar ao Teatro Gua\u00edra, onde iniciou sua forma\u00e7\u00e3o, para uma visita especial.&nbsp; Durante a estadia, ela tem participado de aulas [&hellip;]<\/p>\n","protected":false},"author":2,"featured_media":68930,"comment_status":"open","ping_status":"open","sticky":false,"template":"","format":"standard","meta":{"advanced_seo_description":"","jetpack_seo_html_title":"","jetpack_seo_noindex":false,"_jetpack_memberships_contains_paid_content":false,"footnotes":""},"categories":[40],"tags":[],"class_list":{"0":"post-68928","1":"post","2":"type-post","3":"status-publish","4":"format-standard","5":"has-post-thumbnail","7":"category-destaques"},"jetpack_featured_media_url":"https:\/\/www.paranapraia.com.br\/wp-content\/uploads\/2025\/06\/dsc5875_foto-_kraw_penas-seec-scaled.jpg","jetpack_sharing_enabled":true,"_links":{"self":[{"href":"https:\/\/www.paranapraia.com.br\/index.php\/wp-json\/wp\/v2\/posts\/68928"}],"collection":[{"href":"https:\/\/www.paranapraia.com.br\/index.php\/wp-json\/wp\/v2\/posts"}],"about":[{"href":"https:\/\/www.paranapraia.com.br\/index.php\/wp-json\/wp\/v2\/types\/post"}],"author":[{"embeddable":true,"href":"https:\/\/www.paranapraia.com.br\/index.php\/wp-json\/wp\/v2\/users\/2"}],"replies":[{"embeddable":true,"href":"https:\/\/www.paranapraia.com.br\/index.php\/wp-json\/wp\/v2\/comments?post=68928"}],"version-history":[{"count":1,"href":"https:\/\/www.paranapraia.com.br\/index.php\/wp-json\/wp\/v2\/posts\/68928\/revisions"}],"predecessor-version":[{"id":68931,"href":"https:\/\/www.paranapraia.com.br\/index.php\/wp-json\/wp\/v2\/posts\/68928\/revisions\/68931"}],"wp:featuredmedia":[{"embeddable":true,"href":"https:\/\/www.paranapraia.com.br\/index.php\/wp-json\/wp\/v2\/media\/68930"}],"wp:attachment":[{"href":"https:\/\/www.paranapraia.com.br\/index.php\/wp-json\/wp\/v2\/media?parent=68928"}],"wp:term":[{"taxonomy":"category","embeddable":true,"href":"https:\/\/www.paranapraia.com.br\/index.php\/wp-json\/wp\/v2\/categories?post=68928"},{"taxonomy":"post_tag","embeddable":true,"href":"https:\/\/www.paranapraia.com.br\/index.php\/wp-json\/wp\/v2\/tags?post=68928"}],"curies":[{"name":"wp","href":"https:\/\/api.w.org\/{rel}","templated":true}]}}