{"id":68925,"date":"2025-06-18T12:40:07","date_gmt":"2025-06-18T15:40:07","guid":{"rendered":"https:\/\/www.paranapraia.com.br\/?p=68925"},"modified":"2025-06-18T12:40:11","modified_gmt":"2025-06-18T15:40:11","slug":"disque-idoso-tem-queda-de-69-nas-denuncias-no-primeiro-quadrimestre-de-2025","status":"publish","type":"post","link":"https:\/\/www.paranapraia.com.br\/index.php\/2025\/06\/18\/disque-idoso-tem-queda-de-69-nas-denuncias-no-primeiro-quadrimestre-de-2025\/","title":{"rendered":"Disque Idoso tem queda de 69% nas den\u00fancias no primeiro quadrimestre de 2025"},"content":{"rendered":"\n<p>O n\u00famero de den\u00fancias no Disque Idoso do Paran\u00e1 diminuiu 69% no primeiro quadrimestre de 2025, se comparado com o mesmo per\u00edodo de 2024. De janeiro a abril do ano passado, foram registradas 1.373 den\u00fancias no canal. J\u00e1 no mesmo per\u00edodo neste ano, o total de den\u00fancias foi de 421 ocorr\u00eancias.<\/p>\n\n\n\n<p>Em 2024, os principais tipos de viol\u00eancia denunciados foram a verbal e a psicol\u00f3gica, seguidas por casos de neglig\u00eancia. A viol\u00eancia financeira e patrimonial ficou em terceiro lugar no n\u00famero de den\u00fancias. J\u00e1 neste ano, a neglig\u00eancia passou a liderar o ranking, com 227 registros, o que representa 53,9% do total de den\u00fancias no quadrimestre. Na sequ\u00eancia, aparecem a viol\u00eancia verbal e a psicol\u00f3gica.<\/p>\n\n\n\n<p>Para se ter dimens\u00e3o da queda, apenas em janeiro de 2024 o Disque Idoso registrou 451 den\u00fancias, n\u00famero superior ao total acumulado nos quatro primeiros meses de 2025. O dado evidencia n\u00e3o apenas a redu\u00e7\u00e3o nas ocorr\u00eancias, mas tamb\u00e9m o fortalecimento do canal como espa\u00e7o de orienta\u00e7\u00e3o e garantia de direitos da popula\u00e7\u00e3o idosa, al\u00e9m da fun\u00e7\u00e3o de acolhimento e encaminhamento de den\u00fancias.<\/p>\n\n\n\n<p>\u201cO Disque Idoso tem recebido diariamente den\u00fancias de viola\u00e7\u00f5es, como neglig\u00eancia e viol\u00eancia financeira, muitas vezes praticadas dentro do pr\u00f3prio ambiente familiar. Al\u00e9m disso, tamb\u00e9m prestamos orienta\u00e7\u00f5es sobre direitos, como a emiss\u00e3o da Carteira da Pessoa Idosa. \u00c9 um servi\u00e7o essencial de prote\u00e7\u00e3o, informa\u00e7\u00e3o e suporte \u00e0 nossa popula\u00e7\u00e3o idosa\u201d, afirmou Leandre Dal Ponte, secret\u00e1ria da Mulher, Igualdade Racial e Pessoa Idosa.<\/p>\n\n\n\n<p><strong>ENCAMINHAMENTO &#8211;&nbsp;<\/strong>Cada den\u00fancia registrada \u00e9 analisada pela equipe t\u00e9cnica da Coordena\u00e7\u00e3o de Preven\u00e7\u00e3o e Enfrentamento \u00e0s Viol\u00eancias contra as Pessoas Idosas, que realiza o encaminhamento mais adequado, conforme o tipo de situa\u00e7\u00e3o.<\/p>\n\n\n\n<p>A secret\u00e1ria Leandre explica que quando h\u00e1 men\u00e7\u00e3o de ocorr\u00eancia de crime, as den\u00fancias s\u00e3o encaminhadas para a Pol\u00edcia Civil. No caso de viola\u00e7\u00e3o de direitos, riscos sociais ou fragilidade nos v\u00ednculos familiares, as den\u00fancias s\u00e3o direcionadas \u00e0 rede de prote\u00e7\u00e3o social dos munic\u00edpios. E, nos casos de irregularidades em Institui\u00e7\u00f5es de Longa Perman\u00eancia para Idosos (ILPIs), as den\u00fancias s\u00e3o encaminhadas aos Conselhos Municipais dos Direitos da Pessoa Idosa (CMDPI), que atuam em articula\u00e7\u00e3o com os \u00f3rg\u00e3os competentes para fiscalizar os estabelecimentos.<\/p>\n\n\n\n<p><strong>AVAN\u00c7OS &#8211;&nbsp;<\/strong>&nbsp;O Paran\u00e1 passa por um processo de transforma\u00e7\u00e3o das pol\u00edticas p\u00fablicas voltadas \u00e0 pessoa idosa, impulsionado pela queda nas den\u00fancias e pelo crescimento expressivo desse p\u00fablico no Estado. Em resposta a esse cen\u00e1rio, o Governo tem intensificado a\u00e7\u00f5es que promovem a dignidade, fortalecem a preven\u00e7\u00e3o e ampliam o acesso a direitos, consolidando uma rede de prote\u00e7\u00e3o ativa e permanente para quem tem 60 anos ou mais.<\/p>\n\n\n\n<p>Larissa Marsolik, diretora de Pol\u00edticas P\u00fablicas para a Pessoa Idosa na SEMIPI, ponderou que o n\u00famero menor de den\u00fancias no Paran\u00e1 n\u00e3o significa necessariamente uma redu\u00e7\u00e3o nas viola\u00e7\u00f5es contra a pessoa idosa, mas sim o resultado de uma atua\u00e7\u00e3o mais forte do Estado na informa\u00e7\u00e3o, preven\u00e7\u00e3o e fortalecimento da rede de prote\u00e7\u00e3o.<\/p>\n\n\n\n<p>\u201cEstamos passando por uma reestrutura\u00e7\u00e3o das pol\u00edticas p\u00fablicas da pessoa idosa. O Paran\u00e1 caminha para ter mais pessoas com 60 anos ou mais do que crian\u00e7as e adolescentes de 0 a 14 anos. E isso exige uma resposta do poder p\u00fablico \u00e0 altura, com pol\u00edticas que garantam n\u00e3o s\u00f3 atendimento, mas tamb\u00e9m preven\u00e7\u00e3o, informa\u00e7\u00e3o e dignidade ao envelhecimento\u201d, afirmou Larissa.<\/p>\n\n\n\n<p>Desde 1997, o Governo do Paran\u00e1 mant\u00e9m o Disque Idoso, um canal telef\u00f4nico gratuito para orienta\u00e7\u00e3o sobre temas de interesse das pessoas idosas. O servi\u00e7o, gerenciado atualmente pela Secretaria da Mulher, Igualdade Racial e Pessoa Idosa (SEMIPI), presta informa\u00e7\u00f5es, recebe elogios, sugest\u00f5es e tamb\u00e9m \u00e9 um importante canal de den\u00fancias de viol\u00eancia contra essa popula\u00e7\u00e3o.&nbsp;<\/p>\n\n\n\n<p><strong>SERVI\u00c7O<\/strong><\/p>\n\n\n\n<p>&nbsp;O Disque Idoso possui os seguintes canais de den\u00fancia:<\/p>\n\n\n\n<p>E-mail (disqueidoso@semipi.pr.gov.br)<\/p>\n\n\n\n<p>Telefone: 0800-141-0001<\/p>\n\n\n\n<p>AEN\/PR<\/p>\n","protected":false},"excerpt":{"rendered":"<p>O n\u00famero de den\u00fancias no Disque Idoso do Paran\u00e1 diminuiu 69% no primeiro quadrimestre de 2025, se comparado com o mesmo per\u00edodo de 2024. De janeiro a abril do ano passado, foram registradas 1.373 den\u00fancias no canal. J\u00e1 no mesmo per\u00edodo neste ano, o total de den\u00fancias foi de 421 ocorr\u00eancias. Em 2024, os principais [&hellip;]<\/p>\n","protected":false},"author":2,"featured_media":68926,"comment_status":"open","ping_status":"open","sticky":false,"template":"","format":"standard","meta":{"advanced_seo_description":"","jetpack_seo_html_title":"","jetpack_seo_noindex":false,"_jetpack_memberships_contains_paid_content":false,"footnotes":""},"categories":[1],"tags":[],"class_list":{"0":"post-68925","1":"post","2":"type-post","3":"status-publish","4":"format-standard","5":"has-post-thumbnail","7":"category-sem-categoria"},"jetpack_featured_media_url":"https:\/\/www.paranapraia.com.br\/wp-content\/uploads\/2025\/06\/whatsapp_image_2025-06-18_at_09.15.39-scaled.jpg","jetpack_sharing_enabled":true,"_links":{"self":[{"href":"https:\/\/www.paranapraia.com.br\/index.php\/wp-json\/wp\/v2\/posts\/68925"}],"collection":[{"href":"https:\/\/www.paranapraia.com.br\/index.php\/wp-json\/wp\/v2\/posts"}],"about":[{"href":"https:\/\/www.paranapraia.com.br\/index.php\/wp-json\/wp\/v2\/types\/post"}],"author":[{"embeddable":true,"href":"https:\/\/www.paranapraia.com.br\/index.php\/wp-json\/wp\/v2\/users\/2"}],"replies":[{"embeddable":true,"href":"https:\/\/www.paranapraia.com.br\/index.php\/wp-json\/wp\/v2\/comments?post=68925"}],"version-history":[{"count":1,"href":"https:\/\/www.paranapraia.com.br\/index.php\/wp-json\/wp\/v2\/posts\/68925\/revisions"}],"predecessor-version":[{"id":68927,"href":"https:\/\/www.paranapraia.com.br\/index.php\/wp-json\/wp\/v2\/posts\/68925\/revisions\/68927"}],"wp:featuredmedia":[{"embeddable":true,"href":"https:\/\/www.paranapraia.com.br\/index.php\/wp-json\/wp\/v2\/media\/68926"}],"wp:attachment":[{"href":"https:\/\/www.paranapraia.com.br\/index.php\/wp-json\/wp\/v2\/media?parent=68925"}],"wp:term":[{"taxonomy":"category","embeddable":true,"href":"https:\/\/www.paranapraia.com.br\/index.php\/wp-json\/wp\/v2\/categories?post=68925"},{"taxonomy":"post_tag","embeddable":true,"href":"https:\/\/www.paranapraia.com.br\/index.php\/wp-json\/wp\/v2\/tags?post=68925"}],"curies":[{"name":"wp","href":"https:\/\/api.w.org\/{rel}","templated":true}]}}