{"id":68812,"date":"2025-06-16T15:45:27","date_gmt":"2025-06-16T18:45:27","guid":{"rendered":"https:\/\/www.paranapraia.com.br\/?p=68812"},"modified":"2025-06-16T15:45:29","modified_gmt":"2025-06-16T18:45:29","slug":"segunda-etapa-dos-jogos-da-integracao-do-idoso-reuniu-atletas-em-pontal-do-parana","status":"publish","type":"post","link":"https:\/\/www.paranapraia.com.br\/index.php\/2025\/06\/16\/segunda-etapa-dos-jogos-da-integracao-do-idoso-reuniu-atletas-em-pontal-do-parana\/","title":{"rendered":"Segunda etapa dos Jogos da Integra\u00e7\u00e3o do Idoso reuniu atletas em Pontal do Paran\u00e1"},"content":{"rendered":"\n<p>A segunda abertura da S\u00e9rie Bronze dos Jogos da Integra\u00e7\u00e3o do Idoso (JIIDOs) movimentou a noite de quinta-feira, 12 de junho, na Associa\u00e7\u00e3o Banestado, em Praia de Leste, em Pontal do Paran\u00e1.<\/p>\n\n\n\n<p>A segunda etapa dos JIIDOs foi realizada entre os dias 12 e 15 de junho e deu continuidade \u00e0 proposta de reunir idosos em atividades esportivas e culturais.<\/p>\n\n\n\n<p>As disputas inclu\u00edram modalidades coletivas como v\u00f4lei c\u00e2mbio, handebol por zona e basquete rel\u00f3gio, al\u00e9m de provas individuais como xadrez, domin\u00f3, peteca e t\u00eanis de mesa.<\/p>\n\n\n\n<p>Um dos pontos altos da programa\u00e7\u00e3o foi o Baile Mix Dan\u00e7ante, que animou a noite do dia 13 e contagiou os participantes com m\u00fasica e descontra\u00e7\u00e3o.<\/p>\n\n\n\n<p>O evento contou com a presen\u00e7a de lideran\u00e7as locais e estaduais, entre elas o secret\u00e1rio municipal de esportes, Eduardo Sa\u00e7aki; o secret\u00e1rio estadual do Esporte, H\u00e9lio Wirbiski; e o diretor de Inova\u00e7\u00f5es da SEES, Tiago Campos.<\/p>\n\n\n\n<p>Promovidos pelo Governo do Estado por meio da Secretaria do Esporte (SEES) e com apoio da Secretaria da Mulher, Igualdade Racial e Pessoa Idosa (Semipi), os Jogos da Integra\u00e7\u00e3o do Idoso t\u00eam como foco proporcionar momentos de conviv\u00eancia, atividade f\u00edsica e lazer para idosos de diferentes munic\u00edpios do Paran\u00e1.<\/p>\n\n\n\n<p>Os JIIDOs seguem at\u00e9 novembro com mais duas etapas: a S\u00e9rie Prata, de 1\u00ba a 5 de outubro, em Bandeirantes, e a S\u00e9rie Ouro, de 5 a 9 de novembro, em Guaratuba.<br>Ao longo das fases, a expectativa \u00e9 reunir cerca de 3 mil atletas de diferentes cidades.<\/p>\n\n\n\n<p>Com o encerramento da S\u00e9rie Bronze no s\u00e1bado (15), a segunda etapa deixou um rastro de boas hist\u00f3rias, conex\u00f5es e movimento.<\/p>\n\n\n\n<p>A cada edi\u00e7\u00e3o, os JIIDOs mostram que o envelhecimento pode e deve ser vivido com disposi\u00e7\u00e3o, sa\u00fade e alegria.<\/p>\n\n\n\n<p>\ud83d\udcf7Fotos: PMPPR: Clovis Santos<\/p>\n","protected":false},"excerpt":{"rendered":"<p>A segunda abertura da S\u00e9rie Bronze dos Jogos da Integra\u00e7\u00e3o do Idoso (JIIDOs) movimentou a noite de quinta-feira, 12 de junho, na Associa\u00e7\u00e3o Banestado, em Praia de Leste, em Pontal do Paran\u00e1. A segunda etapa dos JIIDOs foi realizada entre os dias 12 e 15 de junho e deu continuidade \u00e0 proposta de reunir idosos [&hellip;]<\/p>\n","protected":false},"author":2,"featured_media":68813,"comment_status":"open","ping_status":"open","sticky":false,"template":"","format":"standard","meta":{"advanced_seo_description":"","jetpack_seo_html_title":"","jetpack_seo_noindex":false,"_jetpack_memberships_contains_paid_content":false,"footnotes":""},"categories":[65],"tags":[838,318],"class_list":{"0":"post-68812","1":"post","2":"type-post","3":"status-publish","4":"format-standard","5":"has-post-thumbnail","7":"category-pontal-do-parana","8":"tag-esporte","9":"tag-pontal-do-parana"},"jetpack_featured_media_url":"https:\/\/www.paranapraia.com.br\/wp-content\/uploads\/2025\/06\/FB_IMG_1750099440140-scaled.jpg","jetpack_sharing_enabled":true,"_links":{"self":[{"href":"https:\/\/www.paranapraia.com.br\/index.php\/wp-json\/wp\/v2\/posts\/68812"}],"collection":[{"href":"https:\/\/www.paranapraia.com.br\/index.php\/wp-json\/wp\/v2\/posts"}],"about":[{"href":"https:\/\/www.paranapraia.com.br\/index.php\/wp-json\/wp\/v2\/types\/post"}],"author":[{"embeddable":true,"href":"https:\/\/www.paranapraia.com.br\/index.php\/wp-json\/wp\/v2\/users\/2"}],"replies":[{"embeddable":true,"href":"https:\/\/www.paranapraia.com.br\/index.php\/wp-json\/wp\/v2\/comments?post=68812"}],"version-history":[{"count":1,"href":"https:\/\/www.paranapraia.com.br\/index.php\/wp-json\/wp\/v2\/posts\/68812\/revisions"}],"predecessor-version":[{"id":68814,"href":"https:\/\/www.paranapraia.com.br\/index.php\/wp-json\/wp\/v2\/posts\/68812\/revisions\/68814"}],"wp:featuredmedia":[{"embeddable":true,"href":"https:\/\/www.paranapraia.com.br\/index.php\/wp-json\/wp\/v2\/media\/68813"}],"wp:attachment":[{"href":"https:\/\/www.paranapraia.com.br\/index.php\/wp-json\/wp\/v2\/media?parent=68812"}],"wp:term":[{"taxonomy":"category","embeddable":true,"href":"https:\/\/www.paranapraia.com.br\/index.php\/wp-json\/wp\/v2\/categories?post=68812"},{"taxonomy":"post_tag","embeddable":true,"href":"https:\/\/www.paranapraia.com.br\/index.php\/wp-json\/wp\/v2\/tags?post=68812"}],"curies":[{"name":"wp","href":"https:\/\/api.w.org\/{rel}","templated":true}]}}