{"id":68800,"date":"2025-06-16T13:09:11","date_gmt":"2025-06-16T16:09:11","guid":{"rendered":"https:\/\/www.paranapraia.com.br\/?p=68800"},"modified":"2025-06-16T13:09:14","modified_gmt":"2025-06-16T16:09:14","slug":"portos-do-parana-participa-de-mutirao-que-retirou-mais-de-meia-tonelada-de-lixo-dos-manguezais","status":"publish","type":"post","link":"https:\/\/www.paranapraia.com.br\/index.php\/2025\/06\/16\/portos-do-parana-participa-de-mutirao-que-retirou-mais-de-meia-tonelada-de-lixo-dos-manguezais\/","title":{"rendered":"Portos do Paran\u00e1 participa de mutir\u00e3o que retirou mais de meia tonelada de lixo dos manguezais"},"content":{"rendered":"\n<p>A Portos do Paran\u00e1, em parceria com o projeto Guardi\u00f5es dos Manguezais Parnanguaras, retirou 675 quilos de res\u00edduos dos mangues de Paranagu\u00e1. A a\u00e7\u00e3o tamb\u00e9m contou com a participa\u00e7\u00e3o da Cia Ambiental, empresa contratada pela autoridade portu\u00e1ria para auxiliar no desenvolvimento de projetos socioambientais. Desde 2019, as a\u00e7\u00f5es de limpeza realizadas pela Portos do Paran\u00e1 no Litoral j\u00e1 recolheram 10,8 toneladas de lixo. O mutir\u00e3o foi na sexta-feira (13).<\/p>\n\n\n\n<p>\u201cEstamos exatamente no meio da d\u00e9cada do Oceano, estabelecida pela ONU em 2017. Os mutir\u00f5es de limpeza dos manguezais s\u00e3o uma marca da Portos do Paran\u00e1 na luta contra a polui\u00e7\u00e3o dos mangues, que protegem a nossa zona costeira e que s\u00e3o tamb\u00e9m o ber\u00e7\u00e1rio dos oceanos. \u00c9 um momento simb\u00f3lico de conscientiza\u00e7\u00e3o social para o descarte correto de res\u00edduos\u201d, destacou o diretor de Meio Ambiente da Portos do Paran\u00e1, Jo\u00e3o Paulo Santana.<\/p>\n\n\n\n<p>Em um \u00fanico dia, foram realizadas tr\u00eas frentes de limpeza nos manguezais. A primeira, pela manh\u00e3, foi coordenada pelos Guardi\u00f5es dos Manguezais Parnanguaras e aconteceu em terra firme. \u00c0 tarde, a Portos do Paran\u00e1 promoveu a limpeza na \u00e1rea alagada do bairro Oceania.<\/p>\n\n\n\n<p>A terceira a\u00e7\u00e3o, em conjunto com os Guardi\u00f5es, foi no Rio Itiber\u00ea e nas proximidades da Ilha dos Valadares, em apoio \u00e0 nova pintura do Aqu\u00e1rio \u2014 obra assinada pelo artista Gio Negromonte, no projeto Museu Urbano do Fandango Cai\u00e7ara.<\/p>\n\n\n\n<p>Al\u00e9m de lixo urbano comum, as equipes retiraram res\u00edduos trazidos por correntes mar\u00edtimas de diferentes regi\u00f5es do planeta, que ficaram presos nas margens do Rio Itiber\u00ea. Entre os materiais mais encontrados estavam garrafas PET e sacolas pl\u00e1sticas, al\u00e9m de objetos curiosos como um capacete e uma cadeira.<\/p>\n\n\n\n<p>\u201cO lixo, especialmente o pl\u00e1stico, \u00e9 um grave problema ambiental. Muitos desses res\u00edduos liberam micropl\u00e1sticos com o tempo e, infelizmente, acabam sendo ingeridos por animais que os confundem com alimento\u201d, alertou Pedro Pisacco, coordenador de Comunica\u00e7\u00e3o, Educa\u00e7\u00e3o e Sustentabilidade da Portos do Paran\u00e1.<\/p>\n\n\n\n<p>O projeto Guardi\u00f5es dos Manguezais, apoiado pela empresa Cattalini Terminais Mar\u00edtimos \u2014 que opera um Terminal de Uso Privado (TUP) para exporta\u00e7\u00e3o de gran\u00e9is l\u00edquidos \u2014 e executado pela MarBrasil, refor\u00e7a a proposta de conscientiza\u00e7\u00e3o ambiental da popula\u00e7\u00e3o quanto ao descarte correto de res\u00edduos.<\/p>\n\n\n\n<p>\u201cTemos observado um problema regional em Paranagu\u00e1 relacionado ao descarte incorreto do lixo. Todo res\u00edduo lan\u00e7ado no mar ou despejado de forma inadequada acaba indo parar no manguezal. Convidamos a popula\u00e7\u00e3o a participar dos mutir\u00f5es e desenvolver uma consci\u00eancia ambiental mais forte\u201d, afirmou Karinne Souza Lugo, representante dos Guardi\u00f5es.<\/p>\n\n\n\n<p>AEN\/PR<\/p>\n","protected":false},"excerpt":{"rendered":"<p>A Portos do Paran\u00e1, em parceria com o projeto Guardi\u00f5es dos Manguezais Parnanguaras, retirou 675 quilos de res\u00edduos dos mangues de Paranagu\u00e1. A a\u00e7\u00e3o tamb\u00e9m contou com a participa\u00e7\u00e3o da Cia Ambiental, empresa contratada pela autoridade portu\u00e1ria para auxiliar no desenvolvimento de projetos socioambientais. Desde 2019, as a\u00e7\u00f5es de limpeza realizadas pela Portos do Paran\u00e1 [&hellip;]<\/p>\n","protected":false},"author":2,"featured_media":68801,"comment_status":"open","ping_status":"open","sticky":false,"template":"","format":"standard","meta":{"advanced_seo_description":"","jetpack_seo_html_title":"","jetpack_seo_noindex":false,"_jetpack_memberships_contains_paid_content":false,"footnotes":""},"categories":[74],"tags":[],"class_list":{"0":"post-68800","1":"post","2":"type-post","3":"status-publish","4":"format-standard","5":"has-post-thumbnail","7":"category-setor-portuario"},"jetpack_featured_media_url":"https:\/\/www.paranapraia.com.br\/wp-content\/uploads\/2025\/06\/img_9502_1-scaled.jpg","jetpack_sharing_enabled":true,"_links":{"self":[{"href":"https:\/\/www.paranapraia.com.br\/index.php\/wp-json\/wp\/v2\/posts\/68800"}],"collection":[{"href":"https:\/\/www.paranapraia.com.br\/index.php\/wp-json\/wp\/v2\/posts"}],"about":[{"href":"https:\/\/www.paranapraia.com.br\/index.php\/wp-json\/wp\/v2\/types\/post"}],"author":[{"embeddable":true,"href":"https:\/\/www.paranapraia.com.br\/index.php\/wp-json\/wp\/v2\/users\/2"}],"replies":[{"embeddable":true,"href":"https:\/\/www.paranapraia.com.br\/index.php\/wp-json\/wp\/v2\/comments?post=68800"}],"version-history":[{"count":1,"href":"https:\/\/www.paranapraia.com.br\/index.php\/wp-json\/wp\/v2\/posts\/68800\/revisions"}],"predecessor-version":[{"id":68802,"href":"https:\/\/www.paranapraia.com.br\/index.php\/wp-json\/wp\/v2\/posts\/68800\/revisions\/68802"}],"wp:featuredmedia":[{"embeddable":true,"href":"https:\/\/www.paranapraia.com.br\/index.php\/wp-json\/wp\/v2\/media\/68801"}],"wp:attachment":[{"href":"https:\/\/www.paranapraia.com.br\/index.php\/wp-json\/wp\/v2\/media?parent=68800"}],"wp:term":[{"taxonomy":"category","embeddable":true,"href":"https:\/\/www.paranapraia.com.br\/index.php\/wp-json\/wp\/v2\/categories?post=68800"},{"taxonomy":"post_tag","embeddable":true,"href":"https:\/\/www.paranapraia.com.br\/index.php\/wp-json\/wp\/v2\/tags?post=68800"}],"curies":[{"name":"wp","href":"https:\/\/api.w.org\/{rel}","templated":true}]}}