{"id":68797,"date":"2025-06-16T13:07:05","date_gmt":"2025-06-16T16:07:05","guid":{"rendered":"https:\/\/www.paranapraia.com.br\/?p=68797"},"modified":"2025-06-16T14:27:03","modified_gmt":"2025-06-16T17:27:03","slug":"pontal-do-sul-aparece-entre-as-200-melhores-praias-de-ranking-internacional","status":"publish","type":"post","link":"https:\/\/www.paranapraia.com.br\/index.php\/2025\/06\/16\/pontal-do-sul-aparece-entre-as-200-melhores-praias-de-ranking-internacional\/","title":{"rendered":"Pontal do Sul aparece entre as 200 melhores praias de ranking internacional"},"content":{"rendered":"\n<p>O Paran\u00e1 marcou presen\u00e7a em um ranking internacional que elenca as 200 melhores praias das Am\u00e9ricas e da Pen\u00ednsula Ib\u00e9rica (territ\u00f3rio europeu que abrange Portugal e Espanha). Elaborado pelo&nbsp;<a href=\"https:\/\/www.aen.pr.gov.br\/sites\/default\/arquivos_restritos\/files\/documento\/2025-06\/ranking_mejores_playas_2025.pdf\" target=\"_blank\" rel=\"noreferrer noopener\">Centro Internacional de Forma\u00e7\u00e3o em Gest\u00e3o e Certifica\u00e7\u00e3o de Praias (CIF Playas)<\/a>&nbsp;, a lista deste ano contemplou destinos de 11 pa\u00edses, sendo uma delas a Praia de Pontal do Sul, no munic\u00edpio de Pontal do Paran\u00e1 (Litoral).<\/p>\n\n\n\n<figure class=\"wp-block-gallery has-nested-images columns-default is-cropped wp-block-gallery-1 is-layout-flex wp-block-gallery-is-layout-flex\">\n<figure class=\"wp-block-image size-large\"><img loading=\"lazy\" decoding=\"async\" width=\"1024\" height=\"576\" data-id=\"68807\" src=\"https:\/\/www.paranapraia.com.br\/wp-content\/uploads\/2025\/06\/WhatsApp-Image-2025-06-16-at-14.23.44-1-1024x576.jpeg\" alt=\"\" class=\"wp-image-68807\" srcset=\"https:\/\/www.paranapraia.com.br\/wp-content\/uploads\/2025\/06\/WhatsApp-Image-2025-06-16-at-14.23.44-1-1024x576.jpeg 1024w, https:\/\/www.paranapraia.com.br\/wp-content\/uploads\/2025\/06\/WhatsApp-Image-2025-06-16-at-14.23.44-1-300x169.jpeg 300w, https:\/\/www.paranapraia.com.br\/wp-content\/uploads\/2025\/06\/WhatsApp-Image-2025-06-16-at-14.23.44-1-768x432.jpeg 768w, https:\/\/www.paranapraia.com.br\/wp-content\/uploads\/2025\/06\/WhatsApp-Image-2025-06-16-at-14.23.44-1-1536x864.jpeg 1536w, https:\/\/www.paranapraia.com.br\/wp-content\/uploads\/2025\/06\/WhatsApp-Image-2025-06-16-at-14.23.44-1-696x392.jpeg 696w, https:\/\/www.paranapraia.com.br\/wp-content\/uploads\/2025\/06\/WhatsApp-Image-2025-06-16-at-14.23.44-1-1068x601.jpeg 1068w, https:\/\/www.paranapraia.com.br\/wp-content\/uploads\/2025\/06\/WhatsApp-Image-2025-06-16-at-14.23.44-1-scaled.jpeg 800w\" sizes=\"(max-width: 1024px) 100vw, 1024px\" \/><\/figure>\n\n\n\n<figure class=\"wp-block-image size-large\"><img loading=\"lazy\" decoding=\"async\" width=\"1024\" height=\"576\" data-id=\"68806\" src=\"https:\/\/www.paranapraia.com.br\/wp-content\/uploads\/2025\/06\/WhatsApp-Image-2025-06-16-at-14.23.44-1024x576.jpeg\" alt=\"\" class=\"wp-image-68806\" srcset=\"https:\/\/www.paranapraia.com.br\/wp-content\/uploads\/2025\/06\/WhatsApp-Image-2025-06-16-at-14.23.44-1024x576.jpeg 1024w, https:\/\/www.paranapraia.com.br\/wp-content\/uploads\/2025\/06\/WhatsApp-Image-2025-06-16-at-14.23.44-300x169.jpeg 300w, https:\/\/www.paranapraia.com.br\/wp-content\/uploads\/2025\/06\/WhatsApp-Image-2025-06-16-at-14.23.44-768x432.jpeg 768w, https:\/\/www.paranapraia.com.br\/wp-content\/uploads\/2025\/06\/WhatsApp-Image-2025-06-16-at-14.23.44-1536x864.jpeg 1536w, https:\/\/www.paranapraia.com.br\/wp-content\/uploads\/2025\/06\/WhatsApp-Image-2025-06-16-at-14.23.44-696x392.jpeg 696w, https:\/\/www.paranapraia.com.br\/wp-content\/uploads\/2025\/06\/WhatsApp-Image-2025-06-16-at-14.23.44-1068x601.jpeg 1068w, https:\/\/www.paranapraia.com.br\/wp-content\/uploads\/2025\/06\/WhatsApp-Image-2025-06-16-at-14.23.44-scaled.jpeg 800w\" sizes=\"(max-width: 1024px) 100vw, 1024px\" \/><\/figure>\n\n\n\n<figure class=\"wp-block-image size-large\"><img loading=\"lazy\" decoding=\"async\" width=\"1024\" height=\"576\" data-id=\"68809\" src=\"https:\/\/www.paranapraia.com.br\/wp-content\/uploads\/2025\/06\/WhatsApp-Image-2025-06-16-at-14.23.42-1024x576.jpeg\" alt=\"\" class=\"wp-image-68809\" srcset=\"https:\/\/www.paranapraia.com.br\/wp-content\/uploads\/2025\/06\/WhatsApp-Image-2025-06-16-at-14.23.42-1024x576.jpeg 1024w, https:\/\/www.paranapraia.com.br\/wp-content\/uploads\/2025\/06\/WhatsApp-Image-2025-06-16-at-14.23.42-300x169.jpeg 300w, https:\/\/www.paranapraia.com.br\/wp-content\/uploads\/2025\/06\/WhatsApp-Image-2025-06-16-at-14.23.42-768x432.jpeg 768w, https:\/\/www.paranapraia.com.br\/wp-content\/uploads\/2025\/06\/WhatsApp-Image-2025-06-16-at-14.23.42-1536x864.jpeg 1536w, https:\/\/www.paranapraia.com.br\/wp-content\/uploads\/2025\/06\/WhatsApp-Image-2025-06-16-at-14.23.42-696x392.jpeg 696w, https:\/\/www.paranapraia.com.br\/wp-content\/uploads\/2025\/06\/WhatsApp-Image-2025-06-16-at-14.23.42-1068x601.jpeg 1068w, https:\/\/www.paranapraia.com.br\/wp-content\/uploads\/2025\/06\/WhatsApp-Image-2025-06-16-at-14.23.42-scaled.jpeg 800w\" sizes=\"(max-width: 1024px) 100vw, 1024px\" \/><\/figure>\n\n\n\n<figure class=\"wp-block-image size-large\"><img loading=\"lazy\" decoding=\"async\" width=\"1024\" height=\"576\" data-id=\"68805\" src=\"https:\/\/www.paranapraia.com.br\/wp-content\/uploads\/2025\/06\/WhatsApp-Image-2025-06-16-at-14.23.41-1-1024x576.jpeg\" alt=\"\" class=\"wp-image-68805\" srcset=\"https:\/\/www.paranapraia.com.br\/wp-content\/uploads\/2025\/06\/WhatsApp-Image-2025-06-16-at-14.23.41-1-1024x576.jpeg 1024w, https:\/\/www.paranapraia.com.br\/wp-content\/uploads\/2025\/06\/WhatsApp-Image-2025-06-16-at-14.23.41-1-300x169.jpeg 300w, https:\/\/www.paranapraia.com.br\/wp-content\/uploads\/2025\/06\/WhatsApp-Image-2025-06-16-at-14.23.41-1-768x432.jpeg 768w, https:\/\/www.paranapraia.com.br\/wp-content\/uploads\/2025\/06\/WhatsApp-Image-2025-06-16-at-14.23.41-1-1536x864.jpeg 1536w, https:\/\/www.paranapraia.com.br\/wp-content\/uploads\/2025\/06\/WhatsApp-Image-2025-06-16-at-14.23.41-1-696x392.jpeg 696w, https:\/\/www.paranapraia.com.br\/wp-content\/uploads\/2025\/06\/WhatsApp-Image-2025-06-16-at-14.23.41-1-1068x601.jpeg 1068w, https:\/\/www.paranapraia.com.br\/wp-content\/uploads\/2025\/06\/WhatsApp-Image-2025-06-16-at-14.23.41-1-scaled.jpeg 800w\" sizes=\"(max-width: 1024px) 100vw, 1024px\" \/><\/figure>\n\n\n\n<figure class=\"wp-block-image size-large\"><img loading=\"lazy\" decoding=\"async\" width=\"1024\" height=\"576\" data-id=\"68808\" src=\"https:\/\/www.paranapraia.com.br\/wp-content\/uploads\/2025\/06\/WhatsApp-Image-2025-06-16-at-14.23.40-1-1024x576.jpeg\" alt=\"\" class=\"wp-image-68808\" srcset=\"https:\/\/www.paranapraia.com.br\/wp-content\/uploads\/2025\/06\/WhatsApp-Image-2025-06-16-at-14.23.40-1-1024x576.jpeg 1024w, https:\/\/www.paranapraia.com.br\/wp-content\/uploads\/2025\/06\/WhatsApp-Image-2025-06-16-at-14.23.40-1-300x169.jpeg 300w, https:\/\/www.paranapraia.com.br\/wp-content\/uploads\/2025\/06\/WhatsApp-Image-2025-06-16-at-14.23.40-1-768x432.jpeg 768w, https:\/\/www.paranapraia.com.br\/wp-content\/uploads\/2025\/06\/WhatsApp-Image-2025-06-16-at-14.23.40-1-1536x864.jpeg 1536w, https:\/\/www.paranapraia.com.br\/wp-content\/uploads\/2025\/06\/WhatsApp-Image-2025-06-16-at-14.23.40-1-696x392.jpeg 696w, https:\/\/www.paranapraia.com.br\/wp-content\/uploads\/2025\/06\/WhatsApp-Image-2025-06-16-at-14.23.40-1-1068x601.jpeg 1068w, https:\/\/www.paranapraia.com.br\/wp-content\/uploads\/2025\/06\/WhatsApp-Image-2025-06-16-at-14.23.40-1-scaled.jpeg 800w\" sizes=\"(max-width: 1024px) 100vw, 1024px\" \/><\/figure>\n<\/figure>\n\n\n\n<p>No ranking geral, Pontal do Sul apareceu na 126\u00aa posi\u00e7\u00e3o, \u00e0 frente de destinos renomados em pa\u00edses como M\u00e9xico, Cuba, Col\u00f4mbia, Rep\u00fablica Dominicana e Chile. J\u00e1 no recorte nacional, a praia paranaense aparece como a 27\u00aa melhor praia do Brasil em 2025.<\/p>\n\n\n\n<p>Segundo o Leonaldo Paranhos, secret\u00e1rio estadual do Turismo, Pontal do Sul \u00e9 um destino tur\u00edstico importante, principalmente porque \u00e9 um dos pontos de sa\u00eddas de barcos para a Ilha do Mel (em Paranagu\u00e1), por meio do Terminal de Embarque local.<\/p>\n\n\n\n<p>\u201cQuando uma de nossas praias \u00e9 reconhecida, todas ganham, porque a repercuss\u00e3o \u00e9 positiva e consagra um trabalho incessante do Governo do Estado em ampliar a infraestrutura, desenvolver o turismo regional, preservar \u00e1reas importantes e melhorar a vida da popula\u00e7\u00e3o\u201d, comentou.<\/p>\n\n\n\n<p>O levantamento contou com a participa\u00e7\u00e3o de 71 especialistas, entre ocean\u00f3grafos, ge\u00f3grafos, engenheiros e gestores p\u00fablicos. Segundo o CIF Playas, a metodologia empregada na composi\u00e7\u00e3o do ranking garante uma avalia\u00e7\u00e3o detalhada das condi\u00e7\u00f5es ambientais, da infraestrutura e da gest\u00e3o das praias.<\/p>\n\n\n\n<p>Segundo Irapuan Cortes, diretor-presidente do Viaje Paran\u00e1 \u2013 \u00f3rg\u00e3o de promo\u00e7\u00e3o comercial do turismo no Estado \u2013, a coloca\u00e7\u00e3o no ranking evidencia que o Paran\u00e1 tem potencial para se destacar ainda mais no cen\u00e1rio internacional, aliando desenvolvimento tur\u00edstico e preserva\u00e7\u00e3o ambiental.<\/p>\n\n\n\n<p>\u201c\u00c9 simb\u00f3lico, porque joga holofotes ao Estado e a todo o Litoral. \u00c9 com esses reconhecimentos que conseguimos alavancar no mercado produtos tur\u00edsticos importantes do Paran\u00e1, como a qualidade e infraestrutura das nossas praias, a cultura das comunidades locais, a consci\u00eancia de sustentabilidade, a gastronomia t\u00edpica, o Ver\u00e3o Maior Paran\u00e1 \u2013 maior ver\u00e3o gratuito do Brasil \u2013 e muitos outros potenciais\u201d, diz.<\/p>\n\n\n\n<p><strong>TURISMO SUSTENT\u00c1VEL \u2013&nbsp;<\/strong>O estudo do CIF Playas considerou 20 crit\u00e9rios t\u00e9cnicos, divididos em quatro grandes \u00e1reas: recrea\u00e7\u00e3o, prote\u00e7\u00e3o costeira, conserva\u00e7\u00e3o ambiental e saneamento. Entre os aspectos avaliados estavam a qualidade da \u00e1gua e da areia, infraestrutura de servi\u00e7os, seguran\u00e7a para banhistas, estabilidade da linha de costa e a\u00e7\u00f5es de preserva\u00e7\u00e3o ambiental.<\/p>\n\n\n\n<p>O ranking tamb\u00e9m se baseou em diagn\u00f3sticos, visitas de campo, an\u00e1lises geoespaciais e na escuta das comunidades locais. Avaliada com 0,68 no \u00edndice de qualidade de praia (BQV), Pontal do Sul obteve teve destaque por sua estrutura, atrativos naturais e proximidade com \u00e1reas de preserva\u00e7\u00e3o ambiental, como a pr\u00f3pria Ilha do Mel.<\/p>\n\n\n\n<p>Confira o ranking na \u00edntegra&nbsp;clicando&nbsp;<a href=\"https:\/\/rankingmejoresplayas.com\/\" target=\"_blank\" rel=\"noreferrer noopener\">AQUI<\/a>.<\/p>\n\n\n\n<p>Fotos: Kauh\u00ea Prieto- AEN\/PR<\/p>\n","protected":false},"excerpt":{"rendered":"<p>O Paran\u00e1 marcou presen\u00e7a em um ranking internacional que elenca as 200 melhores praias das Am\u00e9ricas e da Pen\u00ednsula Ib\u00e9rica (territ\u00f3rio europeu que abrange Portugal e Espanha). Elaborado pelo&nbsp;Centro Internacional de Forma\u00e7\u00e3o em Gest\u00e3o e Certifica\u00e7\u00e3o de Praias (CIF Playas)&nbsp;, a lista deste ano contemplou destinos de 11 pa\u00edses, sendo uma delas a Praia de [&hellip;]<\/p>\n","protected":false},"author":2,"featured_media":68803,"comment_status":"open","ping_status":"open","sticky":false,"template":"","format":"standard","meta":{"advanced_seo_description":"","jetpack_seo_html_title":"","jetpack_seo_noindex":false,"_jetpack_memberships_contains_paid_content":false,"footnotes":""},"categories":[65],"tags":[],"class_list":{"0":"post-68797","1":"post","2":"type-post","3":"status-publish","4":"format-standard","5":"has-post-thumbnail","7":"category-pontal-do-parana"},"jetpack_featured_media_url":"https:\/\/www.paranapraia.com.br\/wp-content\/uploads\/2025\/06\/WhatsApp-Image-2025-06-16-at-14.23.40-scaled.jpeg","jetpack_sharing_enabled":true,"_links":{"self":[{"href":"https:\/\/www.paranapraia.com.br\/index.php\/wp-json\/wp\/v2\/posts\/68797"}],"collection":[{"href":"https:\/\/www.paranapraia.com.br\/index.php\/wp-json\/wp\/v2\/posts"}],"about":[{"href":"https:\/\/www.paranapraia.com.br\/index.php\/wp-json\/wp\/v2\/types\/post"}],"author":[{"embeddable":true,"href":"https:\/\/www.paranapraia.com.br\/index.php\/wp-json\/wp\/v2\/users\/2"}],"replies":[{"embeddable":true,"href":"https:\/\/www.paranapraia.com.br\/index.php\/wp-json\/wp\/v2\/comments?post=68797"}],"version-history":[{"count":3,"href":"https:\/\/www.paranapraia.com.br\/index.php\/wp-json\/wp\/v2\/posts\/68797\/revisions"}],"predecessor-version":[{"id":68811,"href":"https:\/\/www.paranapraia.com.br\/index.php\/wp-json\/wp\/v2\/posts\/68797\/revisions\/68811"}],"wp:featuredmedia":[{"embeddable":true,"href":"https:\/\/www.paranapraia.com.br\/index.php\/wp-json\/wp\/v2\/media\/68803"}],"wp:attachment":[{"href":"https:\/\/www.paranapraia.com.br\/index.php\/wp-json\/wp\/v2\/media?parent=68797"}],"wp:term":[{"taxonomy":"category","embeddable":true,"href":"https:\/\/www.paranapraia.com.br\/index.php\/wp-json\/wp\/v2\/categories?post=68797"},{"taxonomy":"post_tag","embeddable":true,"href":"https:\/\/www.paranapraia.com.br\/index.php\/wp-json\/wp\/v2\/tags?post=68797"}],"curies":[{"name":"wp","href":"https:\/\/api.w.org\/{rel}","templated":true}]}}