{"id":68784,"date":"2025-06-16T12:39:52","date_gmt":"2025-06-16T15:39:52","guid":{"rendered":"https:\/\/www.paranapraia.com.br\/?p=68784"},"modified":"2025-06-16T12:39:55","modified_gmt":"2025-06-16T15:39:55","slug":"paranagua-semtra-disponibiliza-228-vagas-de-emprego","status":"publish","type":"post","link":"https:\/\/www.paranapraia.com.br\/index.php\/2025\/06\/16\/paranagua-semtra-disponibiliza-228-vagas-de-emprego\/","title":{"rendered":"Paranagu\u00e1: Semtra disponibiliza 228 vagas de emprego"},"content":{"rendered":"\n<p>A Secretaria Municipal de Trabalho, Emprego e Assuntos Sindicais (Semtra) anunciou nesta segunda-feira (16), a disponibiliza\u00e7\u00e3o de 228 vagas de emprego pelo Sistema Nacional de Emprego (Sine) \u2013 Ag\u00eancia do Trabalhador.<\/p>\n\n\n\n<p>Confira as vagas dispon\u00edveis no anexo.<\/p>\n\n\n\n<div data-wp-interactive=\"core\/file\" class=\"wp-block-file\"><object data-wp-bind--hidden=\"!state.hasPdfPreview\"  class=\"wp-block-file__embed\" data=\"https:\/\/www.paranapraia.com.br\/wp-content\/uploads\/2025\/06\/arquivo_112.pdf\" type=\"application\/pdf\" style=\"width:100%;height:600px\" aria-label=\"Incorporado de arquivo_112.\"><\/object><a id=\"wp-block-file--media-26b0486e-0cc5-4911-9f22-2488b8ba31bb\" href=\"https:\/\/www.paranapraia.com.br\/wp-content\/uploads\/2025\/06\/arquivo_112.pdf\">arquivo_112<\/a><a href=\"https:\/\/www.paranapraia.com.br\/wp-content\/uploads\/2025\/06\/arquivo_112.pdf\" class=\"wp-block-file__button wp-element-button\" download aria-describedby=\"wp-block-file--media-26b0486e-0cc5-4911-9f22-2488b8ba31bb\">Baixar<\/a><\/div>\n\n\n\n<p>Os interessados em se candidatar \u00e0s vagas devem comparecer \u00e0 sede do Semtra, na Rua Jos\u00e9 Gomes, 320, no bairro Tuiuti, de segunda a sexta-feira, das 8h \u00e0s 12h e das 13h \u00e0s 17h. \u00c9 necess\u00e1rio levar documentos pessoais e curr\u00edculo atualizado para formalizar a inscri\u00e7\u00e3o.<\/p>\n\n\n\n<p>Mais informa\u00e7\u00f5es pelo telefone (41) 3189-1903.<\/p>\n\n\n\n<p>Prefeitura de Paranagu\u00e1<\/p>\n","protected":false},"excerpt":{"rendered":"<p>A Secretaria Municipal de Trabalho, Emprego e Assuntos Sindicais (Semtra) anunciou nesta segunda-feira (16), a disponibiliza\u00e7\u00e3o de 228 vagas de emprego pelo Sistema Nacional de Emprego (Sine) \u2013 Ag\u00eancia do Trabalhador. Confira as vagas dispon\u00edveis no anexo. Os interessados em se candidatar \u00e0s vagas devem comparecer \u00e0 sede do Semtra, na Rua Jos\u00e9 Gomes, 320, [&hellip;]<\/p>\n","protected":false},"author":2,"featured_media":68785,"comment_status":"open","ping_status":"open","sticky":false,"template":"","format":"standard","meta":{"advanced_seo_description":"","jetpack_seo_html_title":"","jetpack_seo_noindex":false,"_jetpack_memberships_contains_paid_content":false,"footnotes":""},"categories":[77],"tags":[],"class_list":{"0":"post-68784","1":"post","2":"type-post","3":"status-publish","4":"format-standard","5":"has-post-thumbnail","7":"category-paranagua"},"jetpack_featured_media_url":"https:\/\/www.paranapraia.com.br\/wp-content\/uploads\/2025\/06\/16444-scaled.jpg","jetpack_sharing_enabled":true,"_links":{"self":[{"href":"https:\/\/www.paranapraia.com.br\/index.php\/wp-json\/wp\/v2\/posts\/68784"}],"collection":[{"href":"https:\/\/www.paranapraia.com.br\/index.php\/wp-json\/wp\/v2\/posts"}],"about":[{"href":"https:\/\/www.paranapraia.com.br\/index.php\/wp-json\/wp\/v2\/types\/post"}],"author":[{"embeddable":true,"href":"https:\/\/www.paranapraia.com.br\/index.php\/wp-json\/wp\/v2\/users\/2"}],"replies":[{"embeddable":true,"href":"https:\/\/www.paranapraia.com.br\/index.php\/wp-json\/wp\/v2\/comments?post=68784"}],"version-history":[{"count":1,"href":"https:\/\/www.paranapraia.com.br\/index.php\/wp-json\/wp\/v2\/posts\/68784\/revisions"}],"predecessor-version":[{"id":68787,"href":"https:\/\/www.paranapraia.com.br\/index.php\/wp-json\/wp\/v2\/posts\/68784\/revisions\/68787"}],"wp:featuredmedia":[{"embeddable":true,"href":"https:\/\/www.paranapraia.com.br\/index.php\/wp-json\/wp\/v2\/media\/68785"}],"wp:attachment":[{"href":"https:\/\/www.paranapraia.com.br\/index.php\/wp-json\/wp\/v2\/media?parent=68784"}],"wp:term":[{"taxonomy":"category","embeddable":true,"href":"https:\/\/www.paranapraia.com.br\/index.php\/wp-json\/wp\/v2\/categories?post=68784"},{"taxonomy":"post_tag","embeddable":true,"href":"https:\/\/www.paranapraia.com.br\/index.php\/wp-json\/wp\/v2\/tags?post=68784"}],"curies":[{"name":"wp","href":"https:\/\/api.w.org\/{rel}","templated":true}]}}