{"id":68781,"date":"2025-06-16T12:36:27","date_gmt":"2025-06-16T15:36:27","guid":{"rendered":"https:\/\/www.paranapraia.com.br\/?p=68781"},"modified":"2025-06-16T12:36:30","modified_gmt":"2025-06-16T15:36:30","slug":"sala-do-empreendedor-em-guaratuba-promove-palestra-para-impulsionar-vendas-de-inverno","status":"publish","type":"post","link":"https:\/\/www.paranapraia.com.br\/index.php\/2025\/06\/16\/sala-do-empreendedor-em-guaratuba-promove-palestra-para-impulsionar-vendas-de-inverno\/","title":{"rendered":"Sala do Empreendedor em Guaratuba promove palestra para impulsionar vendas de inverno"},"content":{"rendered":"\n<p>Na quarta-feira (18), a Sala do Empreendedor de Guaratuba promove mais uma palestra da Trilha MEI com o tema Vendas de inverno, voltada especialmente para microempreendedores individuais.<\/p>\n\n\n\n<p>O evento ser\u00e1 presencial, \u00e0s 18h30, no Audit\u00f3rio da Prefeitura de Guaratuba (Rua Dr. Jo\u00e3o C\u00e2ndido, n\u00ba 380, no Centro).<\/p>\n\n\n\n<p>Nesta palestra, os participantes v\u00e3o aprender como entender melhor o mercado, definir estrat\u00e9gias de <a><\/a>vendas e construir plano de vendas para impulsionar os neg\u00f3cios.<\/p>\n\n\n\n<p>As vagas s\u00e3o limitadas.<\/p>\n\n\n\n<p>Para garantir sua participa\u00e7\u00e3o, \u00e9 necess\u00e1rio fazer a inscri\u00e7\u00e3o antecipadamente pelo link: <a href=\"https:\/\/forms.gle\/bAm9Q1dyrD1oh4578?fbclid=IwZXh0bgNhZW0CMTAAYnJpZBExVTJhUzAxQ1dmNXdNMXZDZwEepz9r2EabVizk5_LC6lnjbjMnCERKpXcs7BRy4tMQN6BpksH3iFI4B0iO0VU_aem_ODeKkWFjIidul5wrPnqSiw\" rel=\"noreferrer noopener\" target=\"_blank\">https:\/\/forms.gle\/bAm9Q1dyrD1oh4578<\/a><\/p>\n\n\n\n<p>Mais informa\u00e7\u00f5es pelo telefone (41) 3472-8591.<\/p>\n\n\n\n<p>Prefeitura de Guaratuba<\/p>\n","protected":false},"excerpt":{"rendered":"<p>Na quarta-feira (18), a Sala do Empreendedor de Guaratuba promove mais uma palestra da Trilha MEI com o tema Vendas de inverno, voltada especialmente para microempreendedores individuais. O evento ser\u00e1 presencial, \u00e0s 18h30, no Audit\u00f3rio da Prefeitura de Guaratuba (Rua Dr. Jo\u00e3o C\u00e2ndido, n\u00ba 380, no Centro). Nesta palestra, os participantes v\u00e3o aprender como entender [&hellip;]<\/p>\n","protected":false},"author":2,"featured_media":68782,"comment_status":"open","ping_status":"open","sticky":false,"template":"","format":"standard","meta":{"advanced_seo_description":"","jetpack_seo_html_title":"","jetpack_seo_noindex":false,"_jetpack_memberships_contains_paid_content":false,"footnotes":""},"categories":[1],"tags":[],"class_list":{"0":"post-68781","1":"post","2":"type-post","3":"status-publish","4":"format-standard","5":"has-post-thumbnail","7":"category-sem-categoria"},"jetpack_featured_media_url":"https:\/\/www.paranapraia.com.br\/wp-content\/uploads\/2025\/06\/506476783_1130826765745168_4160920246566063926_n-scaled.jpg","jetpack_sharing_enabled":true,"_links":{"self":[{"href":"https:\/\/www.paranapraia.com.br\/index.php\/wp-json\/wp\/v2\/posts\/68781"}],"collection":[{"href":"https:\/\/www.paranapraia.com.br\/index.php\/wp-json\/wp\/v2\/posts"}],"about":[{"href":"https:\/\/www.paranapraia.com.br\/index.php\/wp-json\/wp\/v2\/types\/post"}],"author":[{"embeddable":true,"href":"https:\/\/www.paranapraia.com.br\/index.php\/wp-json\/wp\/v2\/users\/2"}],"replies":[{"embeddable":true,"href":"https:\/\/www.paranapraia.com.br\/index.php\/wp-json\/wp\/v2\/comments?post=68781"}],"version-history":[{"count":1,"href":"https:\/\/www.paranapraia.com.br\/index.php\/wp-json\/wp\/v2\/posts\/68781\/revisions"}],"predecessor-version":[{"id":68783,"href":"https:\/\/www.paranapraia.com.br\/index.php\/wp-json\/wp\/v2\/posts\/68781\/revisions\/68783"}],"wp:featuredmedia":[{"embeddable":true,"href":"https:\/\/www.paranapraia.com.br\/index.php\/wp-json\/wp\/v2\/media\/68782"}],"wp:attachment":[{"href":"https:\/\/www.paranapraia.com.br\/index.php\/wp-json\/wp\/v2\/media?parent=68781"}],"wp:term":[{"taxonomy":"category","embeddable":true,"href":"https:\/\/www.paranapraia.com.br\/index.php\/wp-json\/wp\/v2\/categories?post=68781"},{"taxonomy":"post_tag","embeddable":true,"href":"https:\/\/www.paranapraia.com.br\/index.php\/wp-json\/wp\/v2\/tags?post=68781"}],"curies":[{"name":"wp","href":"https:\/\/api.w.org\/{rel}","templated":true}]}}