{"id":68772,"date":"2025-06-15T15:29:38","date_gmt":"2025-06-15T18:29:38","guid":{"rendered":"https:\/\/www.paranapraia.com.br\/?p=68772"},"modified":"2025-06-15T15:29:40","modified_gmt":"2025-06-15T18:29:40","slug":"junho-violeta-delegada-ressalta-importancia-de-denunciar-violencia-contra-pessoa-idosa","status":"publish","type":"post","link":"https:\/\/www.paranapraia.com.br\/index.php\/2025\/06\/15\/junho-violeta-delegada-ressalta-importancia-de-denunciar-violencia-contra-pessoa-idosa\/","title":{"rendered":"Junho Violeta: Delegada ressalta import\u00e2ncia de denunciar viol\u00eancia contra pessoa idosa"},"content":{"rendered":"\n<p>O m\u00eas de junho \u00e9 marcado mundialmente pelas a\u00e7\u00f5es de conscientiza\u00e7\u00e3o contra a viol\u00eancia \u00e0 pessoa idosa, o &#8220;Junho Violeta&#8221;. A data de 15 de junho, estabelecida pela Organiza\u00e7\u00e3o das Na\u00e7\u00f5es Unidas (ONU) como o Dia Mundial de Conscientiza\u00e7\u00e3o da Viol\u00eancia contra a Pessoa Idosa, para combater os crimes e agress\u00f5es praticadas contra essa parcela vulner\u00e1vel da popula\u00e7\u00e3o. A Pol\u00edcia Civil do Paran\u00e1 (PCPR) indica os diferentes tipos de crimes e formas de viol\u00eancia praticados contra pessoas idosas, refor\u00e7ando a import\u00e2ncia da den\u00fancia.<\/p>\n\n\n\n<p>&#8220;A viol\u00eancia contra idosos \u00e9 uma realidade complexa e dolorosa, que precisamos enfrentar com determina\u00e7\u00e3o. \u00c9 fundamental que a popula\u00e7\u00e3o paranaense esteja atenta aos sinais e, acima de tudo, sinta-se segura para denunciar. Somente com a colabora\u00e7\u00e3o de todos podemos proteger nossos idosos&#8221;, afirma a delegada Camilla Cecconello, chefe da Divis\u00e3o de Homic\u00eddios e Prote\u00e7\u00e3o \u00e0 Pessoa (DHPP)<\/p>\n\n\n\n<p>Dentre os crimes mais comuns contra idosos est\u00e3o a viol\u00eancia financeira e a psicol\u00f3gica, que abrange viol\u00eancia verbal, abandono afetivo e maus-tratos emocionais. \u201cPercebemos que muitos idosos sofrem abusos financeiros por parte de familiares, como a reten\u00e7\u00e3o das aposentadorias e a apropria\u00e7\u00e3o de bens, al\u00e9m de um crescimento preocupante nos casos de estelionato contra pessoas idosas&#8221;, explica Cecconello.<\/p>\n\n\n\n<p><strong>Diferentes tipos de crimes e viol\u00eancia:<\/strong><\/p>\n\n\n\n<ul class=\"wp-block-list\">\n<li>Viol\u00eancia f\u00edsica: agress\u00f5es que causam dor, les\u00f5es, incapacidades ou risco de morte.<\/li>\n\n\n\n<li>Viol\u00eancia psicol\u00f3gica: humilha\u00e7\u00f5es, amea\u00e7as, isolamento, intimida\u00e7\u00e3o emocional.<\/li>\n\n\n\n<li>Viol\u00eancia sexual: atos sexuais n\u00e3o consentidos, coer\u00e7\u00e3o sexual ou explora\u00e7\u00e3o.<\/li>\n\n\n\n<li>Viol\u00eancia financeira\/econ\u00f4mica: explora\u00e7\u00e3o indevida de aposentadorias, bens e recursos.<\/li>\n\n\n\n<li>Abandono: aus\u00eancia de cuidados e assist\u00eancia obrigat\u00f3rios.<\/li>\n\n\n\n<li>Neglig\u00eancia: omiss\u00e3o de cuidados essenciais \u00e0 sa\u00fade, higiene e bem-estar.<\/li>\n<\/ul>\n\n\n\n<p><strong>ETARISMO<\/strong>&nbsp;&#8211; O preconceito contra a idade, conhecido como etarismo, conecta-se diretamente \u00e0 viol\u00eancia estrutural contra idosos. A delegada complementa que se percebe uma viol\u00eancia estrutural contra a pessoa idosa em raz\u00e3o da sua posi\u00e7\u00e3o na sociedade e de ele n\u00e3o estar mais no seu tempo de grande produtividade. Ela explica que vivemos numa sociedade que valoriza demais a produtividade e, por vezes, &#8220;esquece de considerar que, ap\u00f3s uma vida de dedica\u00e7\u00e3o ao trabalho, \u00e0 fam\u00edlia, ap\u00f3s anos e anos de alta produtividade, todo ser humano merece ser respeitado, cuidado e amparado no momento em que as habilidades f\u00edsicas j\u00e1 n\u00e3o est\u00e3o mais t\u00e3o presentes na mesma intensidade&#8221;.<\/p>\n\n\n\n<p>Um dos maiores obst\u00e1culos no combate \u00e0 viol\u00eancia contra idosos \u00e9 a subnotifica\u00e7\u00e3o dos crimes. A subnotifica\u00e7\u00e3o existe e est\u00e1 normalmente relacionada com o perfil dos autores dos crimes contra a pessoa idosa. &#8220;Como a maioria das pessoas que cometem os crimes s\u00e3o filhos, parentes, pessoas que residem junto ou convivem com a pessoa idosa, a v\u00edtima muitas vezes n\u00e3o se sente \u00e0 vontade em denunciar, porque sente que aquela pessoa que est\u00e1 sendo negligente ou cometendo um crime de viol\u00eancia financeira, por exemplo, \u00e9 a \u00fanica companhia ou depend\u00eancia emocional que possui\u201d, conclui.<\/p>\n\n\n\n<p><strong>A\u00c7\u00d5ES<\/strong>&nbsp;&#8211;&nbsp;Durante o &#8220;Junho Violeta&#8221;, a PCPR intensifica as a\u00e7\u00f5es de conscientiza\u00e7\u00e3o da popula\u00e7\u00e3o quanto \u00e0 necessidade de prover os cuidados necess\u00e1rios \u00e0 pessoa idosa. Tamb\u00e9m s\u00e3o desenvolvidas a\u00e7\u00f5es de conscientiza\u00e7\u00e3o e alerta de que algumas condutas negligentes podem, sim, configurar crime. A pol\u00edcia ainda promove campanhas educativas e orienta\u00e7\u00f5es \u00e0 popula\u00e7\u00e3o, encorajando a denunciar situa\u00e7\u00f5es de maus-tratos, abandono, neglig\u00eancia ou qualquer outra forma de viol\u00eancia contra a pessoa idosa.<\/p>\n\n\n\n<p>Al\u00e9m disso, h\u00e1 a atua\u00e7\u00e3o em parceria com o Minist\u00e9rio P\u00fablico, assist\u00eancia social e a Funda\u00e7\u00e3o de A\u00e7\u00e3o Social (FAS), onde s\u00e3o realizados encaminhamentos necess\u00e1rios em situa\u00e7\u00f5es de vulnerabilidade social da pessoa idosa. Tamb\u00e9m h\u00e1 parcerias com a vigil\u00e2ncia sanit\u00e1ria, promovendo em determinadas ocasi\u00f5es a\u00e7\u00f5es de fiscaliza\u00e7\u00e3o em casas de repouso.<\/p>\n\n\n\n<p>Denunciar \u00e9 crucial para iniciar as investiga\u00e7\u00f5es e proteger as v\u00edtimas. O sigilo do denunciante \u00e9 garantido, permitindo que as informa\u00e7\u00f5es cheguem \u00e0 pol\u00edcia sem a identifica\u00e7\u00e3o de quem denunciou. Os canais dispon\u00edveis para den\u00fancias an\u00f4nimas s\u00e3o:<\/p>\n\n\n\n<ul class=\"wp-block-list\">\n<li>SESP (Secretaria de Seguran\u00e7a P\u00fablica): 181<\/li>\n\n\n\n<li>Pol\u00edcia Civil do Paran\u00e1: 197<\/li>\n\n\n\n<li>DHPP (Disque Direitos Humanos e Prote\u00e7\u00e3o \u00e0 Pessoa): 0800 141 0001<\/li>\n<\/ul>\n\n\n\n<p>AEN\/PR<\/p>\n","protected":false},"excerpt":{"rendered":"<p>O m\u00eas de junho \u00e9 marcado mundialmente pelas a\u00e7\u00f5es de conscientiza\u00e7\u00e3o contra a viol\u00eancia \u00e0 pessoa idosa, o &#8220;Junho Violeta&#8221;. A data de 15 de junho, estabelecida pela Organiza\u00e7\u00e3o das Na\u00e7\u00f5es Unidas (ONU) como o Dia Mundial de Conscientiza\u00e7\u00e3o da Viol\u00eancia contra a Pessoa Idosa, para combater os crimes e agress\u00f5es praticadas contra essa parcela [&hellip;]<\/p>\n","protected":false},"author":2,"featured_media":68773,"comment_status":"open","ping_status":"open","sticky":false,"template":"","format":"standard","meta":{"advanced_seo_description":"","jetpack_seo_html_title":"","jetpack_seo_noindex":false,"_jetpack_memberships_contains_paid_content":false,"footnotes":""},"categories":[1],"tags":[],"class_list":{"0":"post-68772","1":"post","2":"type-post","3":"status-publish","4":"format-standard","5":"has-post-thumbnail","7":"category-sem-categoria"},"jetpack_featured_media_url":"https:\/\/www.paranapraia.com.br\/wp-content\/uploads\/2025\/06\/20230807_pcpr_9290.jpg","jetpack_sharing_enabled":true,"_links":{"self":[{"href":"https:\/\/www.paranapraia.com.br\/index.php\/wp-json\/wp\/v2\/posts\/68772"}],"collection":[{"href":"https:\/\/www.paranapraia.com.br\/index.php\/wp-json\/wp\/v2\/posts"}],"about":[{"href":"https:\/\/www.paranapraia.com.br\/index.php\/wp-json\/wp\/v2\/types\/post"}],"author":[{"embeddable":true,"href":"https:\/\/www.paranapraia.com.br\/index.php\/wp-json\/wp\/v2\/users\/2"}],"replies":[{"embeddable":true,"href":"https:\/\/www.paranapraia.com.br\/index.php\/wp-json\/wp\/v2\/comments?post=68772"}],"version-history":[{"count":1,"href":"https:\/\/www.paranapraia.com.br\/index.php\/wp-json\/wp\/v2\/posts\/68772\/revisions"}],"predecessor-version":[{"id":68774,"href":"https:\/\/www.paranapraia.com.br\/index.php\/wp-json\/wp\/v2\/posts\/68772\/revisions\/68774"}],"wp:featuredmedia":[{"embeddable":true,"href":"https:\/\/www.paranapraia.com.br\/index.php\/wp-json\/wp\/v2\/media\/68773"}],"wp:attachment":[{"href":"https:\/\/www.paranapraia.com.br\/index.php\/wp-json\/wp\/v2\/media?parent=68772"}],"wp:term":[{"taxonomy":"category","embeddable":true,"href":"https:\/\/www.paranapraia.com.br\/index.php\/wp-json\/wp\/v2\/categories?post=68772"},{"taxonomy":"post_tag","embeddable":true,"href":"https:\/\/www.paranapraia.com.br\/index.php\/wp-json\/wp\/v2\/tags?post=68772"}],"curies":[{"name":"wp","href":"https:\/\/api.w.org\/{rel}","templated":true}]}}