{"id":68766,"date":"2025-06-14T16:44:52","date_gmt":"2025-06-14T19:44:52","guid":{"rendered":"https:\/\/www.paranapraia.com.br\/?p=68766"},"modified":"2025-06-14T16:44:55","modified_gmt":"2025-06-14T19:44:55","slug":"operacao-sinergia-ja-contabiliza-116-presos-e-12-tonelada-de-drogas-apreendidas","status":"publish","type":"post","link":"https:\/\/www.paranapraia.com.br\/index.php\/2025\/06\/14\/operacao-sinergia-ja-contabiliza-116-presos-e-12-tonelada-de-drogas-apreendidas\/","title":{"rendered":"Opera\u00e7\u00e3o Sinergia j\u00e1 contabiliza 116 presos e 1,2 tonelada de drogas apreendidas"},"content":{"rendered":"\n<p>Mais de 1,2 tonelada de drogas foi apreendida e 116 pessoas foram presas em flagrante durante a Opera\u00e7\u00e3o Sinergia, deflagrada nesta sexta-feira (13) pela Secretaria da Seguran\u00e7a P\u00fablica do Paran\u00e1. A a\u00e7\u00e3o estrat\u00e9gica mobilizou mais de 3,7 mil policiais em todas as regi\u00f5es para refor\u00e7ar o combate \u00e0 criminalidade.<\/p>\n\n\n\n<p>A opera\u00e7\u00e3o contou com a participa\u00e7\u00e3o integrada da Pol\u00edcia Militar do Paran\u00e1 (PMPR), da Pol\u00edcia Civil do Paran\u00e1 (PCPR), da Pol\u00edcia Penal do Paran\u00e1 (PPPR) e de Guardas Municiais. Com a utiliza\u00e7\u00e3o de mais de 1,3 mil viaturas, cinco helic\u00f3pteros, dezenas de drones e c\u00e3es de faro, as for\u00e7as de seguran\u00e7a foram distribu\u00eddas em pontos estrat\u00e9gicos do estado.<\/p>\n\n\n\n<p>\u201cA Opera\u00e7\u00e3o Sinergia refor\u00e7a que o Paran\u00e1 vive o melhor momento da sua hist\u00f3ria na seguran\u00e7a p\u00fablica. Estamos enfrentando a criminalidade com intelig\u00eancia, tecnologia de ponta e integra\u00e7\u00e3o total entre as for\u00e7as policiais. \u00c9 com esse trabalho coordenado que estamos alcan\u00e7ando os menores \u00edndices criminais j\u00e1 registrados no estado. O Governo do Paran\u00e1 segue firme no compromisso de proteger a popula\u00e7\u00e3o e estar presente onde for preciso\u201d, afirmou o secret\u00e1rio da Seguran\u00e7a P\u00fablica, Hudson Le\u00f4ncio Teixeira.<\/p>\n\n\n\n<p>A opera\u00e7\u00e3o tamb\u00e9m contou com a atua\u00e7\u00e3o de todas as tropas de elite das pol\u00edcias do Paran\u00e1. As equipes especializadas foram empregadas em miss\u00f5es de alto risco, refor\u00e7ando o policiamento em \u00e1reas sens\u00edveis e de maior complexidade criminal.<\/p>\n\n\n\n<p>Os helic\u00f3pteros das pol\u00edcias Civil e Militar desempenharam papel estrat\u00e9gico durante a opera\u00e7\u00e3o, especialmente em a\u00e7\u00f5es de monitoramento a\u00e9reo e apoio t\u00e1tico em regi\u00f5es de dif\u00edcil acesso. A tecnologia de ponta embarcada no Projeto Falc\u00e3o, como a c\u00e2mera termal, foi\u00a0decisiva para localizar e capturar um homem que fugiu para uma \u00e1rea de mata ap\u00f3s abandonar uma caminhonete carregada com cerca de 700 quilos de maconha, durante persegui\u00e7\u00e3o policial, em C\u00e9u Azul, no Oeste do Estado.<\/p>\n\n\n\n<p>A opera\u00e7\u00e3o terminou \u00e0 meia-noite de s\u00e1bado (14) com mais de 16 mil pessoas abordadas, 8,2 mil ve\u00edculos fiscalizados, 116 ve\u00edculos apreendidos e 115 pessoas presas. Tamb\u00e9m foi apreendida mais de 1,2 tonelada de drogas e realizadas revistas em 15 unidades prisionais. Mesmo ap\u00f3s o encerramento, a\u00e7\u00f5es regulares de patrulhamento e fiscaliza\u00e7\u00e3o continuam em andamento em todo o Estado.<\/p>\n\n\n\n<p>Os dados da a\u00e7\u00e3o ainda est\u00e3o sendo computados. Os n\u00fameros poder\u00e3o sofrer atualiza\u00e7\u00f5es.<\/p>\n\n\n\n<p>AEN\/PR<\/p>\n","protected":false},"excerpt":{"rendered":"<p>Foto: Ricardo Almeida\/SESP<\/p>\n","protected":false},"author":2,"featured_media":68767,"comment_status":"open","ping_status":"open","sticky":false,"template":"","format":"standard","meta":{"advanced_seo_description":"","jetpack_seo_html_title":"","jetpack_seo_noindex":false,"_jetpack_memberships_contains_paid_content":false,"footnotes":""},"categories":[33],"tags":[],"class_list":{"0":"post-68766","1":"post","2":"type-post","3":"status-publish","4":"format-standard","5":"has-post-thumbnail","7":"category-policia"},"jetpack_featured_media_url":"https:\/\/www.paranapraia.com.br\/wp-content\/uploads\/2025\/06\/1000218496-scaled.jpg","jetpack_sharing_enabled":true,"_links":{"self":[{"href":"https:\/\/www.paranapraia.com.br\/index.php\/wp-json\/wp\/v2\/posts\/68766"}],"collection":[{"href":"https:\/\/www.paranapraia.com.br\/index.php\/wp-json\/wp\/v2\/posts"}],"about":[{"href":"https:\/\/www.paranapraia.com.br\/index.php\/wp-json\/wp\/v2\/types\/post"}],"author":[{"embeddable":true,"href":"https:\/\/www.paranapraia.com.br\/index.php\/wp-json\/wp\/v2\/users\/2"}],"replies":[{"embeddable":true,"href":"https:\/\/www.paranapraia.com.br\/index.php\/wp-json\/wp\/v2\/comments?post=68766"}],"version-history":[{"count":1,"href":"https:\/\/www.paranapraia.com.br\/index.php\/wp-json\/wp\/v2\/posts\/68766\/revisions"}],"predecessor-version":[{"id":68768,"href":"https:\/\/www.paranapraia.com.br\/index.php\/wp-json\/wp\/v2\/posts\/68766\/revisions\/68768"}],"wp:featuredmedia":[{"embeddable":true,"href":"https:\/\/www.paranapraia.com.br\/index.php\/wp-json\/wp\/v2\/media\/68767"}],"wp:attachment":[{"href":"https:\/\/www.paranapraia.com.br\/index.php\/wp-json\/wp\/v2\/media?parent=68766"}],"wp:term":[{"taxonomy":"category","embeddable":true,"href":"https:\/\/www.paranapraia.com.br\/index.php\/wp-json\/wp\/v2\/categories?post=68766"},{"taxonomy":"post_tag","embeddable":true,"href":"https:\/\/www.paranapraia.com.br\/index.php\/wp-json\/wp\/v2\/tags?post=68766"}],"curies":[{"name":"wp","href":"https:\/\/api.w.org\/{rel}","templated":true}]}}