{"id":68763,"date":"2025-06-13T21:30:24","date_gmt":"2025-06-14T00:30:24","guid":{"rendered":"https:\/\/www.paranapraia.com.br\/?p=68763"},"modified":"2025-06-13T21:30:27","modified_gmt":"2025-06-14T00:30:27","slug":"paranagua-promove-seminario-no-dia-mundial-de-combate-ao-trabalho-infantil","status":"publish","type":"post","link":"https:\/\/www.paranapraia.com.br\/index.php\/2025\/06\/13\/paranagua-promove-seminario-no-dia-mundial-de-combate-ao-trabalho-infantil\/","title":{"rendered":"Paranagu\u00e1 promove semin\u00e1rio no Dia Mundial de Combate ao Trabalho Infantil"},"content":{"rendered":"\n<p>Em alus\u00e3o ao Dia Mundial contra o Trabalho Infantil, celebrado em 12 de junho, a Prefeitura de Paranagu\u00e1 promoveu um semin\u00e1rio com foco na conscientiza\u00e7\u00e3o, debate e apresenta\u00e7\u00e3o do diagn\u00f3stico municipal sobre o tema. A iniciativa foi organizada pela Secretaria Municipal da Fam\u00edlia, Cidadania e Desenvolvimento Social (Semfac), em parceria com as secretarias municipais da Sa\u00fade (Semsa) e da Educa\u00e7\u00e3o e Ensino Integral (Semedi).<\/p>\n\n\n\n<p>O evento reuniu autoridades, profissionais da rede de prote\u00e7\u00e3o, estudantes, empres\u00e1rios e membros da sociedade civil. Estiveram presentes a vice-prefeita Fabiana Parro; a secret\u00e1ria da Semfac, Carolina de Miranda Evangelista Louren\u00e7o; e a secret\u00e1ria da Semsa, Patricia Muzetti Scacalossi. O semin\u00e1rio tamb\u00e9m contou com a participa\u00e7\u00e3o do vereador Welington Frandji.<\/p>\n\n\n\n<p>Entre os convidados que contribu\u00edram com reflex\u00f5es e informa\u00e7\u00f5es sobre a erradica\u00e7\u00e3o do trabalho infantil estiveram o juiz Leonardo Marcelo Mounic Lago e a ju\u00edza Daniana Schneider, da Vara da Inf\u00e2ncia e Juventude (participa\u00e7\u00e3o por v\u00eddeo), al\u00e9m de representantes do Conselho Municipal dos Direitos da Crian\u00e7a e do Adolescente (CMDCA), da Comiss\u00e3o Especial do Programa de Erradica\u00e7\u00e3o do Trabalho Infantil (PETI) e da Pol\u00edcia Militar.<\/p>\n\n\n\n<p>Durante sua fala, a secret\u00e1ria da Fam\u00edlia Carolina Louren\u00e7o destacou que o enfrentamento ao trabalho infantil \u00e9 uma responsabilidade coletiva. \u201cNosso compromisso \u00e9 garantir que crian\u00e7as e adolescentes estejam na escola, brincando, se desenvolvendo com dignidade. Existe legisla\u00e7\u00e3o que permite o trabalho como jovem aprendiz a partir dos 14 anos, mas qualquer forma de explora\u00e7\u00e3o abaixo dessa idade precisa ser combatida com firmeza\u201d, afirmou.<\/p>\n\n\n\n<p>A secret\u00e1ria de Sa\u00fade tamb\u00e9m refor\u00e7ou a import\u00e2ncia da atua\u00e7\u00e3o intersetorial. \u201cA sa\u00fade vai al\u00e9m da aus\u00eancia de doen\u00e7as. Quando uma crian\u00e7a trabalha precocemente, ela \u00e9 privada de uma inf\u00e2ncia saud\u00e1vel, da escola e de oportunidades de desenvolvimento\u201d, explicou Patricia Muzetti.<\/p>\n\n\n\n<p>O juiz Dr. Leonardo Lago ressaltou a relev\u00e2ncia do p\u00fablico jovem presente no evento. \u201cFalar diretamente com crian\u00e7as e adolescentes \u00e9 essencial, pois s\u00e3o eles os principais envolvidos nessa pauta. As pol\u00edticas p\u00fablicas s\u00f3 t\u00eam sentido se chegarem a quem mais precisa delas\u201d, destacou.<\/p>\n\n\n\n<p>O semin\u00e1rio tamb\u00e9m contou com apresenta\u00e7\u00f5es culturais, como m\u00fasica, capoeira, ballet e performances realizadas por alunos da Escola Municipal em Tempo Integral Professora Arminda de Souza Pereira.<\/p>\n\n\n\n<p>A vice-prefeita Fabiana Parro encerrou o evento reafirmando o compromisso da gest\u00e3o municipal. \u201cFalar sobre trabalho infantil \u00e9 sempre delicado, mas necess\u00e1rio. Precisamos garantir os direitos das nossas crian\u00e7as, esclarecer a sociedade e fortalecer as a\u00e7\u00f5es em andamento para proteger o futuro de nossas crian\u00e7as e adolescentes\u201d, concluiu.<\/p>\n\n\n\n<p>Prefeitura de Paranagu\u00e1<\/p>\n","protected":false},"excerpt":{"rendered":"<p>Em alus\u00e3o ao Dia Mundial contra o Trabalho Infantil, celebrado em 12 de junho, a Prefeitura de Paranagu\u00e1 promoveu um semin\u00e1rio com foco na conscientiza\u00e7\u00e3o, debate e apresenta\u00e7\u00e3o do diagn\u00f3stico municipal sobre o tema. A iniciativa foi organizada pela Secretaria Municipal da Fam\u00edlia, Cidadania e Desenvolvimento Social (Semfac), em parceria com as secretarias municipais da [&hellip;]<\/p>\n","protected":false},"author":2,"featured_media":68764,"comment_status":"open","ping_status":"open","sticky":false,"template":"","format":"standard","meta":{"advanced_seo_description":"","jetpack_seo_html_title":"","jetpack_seo_noindex":false,"_jetpack_memberships_contains_paid_content":false,"footnotes":""},"categories":[77],"tags":[],"class_list":{"0":"post-68763","1":"post","2":"type-post","3":"status-publish","4":"format-standard","5":"has-post-thumbnail","7":"category-paranagua"},"jetpack_featured_media_url":"https:\/\/www.paranapraia.com.br\/wp-content\/uploads\/2025\/06\/16441-scaled.jpg","jetpack_sharing_enabled":true,"_links":{"self":[{"href":"https:\/\/www.paranapraia.com.br\/index.php\/wp-json\/wp\/v2\/posts\/68763"}],"collection":[{"href":"https:\/\/www.paranapraia.com.br\/index.php\/wp-json\/wp\/v2\/posts"}],"about":[{"href":"https:\/\/www.paranapraia.com.br\/index.php\/wp-json\/wp\/v2\/types\/post"}],"author":[{"embeddable":true,"href":"https:\/\/www.paranapraia.com.br\/index.php\/wp-json\/wp\/v2\/users\/2"}],"replies":[{"embeddable":true,"href":"https:\/\/www.paranapraia.com.br\/index.php\/wp-json\/wp\/v2\/comments?post=68763"}],"version-history":[{"count":1,"href":"https:\/\/www.paranapraia.com.br\/index.php\/wp-json\/wp\/v2\/posts\/68763\/revisions"}],"predecessor-version":[{"id":68765,"href":"https:\/\/www.paranapraia.com.br\/index.php\/wp-json\/wp\/v2\/posts\/68763\/revisions\/68765"}],"wp:featuredmedia":[{"embeddable":true,"href":"https:\/\/www.paranapraia.com.br\/index.php\/wp-json\/wp\/v2\/media\/68764"}],"wp:attachment":[{"href":"https:\/\/www.paranapraia.com.br\/index.php\/wp-json\/wp\/v2\/media?parent=68763"}],"wp:term":[{"taxonomy":"category","embeddable":true,"href":"https:\/\/www.paranapraia.com.br\/index.php\/wp-json\/wp\/v2\/categories?post=68763"},{"taxonomy":"post_tag","embeddable":true,"href":"https:\/\/www.paranapraia.com.br\/index.php\/wp-json\/wp\/v2\/tags?post=68763"}],"curies":[{"name":"wp","href":"https:\/\/api.w.org\/{rel}","templated":true}]}}