{"id":68760,"date":"2025-06-13T21:27:59","date_gmt":"2025-06-14T00:27:59","guid":{"rendered":"https:\/\/www.paranapraia.com.br\/?p=68760"},"modified":"2025-06-13T21:28:01","modified_gmt":"2025-06-14T00:28:01","slug":"prefeito-adriano-ramos-reforca-apoio-aos-trabalhadores-portuarios-em-manifestacao-contra-o-pl-733-2025","status":"publish","type":"post","link":"https:\/\/www.paranapraia.com.br\/index.php\/2025\/06\/13\/prefeito-adriano-ramos-reforca-apoio-aos-trabalhadores-portuarios-em-manifestacao-contra-o-pl-733-2025\/","title":{"rendered":"Prefeito Adriano Ramos refor\u00e7a apoio aos trabalhadores portu\u00e1rios em manifesta\u00e7\u00e3o contra o PL 733\/2025"},"content":{"rendered":"\n<p>Na manh\u00e3 desta sexta-feira (13), o prefeito Adriano Ramos participou de uma manifesta\u00e7\u00e3o pac\u00edfica organizada por sindicatos dos trabalhadores portu\u00e1rios em frente \u00e0 entrada do Porto Dom Pedro II, em Paranagu\u00e1. A mobiliza\u00e7\u00e3o teve como objetivo demonstrar rep\u00fadio ao Projeto de Lei 733\/2025, que, segundo as lideran\u00e7as sindicais, representa uma amea\u00e7a direta \u00e0 exclusividade da m\u00e3o de obra dos Trabalhadores Portu\u00e1rios Avulsos (TPAs) e \u00e0 valoriza\u00e7\u00e3o da categoria.<\/p>\n\n\n\n<p>Ao lado da vice-prefeita Fabiana Parro e do secret\u00e1rio municipal do Trabalho, Emprego e Assuntos Sindicais, Wagih Hammoud, o prefeito reafirmou seu compromisso com a defesa dos direitos dos trabalhadores e da economia local. \u201cEstamos ao lado dos trabalhadores pela manuten\u00e7\u00e3o da exclusividade. Os trabalhadores portu\u00e1rios s\u00e3o as pessoas que movimentam a economia local, e o porto \u00e9 o pulm\u00e3o desta economia. Irei a Bras\u00edlia quantas vezes forem necess\u00e1rias para lutar pela manuten\u00e7\u00e3o da m\u00e3o de obra qualificada dos nossos TPAs\u201d, declarou Adriano Ramos.<\/p>\n\n\n\n<p>A manifesta\u00e7\u00e3o contou com a presen\u00e7a de representantes dos principais sindicatos da categoria. Jo\u00e3o Fernando da Luz, presidente do Sindicato dos Estivadores, destacou a import\u00e2ncia da uni\u00e3o sindical e elogiou a postura do prefeito. \u201cAcreditamos na unidade como for\u00e7a para continuarmos lutando. Nossa categoria \u00e9 essencial para a economia local e merece reconhecimento\u201d.<\/p>\n\n\n\n<p>Jos\u00e9 Eduardo Antunes, presidente do Sindicato dos Conferentes, alertou para os riscos da proposta. \u201cO PL 733\/2025 representa um retrocesso. A formaliza\u00e7\u00e3o do Conselho vai garantir o cumprimento das leis trabalhistas e impedir retrocessos. A mobiliza\u00e7\u00e3o continuar\u00e1 firme, agora ainda mais fortalecida aqui na base\u201d.<\/p>\n\n\n\n<p>O presidente do Sindicato dos Arrumadores de Paranagu\u00e1, Eliel Teodoro dos Santos, tamb\u00e9m refor\u00e7ou a gravidade do projeto. \u201cHoje \u00e9 um dia hist\u00f3rico, em que as tr\u00eas federa\u00e7\u00f5es de trabalhadores portu\u00e1rios se unem contra um projeto que precariza, terceiriza e enfraquece os sindicatos. N\u00e3o podemos aceitar esse retrocesso\u201d.<\/p>\n\n\n\n<p>O secret\u00e1rio Wagih Hammoud tamb\u00e9m se posicionou enfaticamente. \u201cEstamos aqui para fortalecer os trabalhadores parnanguaras. Somos contra essa modifica\u00e7\u00e3o porque os trabalhadores portu\u00e1rios s\u00e3o os que movimentam a economia local\u201d.<\/p>\n\n\n\n<p>A proposta do PL 733\/2025 prev\u00ea mudan\u00e7as significativas na estrutura do Sistema Portu\u00e1rio Brasileiro, incluindo altera\u00e7\u00f5es na precifica\u00e7\u00e3o de servi\u00e7os, gest\u00e3o dos portos, contrata\u00e7\u00e3o e opera\u00e7\u00e3o portu\u00e1ria. As lideran\u00e7as sindicais temem que a aprova\u00e7\u00e3o do projeto enfraque\u00e7a os direitos trabalhistas, comprometa a qualidade dos servi\u00e7os portu\u00e1rios e abra espa\u00e7o para a terceiriza\u00e7\u00e3o indiscriminada.<\/p>\n\n\n\n<p>O ato reafirma o compromisso da atual gest\u00e3o municipal com o desenvolvimento econ\u00f4mico aliado \u00e0 justi\u00e7a social, valorizando a m\u00e3o de obra local e o papel estrat\u00e9gico dos TPAs para o munic\u00edpio de Paranagu\u00e1 e para o pa\u00eds.<\/p>\n\n\n\n<p>Prefeitura de Paranagu\u00e1<\/p>\n","protected":false},"excerpt":{"rendered":"<p>Na manh\u00e3 desta sexta-feira (13), o prefeito Adriano Ramos participou de uma manifesta\u00e7\u00e3o pac\u00edfica organizada por sindicatos dos trabalhadores portu\u00e1rios em frente \u00e0 entrada do Porto Dom Pedro II, em Paranagu\u00e1. A mobiliza\u00e7\u00e3o teve como objetivo demonstrar rep\u00fadio ao Projeto de Lei 733\/2025, que, segundo as lideran\u00e7as sindicais, representa uma amea\u00e7a direta \u00e0 exclusividade da [&hellip;]<\/p>\n","protected":false},"author":2,"featured_media":68761,"comment_status":"open","ping_status":"open","sticky":false,"template":"","format":"standard","meta":{"advanced_seo_description":"","jetpack_seo_html_title":"","jetpack_seo_noindex":false,"_jetpack_memberships_contains_paid_content":false,"footnotes":""},"categories":[77],"tags":[],"class_list":{"0":"post-68760","1":"post","2":"type-post","3":"status-publish","4":"format-standard","5":"has-post-thumbnail","7":"category-paranagua"},"jetpack_featured_media_url":"https:\/\/www.paranapraia.com.br\/wp-content\/uploads\/2025\/06\/16436-scaled.jpg","jetpack_sharing_enabled":true,"_links":{"self":[{"href":"https:\/\/www.paranapraia.com.br\/index.php\/wp-json\/wp\/v2\/posts\/68760"}],"collection":[{"href":"https:\/\/www.paranapraia.com.br\/index.php\/wp-json\/wp\/v2\/posts"}],"about":[{"href":"https:\/\/www.paranapraia.com.br\/index.php\/wp-json\/wp\/v2\/types\/post"}],"author":[{"embeddable":true,"href":"https:\/\/www.paranapraia.com.br\/index.php\/wp-json\/wp\/v2\/users\/2"}],"replies":[{"embeddable":true,"href":"https:\/\/www.paranapraia.com.br\/index.php\/wp-json\/wp\/v2\/comments?post=68760"}],"version-history":[{"count":1,"href":"https:\/\/www.paranapraia.com.br\/index.php\/wp-json\/wp\/v2\/posts\/68760\/revisions"}],"predecessor-version":[{"id":68762,"href":"https:\/\/www.paranapraia.com.br\/index.php\/wp-json\/wp\/v2\/posts\/68760\/revisions\/68762"}],"wp:featuredmedia":[{"embeddable":true,"href":"https:\/\/www.paranapraia.com.br\/index.php\/wp-json\/wp\/v2\/media\/68761"}],"wp:attachment":[{"href":"https:\/\/www.paranapraia.com.br\/index.php\/wp-json\/wp\/v2\/media?parent=68760"}],"wp:term":[{"taxonomy":"category","embeddable":true,"href":"https:\/\/www.paranapraia.com.br\/index.php\/wp-json\/wp\/v2\/categories?post=68760"},{"taxonomy":"post_tag","embeddable":true,"href":"https:\/\/www.paranapraia.com.br\/index.php\/wp-json\/wp\/v2\/tags?post=68760"}],"curies":[{"name":"wp","href":"https:\/\/api.w.org\/{rel}","templated":true}]}}