{"id":68752,"date":"2025-06-13T21:20:39","date_gmt":"2025-06-14T00:20:39","guid":{"rendered":"https:\/\/www.paranapraia.com.br\/?p=68752"},"modified":"2025-06-13T21:20:42","modified_gmt":"2025-06-14T00:20:42","slug":"caravana-pactos-pela-cultura-chega-em-paranagua-para-auxiliar-todos-os-municipios-na-execucao-da-politica-nacional-aldir-blanc","status":"publish","type":"post","link":"https:\/\/www.paranapraia.com.br\/index.php\/2025\/06\/13\/caravana-pactos-pela-cultura-chega-em-paranagua-para-auxiliar-todos-os-municipios-na-execucao-da-politica-nacional-aldir-blanc\/","title":{"rendered":"Caravana \u201cPactos pela Cultura\u201d chega em Paranagu\u00e1 para auxiliar todos os munic\u00edpios na execu\u00e7\u00e3o da Pol\u00edtica Nacional Aldir Blanc"},"content":{"rendered":"\n<p>A caravana \u201cPactos pela Cultura\u201d chega em Paranagu\u00e1 para auxiliar na Politica Nacional Aldir Blanc (PNAB), por\u00e9m beneficiar\u00e1 todos os munic\u00edpios do litoral.<\/p>\n\n\n\n<p>A iniciativa do Comit\u00ea de Cultura do Paran\u00e1 tem como objetivo promover a integra\u00e7\u00e3o regional e aproximar os gestores p\u00fablicos da sociedade civil no planejamento e execu\u00e7\u00e3o da Pol\u00edtica Nacional Aldir Blanc, programa que est\u00e1 investido mais de R$ 15 bilh\u00f5es para financiar a arte e a cultura do Brasil, o maior valor da hist\u00f3ria.<\/p>\n\n\n\n<p>O encontro acontece s\u00e1bado, 28 de junho, das 9h \u00e0s 20h, na Esta\u00e7\u00e3o Ferrovi\u00e1ria, em parceria com a Prefeitura de Paranagu\u00e1, por meio da Secretaria Municipal de Cultura e Patrim\u00f4nio Hist\u00f3rico, (Secultur) mas conta com a participa\u00e7\u00e3o da administra\u00e7\u00e3o p\u00fablica e da popula\u00e7\u00e3o de todos os sete munic\u00edpios da regi\u00e3o.<\/p>\n\n\n\n<p>A a\u00e7\u00e3o ter\u00e1 uma programa\u00e7\u00e3o extensa, que inclui um painel sobre o Sistema Nacional de Cultura, o Programa Nacional dos Comit\u00eas de Cultura e a Pol\u00edtica Nacional Aldir Blanc e uma oficina de escrita de projetos culturais, al\u00e9m de grupos de trabalho e discuss\u00e3o. O encerramento ser\u00e1 feito por artistas locais.<\/p>\n\n\n\n<p>Durante a abertura acontecer\u00e1 uma breve apresenta\u00e7\u00e3o do plano para constituir a Associa\u00e7\u00e3o dos Jornalistas e Cr\u00edticos Culturais do Paran\u00e1, ideia apoiada pelo Comit\u00ea de Cultura e que pretende ser um canal para reunir e projetar as reivindica\u00e7\u00f5es da categoria. Durante o dia, haver\u00e1 uma tenda dedicada a receber a imprensa e que tamb\u00e9m far\u00e1 esclarecimentos a respeito. Os interessados podem se inscrever atrav\u00e9s do link: [https:\/\/pr.comitedecultura.org.br\/pactospelacultura\/](https:\/\/pr.comitedecultura.org.br\/pactospelacultura\/ &#8220;smartCard-inline&#8221;)<\/p>\n\n\n\n<p>\u201cA caravana \u00e9 pensada para promover o di\u00e1logo, a colabora\u00e7\u00e3o e a troca entre munic\u00edpios com realidade semelhante, dando protagonismo aos agentes locais, para que o dinheiro da Pol\u00edtica Aldir Blanc possa ser usado de maneira estrat\u00e9gica, de acordo com as necessidades e a voca\u00e7\u00e3o de cada lugar\u201d, explica Bruno Vanhoni, coordenador da caravana.<\/p>\n\n\n\n<p>O Paran\u00e1, incluindo o governo do estado e seus 399 munic\u00edpios, receber\u00e3o ao todo quase R$ 600 milh\u00f5es at\u00e9 2027. \u201cA maioria das nossas prefeituras nunca teve acesso a tantos recursos para investir no setor cultural\u201d, completa Vanhoni.<\/p>\n\n\n\n<p>Vale ressaltar que no ano passado, os munic\u00edpios do Litoral receberam a primeira parcela da Pol\u00edtica Aldir Blanc. Ao todo, foram mais de R$ 2,3 milh\u00f5es, mas as prefeituras conseguiram executar menos de 50% disso at\u00e9 maio deste ano. \u201cIsso aconteceu tamb\u00e9m porque tivemos a troca das gest\u00f5es municipais este ano, muitas equipes est\u00e3o tomando p\u00e9 do que est\u00e1 acontecendo, e podemos ajudar com isso\u201d, garante Vanhoni.<\/p>\n\n\n\n<p>\u201cA Politica Nacional Aldir Blanc tem como objetivo primordial de contemplar os agentes culturais e quem vive da cultura em Paranagu\u00e1 e no litoral, por isso, convidamos a todos para que participem do evento que acontecer\u00e1 nas depend\u00eancias da Esta\u00e7\u00e3o Ferrovi\u00e1ria\u201d, explica o secret\u00e1rio de Cultura e Patrim\u00f4nio Hist\u00f3rico, Ivan Lapolli Filho.<\/p>\n\n\n\n<p>Comit\u00ea de Cultura do Paran\u00e1<\/p>\n\n\n\n<p>Instalados em todos os estados do Brasil em 2024, pelo Governo Federal, os Comit\u00eas de Cultura t\u00eam o papel de facilitar o acesso de artistas e produtores a recursos financeiros e demais pol\u00edticas p\u00fablicas, respeitando a nossa diversidade cultural.<\/p>\n\n\n\n<p>No Paran\u00e1, o Comit\u00ea \u00e9 liderado pelo Coletivo Soylocoporti, uma organiza\u00e7\u00e3o com 20 anos de experi\u00eancia. A rede tamb\u00e9m \u00e9 formada pelo Centro de Desenvolvimento Sustent\u00e1vel e Capacita\u00e7\u00e3o em Agroecologia (Ceagro), de Rio Bonito do Igua\u00e7u, e pelo Instituto Cidadania, de Londrina.<\/p>\n\n\n\n<p>Prefeitura de Paranagu\u00e1<\/p>\n","protected":false},"excerpt":{"rendered":"<p>A caravana \u201cPactos pela Cultura\u201d chega em Paranagu\u00e1 para auxiliar na Politica Nacional Aldir Blanc (PNAB), por\u00e9m beneficiar\u00e1 todos os munic\u00edpios do litoral. A iniciativa do Comit\u00ea de Cultura do Paran\u00e1 tem como objetivo promover a integra\u00e7\u00e3o regional e aproximar os gestores p\u00fablicos da sociedade civil no planejamento e execu\u00e7\u00e3o da Pol\u00edtica Nacional Aldir Blanc, [&hellip;]<\/p>\n","protected":false},"author":2,"featured_media":68753,"comment_status":"open","ping_status":"open","sticky":false,"template":"","format":"standard","meta":{"advanced_seo_description":"","jetpack_seo_html_title":"","jetpack_seo_noindex":false,"_jetpack_memberships_contains_paid_content":false,"footnotes":""},"categories":[77],"tags":[],"class_list":{"0":"post-68752","1":"post","2":"type-post","3":"status-publish","4":"format-standard","5":"has-post-thumbnail","7":"category-paranagua"},"jetpack_featured_media_url":"https:\/\/www.paranapraia.com.br\/wp-content\/uploads\/2025\/06\/16432-scaled.jpg","jetpack_sharing_enabled":true,"_links":{"self":[{"href":"https:\/\/www.paranapraia.com.br\/index.php\/wp-json\/wp\/v2\/posts\/68752"}],"collection":[{"href":"https:\/\/www.paranapraia.com.br\/index.php\/wp-json\/wp\/v2\/posts"}],"about":[{"href":"https:\/\/www.paranapraia.com.br\/index.php\/wp-json\/wp\/v2\/types\/post"}],"author":[{"embeddable":true,"href":"https:\/\/www.paranapraia.com.br\/index.php\/wp-json\/wp\/v2\/users\/2"}],"replies":[{"embeddable":true,"href":"https:\/\/www.paranapraia.com.br\/index.php\/wp-json\/wp\/v2\/comments?post=68752"}],"version-history":[{"count":1,"href":"https:\/\/www.paranapraia.com.br\/index.php\/wp-json\/wp\/v2\/posts\/68752\/revisions"}],"predecessor-version":[{"id":68754,"href":"https:\/\/www.paranapraia.com.br\/index.php\/wp-json\/wp\/v2\/posts\/68752\/revisions\/68754"}],"wp:featuredmedia":[{"embeddable":true,"href":"https:\/\/www.paranapraia.com.br\/index.php\/wp-json\/wp\/v2\/media\/68753"}],"wp:attachment":[{"href":"https:\/\/www.paranapraia.com.br\/index.php\/wp-json\/wp\/v2\/media?parent=68752"}],"wp:term":[{"taxonomy":"category","embeddable":true,"href":"https:\/\/www.paranapraia.com.br\/index.php\/wp-json\/wp\/v2\/categories?post=68752"},{"taxonomy":"post_tag","embeddable":true,"href":"https:\/\/www.paranapraia.com.br\/index.php\/wp-json\/wp\/v2\/tags?post=68752"}],"curies":[{"name":"wp","href":"https:\/\/api.w.org\/{rel}","templated":true}]}}