{"id":68749,"date":"2025-06-13T21:17:56","date_gmt":"2025-06-14T00:17:56","guid":{"rendered":"https:\/\/www.paranapraia.com.br\/?p=68749"},"modified":"2025-06-13T21:17:59","modified_gmt":"2025-06-14T00:17:59","slug":"paranagua-upa-recebe-onibus-da-vacinacao-na-segunda-feira-16-das-14-as-20-horas","status":"publish","type":"post","link":"https:\/\/www.paranapraia.com.br\/index.php\/2025\/06\/13\/paranagua-upa-recebe-onibus-da-vacinacao-na-segunda-feira-16-das-14-as-20-horas\/","title":{"rendered":"Paranagu\u00e1: UPA recebe \u00f4nibus da vacina\u00e7\u00e3o na segunda-feira (16) das 14 \u00e0s 20 horas"},"content":{"rendered":"\n<p>O \u00f4nibus da vacina\u00e7\u00e3o estar\u00e1 na Unidade de Pronto Atendimento (UPA), na segunda-feira (16), das 14h \u00e0s 20h. Estar\u00e3o dispon\u00edveis as vacinas contra a gripe, sarampo e febre amarela.<\/p>\n\n\n\n<p>De acordo com a Secretaria de Sa\u00fade (Semsa), as doses s\u00e3o destinadas para pessoas a partir dos seis meses de idade. Para se vacinar, basta comparecer ao local de imuniza\u00e7\u00e3o com a carteirinha de vacina\u00e7\u00e3o e um documento com foto ou certid\u00e3o de nascimento, no caso de crian\u00e7as.<\/p>\n\n\n\n<p>A Semsa ressalta a import\u00e2ncia da vacina\u00e7\u00e3o como uma das formas mais eficazes e seguras de prote\u00e7\u00e3o contra doen\u00e7as graves, ajudando a prevenir surtos e promovendo a sa\u00fade coletiva na cidade.<\/p>\n\n\n\n<p><strong>SERVI\u00c7O<\/strong><\/p>\n\n\n\n<p>Tema: Secretaria Municipal de Sa\u00fade (Semsa) leva \u00f4nibus da vacina\u00e7\u00e3o at\u00e9 a UPA de Paranagu\u00e1. Ser\u00e3o aplicadas vacinas contra a gripe, sarampo e febre amarela<\/p>\n\n\n\n<p>Data: 16\/06<\/p>\n\n\n\n<p>Hora: 14h \u00e0s 20h<\/p>\n\n\n\n<p>Local: UPA de Paranagu\u00e1: Avenida Roque Vernalha \u2013 Estradinha.<\/p>\n\n\n\n<p>Prefeitura de Paranagu\u00e1<\/p>\n","protected":false},"excerpt":{"rendered":"<p>O \u00f4nibus da vacina\u00e7\u00e3o estar\u00e1 na Unidade de Pronto Atendimento (UPA), na segunda-feira (16), das 14h \u00e0s 20h. Estar\u00e3o dispon\u00edveis as vacinas contra a gripe, sarampo e febre amarela. De acordo com a Secretaria de Sa\u00fade (Semsa), as doses s\u00e3o destinadas para pessoas a partir dos seis meses de idade. Para se vacinar, basta comparecer [&hellip;]<\/p>\n","protected":false},"author":2,"featured_media":68750,"comment_status":"open","ping_status":"open","sticky":false,"template":"","format":"standard","meta":{"advanced_seo_description":"","jetpack_seo_html_title":"","jetpack_seo_noindex":false,"_jetpack_memberships_contains_paid_content":false,"footnotes":""},"categories":[77],"tags":[],"class_list":{"0":"post-68749","1":"post","2":"type-post","3":"status-publish","4":"format-standard","5":"has-post-thumbnail","7":"category-paranagua"},"jetpack_featured_media_url":"https:\/\/www.paranapraia.com.br\/wp-content\/uploads\/2025\/06\/16431-scaled.jpg","jetpack_sharing_enabled":true,"_links":{"self":[{"href":"https:\/\/www.paranapraia.com.br\/index.php\/wp-json\/wp\/v2\/posts\/68749"}],"collection":[{"href":"https:\/\/www.paranapraia.com.br\/index.php\/wp-json\/wp\/v2\/posts"}],"about":[{"href":"https:\/\/www.paranapraia.com.br\/index.php\/wp-json\/wp\/v2\/types\/post"}],"author":[{"embeddable":true,"href":"https:\/\/www.paranapraia.com.br\/index.php\/wp-json\/wp\/v2\/users\/2"}],"replies":[{"embeddable":true,"href":"https:\/\/www.paranapraia.com.br\/index.php\/wp-json\/wp\/v2\/comments?post=68749"}],"version-history":[{"count":1,"href":"https:\/\/www.paranapraia.com.br\/index.php\/wp-json\/wp\/v2\/posts\/68749\/revisions"}],"predecessor-version":[{"id":68751,"href":"https:\/\/www.paranapraia.com.br\/index.php\/wp-json\/wp\/v2\/posts\/68749\/revisions\/68751"}],"wp:featuredmedia":[{"embeddable":true,"href":"https:\/\/www.paranapraia.com.br\/index.php\/wp-json\/wp\/v2\/media\/68750"}],"wp:attachment":[{"href":"https:\/\/www.paranapraia.com.br\/index.php\/wp-json\/wp\/v2\/media?parent=68749"}],"wp:term":[{"taxonomy":"category","embeddable":true,"href":"https:\/\/www.paranapraia.com.br\/index.php\/wp-json\/wp\/v2\/categories?post=68749"},{"taxonomy":"post_tag","embeddable":true,"href":"https:\/\/www.paranapraia.com.br\/index.php\/wp-json\/wp\/v2\/tags?post=68749"}],"curies":[{"name":"wp","href":"https:\/\/api.w.org\/{rel}","templated":true}]}}