{"id":68745,"date":"2025-06-13T21:25:07","date_gmt":"2025-06-14T00:25:07","guid":{"rendered":"https:\/\/www.paranapraia.com.br\/?p=68745"},"modified":"2025-06-13T21:25:10","modified_gmt":"2025-06-14T00:25:10","slug":"ranking-internacional-reconhece-pontal-do-sul-como-uma-das-melhores-praias-entre-11-paises-das-americas-e-peninsula-iberica","status":"publish","type":"post","link":"https:\/\/www.paranapraia.com.br\/index.php\/2025\/06\/13\/ranking-internacional-reconhece-pontal-do-sul-como-uma-das-melhores-praias-entre-11-paises-das-americas-e-peninsula-iberica\/","title":{"rendered":"Ranking internacional reconhece Pontal do Sul como uma das melhores praias entre 11 pa\u00edses das Am\u00e9ricas e Pen\u00ednsula Ib\u00e9rica"},"content":{"rendered":"\n<p>O levantamento, realizado pelo Centro Internacional de Forma\u00e7\u00e3o em Gest\u00e3o e Certifica\u00e7\u00e3o de Praias (CIF Playas), avaliou 200 praias em 11 pa\u00edses das Am\u00e9ricas e Pen\u00ednsula Ib\u00e9rica contando com o trabalho de 71 avaliadores especializados \u2014 entre ocean\u00f3grafos, ge\u00f3grafos, engenheiros, gestores p\u00fablicos e dentre outros. Este processo envolveu diagn\u00f3sticos t\u00e9cnicos, levantamentos de campo, uso de dados geoespaciais e escuta ativa das comunidades locais.<\/p>\n\n\n\n<p>Pontal do Sul conquistou a posi\u00e7\u00e3o 126, \u00e0 frente de locais bastante conhecidos do M\u00e9xico, Cuba, Col\u00f4mbia, Rep\u00fablica Dominicana e Chile.<\/p>\n\n\n\n<p>No ranking das melhores praias do Brasil em 2025, a Praia de Pontal do Sul, em Pontal do Paran\u00e1, ocupa a 27\u00aa posi\u00e7\u00e3o entre as praias brasileiras analisadas e \u00fanica praia paranaense citada no estudo.<\/p>\n\n\n\n<p>A avalia\u00e7\u00e3o considera n\u00e3o s\u00f3 a beleza natural, mas tamb\u00e9m fatores t\u00e9cnicos e cient\u00edficos que avaliam a praia como um todo. Entre os crit\u00e9rios est\u00e3o a qualidade da \u00e1gua e da areia, a presen\u00e7a de infraestrutura, a seguran\u00e7a para os banhistas, a\u00e7\u00f5es de preserva\u00e7\u00e3o ambiental, acessibilidade e a forma como o espa\u00e7o \u00e9 usado de maneira equilibrada.<\/p>\n\n\n\n<p>Com um \u00edndice BQV (valor de qualidade da praia) de 0,68, Pontal do Sul se sobressai entre as praias urbanas brasileiras. Mesmo com alguns desafios, a praia conseguiu boa pontua\u00e7\u00e3o por oferecer estrutura, atrativos naturais e liga\u00e7\u00e3o direta com \u00e1reas de preserva\u00e7\u00e3o, como a Ilha do Mel.<\/p>\n\n\n\n<p>Mais do que um ponto de lazer, Pontal do Sul \u00e9 uma praia multifuncional. Ali convivem moradores, turistas, pesquisadores, pescadores e institui\u00e7\u00f5es cient\u00edficas. Tamb\u00e9m \u00e9 uma das principais portas de entrada para o transporte mar\u00edtimo da regi\u00e3o.<\/p>\n\n\n\n<p>Essa diversidade mostra a import\u00e2ncia da praia para al\u00e9m do turismo, como um espa\u00e7o de conviv\u00eancia e desenvolvimento local.<\/p>\n\n\n\n<p>Para o prefeito Rud\u00e3o Gimenes, o reconhecimento internacional \u00e9 reflexo do compromisso da gest\u00e3o com o desenvolvimento sustent\u00e1vel e a valoriza\u00e7\u00e3o das riquezas naturais do munic\u00edpio.<br>&#8220;Estar entre as melhores praias das Am\u00e9ricas \u00e9 motivo de muito orgulho para todos n\u00f3s. Quem conhece sabe da beleza e do valor que esse lugar tem. Esse resultado mostra o cuidado das pessoas que vivem aqui, que frequentam e ajudam a manter a praia viva e bem cuidada. Seguimos trabalhando para que Pontal do Sul e toda nossa cidade continuem sendo exemplo de equil\u00edbrio entre turismo, meio ambiente e qualidade de vida,&#8221; afirmou o prefeito.<\/p>\n\n\n\n<p>A secret\u00e1ria de Turismo e Desenvolvimento Econ\u00f4mico, Luciana Costa, tamb\u00e9m celebrou o destaque de Pontal do Sul no ranking. &#8220;Esse resultado comprova que o turismo de Pontal do Paran\u00e1 tem potencial competitivo em n\u00edvel internacional. Estamos colhendo os frutos de um planejamento que une investimentos, escuta da comunidade e valoriza\u00e7\u00e3o dos nossos atrativos naturais. Seguiremos fortalecendo esse trabalho, sempre com foco na sustentabilidade e na gera\u00e7\u00e3o de oportunidades para nossa popula\u00e7\u00e3o,&#8221; destacou Luciana.<\/p>\n\n\n\n<p>O bom desempenho de Pontal do Sul no ranking \u00e9 resultado de uma an\u00e1lise ampla e detalhada. O estudo leva em conta 20 crit\u00e9rios t\u00e9cnicos, divididos em quatro grandes \u00e1reas:<\/p>\n\n\n\n<ul class=\"wp-block-list\">\n<li>Recrea\u00e7\u00e3o<\/li>\n<\/ul>\n\n\n\n<p>* Acesso e estacionamento<\/p>\n\n\n\n<p>* Instala\u00e7\u00f5es e servi\u00e7os dispon\u00edveis<\/p>\n\n\n\n<p>* Capacidade da praia (n\u00edvel de lota\u00e7\u00e3o)<\/p>\n\n\n\n<p>* Paisagem e cen\u00e1rio natural<\/p>\n\n\n\n<p>* Seguran\u00e7a para os frequentadores<\/p>\n\n\n\n<ul class=\"wp-block-list\">\n<li>Prote\u00e7\u00e3o Costeira<\/li>\n<\/ul>\n\n\n\n<p>* Estabilidade da linha de costa<\/p>\n\n\n\n<p>* Capacidade de dissipar a for\u00e7a das ondas<\/p>\n\n\n\n<p>* Impacto de a\u00e7\u00f5es humanas<\/p>\n\n\n\n<p>* Vulnerabilidade a tempestades<\/p>\n\n\n\n<p>* Capacidade natural de conten\u00e7\u00e3o (como dunas e vegeta\u00e7\u00e3o)<\/p>\n\n\n\n<ul class=\"wp-block-list\">\n<li>Conserva\u00e7\u00e3o Ambiental<\/li>\n<\/ul>\n\n\n\n<p>* Qualidade ambiental geral<\/p>\n\n\n\n<p>* A\u00e7\u00f5es de preserva\u00e7\u00e3o e manejo<\/p>\n\n\n\n<p>* Presen\u00e7a de habitats naturais<\/p>\n\n\n\n<p>* Diversidade de esp\u00e9cies<\/p>\n\n\n\n<p>* Preserva\u00e7\u00e3o de patrim\u00f4nio natural e cultural<\/p>\n\n\n\n<ul class=\"wp-block-list\">\n<li>Saneamento<\/li>\n<\/ul>\n\n\n\n<p>* Qualidade da \u00e1gua<\/p>\n\n\n\n<p>* Qualidade da areia<\/p>\n\n\n\n<p>* Ocorr\u00eancia de polui\u00e7\u00e3o ocasional<\/p>\n\n\n\n<p>* Gest\u00e3o de res\u00edduos<\/p>\n\n\n\n<p>* Oferta de banheiros e limpeza da praia<\/p>\n\n\n\n<p>Essa an\u00e1lise t\u00e9cnica permite identificar praias que mant\u00eam um equil\u00edbrio saud\u00e1vel entre lazer, meio ambiente e servi\u00e7os. O bom desempenho de Pontal do Sul mostra que o litoral do Paran\u00e1 tem espa\u00e7o garantido no cen\u00e1rio internacional, sendo exemplo para outros destinos que buscam crescer com responsabilidade e qualidade.<\/p>\n\n\n\n<p>Prefeitura de Pontal do Paran\u00e1<\/p>\n","protected":false},"excerpt":{"rendered":"<p>O levantamento, realizado pelo Centro Internacional de Forma\u00e7\u00e3o em Gest\u00e3o e Certifica\u00e7\u00e3o de Praias (CIF Playas), avaliou 200 praias em 11 pa\u00edses das Am\u00e9ricas e Pen\u00ednsula Ib\u00e9rica contando com o trabalho de 71 avaliadores especializados \u2014 entre ocean\u00f3grafos, ge\u00f3grafos, engenheiros, gestores p\u00fablicos e dentre outros. Este processo envolveu diagn\u00f3sticos t\u00e9cnicos, levantamentos de campo, uso de [&hellip;]<\/p>\n","protected":false},"author":2,"featured_media":68758,"comment_status":"open","ping_status":"open","sticky":false,"template":"","format":"standard","meta":{"advanced_seo_description":"","jetpack_seo_html_title":"","jetpack_seo_noindex":false,"_jetpack_memberships_contains_paid_content":false,"footnotes":""},"categories":[65],"tags":[],"class_list":{"0":"post-68745","1":"post","2":"type-post","3":"status-publish","4":"format-standard","5":"has-post-thumbnail","7":"category-pontal-do-parana"},"jetpack_featured_media_url":"https:\/\/www.paranapraia.com.br\/wp-content\/uploads\/2025\/06\/WhatsApp-Image-2025-06-13-at-21.23.43-scaled.jpeg","jetpack_sharing_enabled":true,"_links":{"self":[{"href":"https:\/\/www.paranapraia.com.br\/index.php\/wp-json\/wp\/v2\/posts\/68745"}],"collection":[{"href":"https:\/\/www.paranapraia.com.br\/index.php\/wp-json\/wp\/v2\/posts"}],"about":[{"href":"https:\/\/www.paranapraia.com.br\/index.php\/wp-json\/wp\/v2\/types\/post"}],"author":[{"embeddable":true,"href":"https:\/\/www.paranapraia.com.br\/index.php\/wp-json\/wp\/v2\/users\/2"}],"replies":[{"embeddable":true,"href":"https:\/\/www.paranapraia.com.br\/index.php\/wp-json\/wp\/v2\/comments?post=68745"}],"version-history":[{"count":1,"href":"https:\/\/www.paranapraia.com.br\/index.php\/wp-json\/wp\/v2\/posts\/68745\/revisions"}],"predecessor-version":[{"id":68759,"href":"https:\/\/www.paranapraia.com.br\/index.php\/wp-json\/wp\/v2\/posts\/68745\/revisions\/68759"}],"wp:featuredmedia":[{"embeddable":true,"href":"https:\/\/www.paranapraia.com.br\/index.php\/wp-json\/wp\/v2\/media\/68758"}],"wp:attachment":[{"href":"https:\/\/www.paranapraia.com.br\/index.php\/wp-json\/wp\/v2\/media?parent=68745"}],"wp:term":[{"taxonomy":"category","embeddable":true,"href":"https:\/\/www.paranapraia.com.br\/index.php\/wp-json\/wp\/v2\/categories?post=68745"},{"taxonomy":"post_tag","embeddable":true,"href":"https:\/\/www.paranapraia.com.br\/index.php\/wp-json\/wp\/v2\/tags?post=68745"}],"curies":[{"name":"wp","href":"https:\/\/api.w.org\/{rel}","templated":true}]}}