{"id":68742,"date":"2025-06-13T21:07:42","date_gmt":"2025-06-14T00:07:42","guid":{"rendered":"https:\/\/www.paranapraia.com.br\/?p=68742"},"modified":"2025-06-13T21:07:45","modified_gmt":"2025-06-14T00:07:45","slug":"mais-agilidade-na-saude-prefeitura-de-pontal-do-parana-promove-mutirao-de-oftalmologia","status":"publish","type":"post","link":"https:\/\/www.paranapraia.com.br\/index.php\/2025\/06\/13\/mais-agilidade-na-saude-prefeitura-de-pontal-do-parana-promove-mutirao-de-oftalmologia\/","title":{"rendered":"Mais agilidade na sa\u00fade: Prefeitura de Pontal do Paran\u00e1 promove mutir\u00e3o de oftalmologia"},"content":{"rendered":"\n<p>Nesta sexta-feira (13) e s\u00e1bado (14), a Secretaria de Sa\u00fade de Pontal do Paran\u00e1 est\u00e1 promovendo mais um mutir\u00e3o de atendimentos oftalmol\u00f3gicos na Policl\u00ednica, no balne\u00e1rio Praia de Leste.<\/p>\n\n\n\n<p>A iniciativa faz parte de uma s\u00e9rie de a\u00e7\u00f5es realizadas desde 2023, com o objetivo de agilizar o atendimento \u00e0 popula\u00e7\u00e3o e reduzir a fila de espera por consultas na \u00e1rea.<\/p>\n\n\n\n<p>Ao todo, ser\u00e3o realizados 200 atendimentos, sendo 100 em cada dia.<\/p>\n\n\n\n<p>A a\u00e7\u00e3o visa ampliar o acesso da popula\u00e7\u00e3o ao atendimento especializado de forma mais r\u00e1pida.<\/p>\n\n\n\n<p>&#8220;Estamos comprometidos em garantir que ningu\u00e9m fique sem atendimento. Esse mutir\u00e3o \u00e9 um passo a mais para oferecer \u00e0 nossa popula\u00e7\u00e3o o cuidado oftalmol\u00f3gico que ela merece, acelerando o acesso \u00e0 sa\u00fade e qualidade de vida para todos em Pontal do Paran\u00e1&#8221;, afirmou o prefeito Rud\u00e3o Gimenes.<\/p>\n\n\n\n<p>Al\u00e9m do prefeito Rud\u00e3o Gimenes, tamb\u00e9m estiveram presentes a Secret\u00e1ria de Sa\u00fade Michele Straub e a vice-prefeita Patr\u00edcia Millo Marcomini, acompanhando os atendimentos realizados durante o mutir\u00e3o.<\/p>\n\n\n\n<p>A Secretaria de Sa\u00fade ressalta a import\u00e2ncia da colabora\u00e7\u00e3o dos pacientes, que s\u00e3o avisados por telefone e WhatsApp.<\/p>\n\n\n\n<p>Confirmar presen\u00e7a ou avisar em caso de aus\u00eancia \u00e9 essencial para que as vagas sejam redistribu\u00eddas a outros moradores que aguardam consulta.<\/p>\n\n\n\n<p>Com a continuidade desses mutir\u00f5es, a Prefeitura busca oferecer mais agilidade e efici\u00eancia nos servi\u00e7os de sa\u00fade, contando com a participa\u00e7\u00e3o da popula\u00e7\u00e3o para que o atendimento siga avan\u00e7ando.<\/p>\n\n\n\n<p>A expectativa \u00e9 de que a\u00e7\u00f5es como essa continuem contribuindo para tornar o acesso \u00e0 sa\u00fade mais r\u00e1pido e eficiente em todo o munic\u00edpio.<\/p>\n\n\n\n<p>Prefeitura de Pontal do Paran\u00e1<\/p>\n\n\n\n<p><\/p>\n","protected":false},"excerpt":{"rendered":"<p>Nesta sexta-feira (13) e s\u00e1bado (14), a Secretaria de Sa\u00fade de Pontal do Paran\u00e1 est\u00e1 promovendo mais um mutir\u00e3o de atendimentos oftalmol\u00f3gicos na Policl\u00ednica, no balne\u00e1rio Praia de Leste. A iniciativa faz parte de uma s\u00e9rie de a\u00e7\u00f5es realizadas desde 2023, com o objetivo de agilizar o atendimento \u00e0 popula\u00e7\u00e3o e reduzir a fila de [&hellip;]<\/p>\n","protected":false},"author":2,"featured_media":68743,"comment_status":"open","ping_status":"open","sticky":false,"template":"","format":"standard","meta":{"advanced_seo_description":"","jetpack_seo_html_title":"","jetpack_seo_noindex":false,"_jetpack_memberships_contains_paid_content":false,"footnotes":""},"categories":[65],"tags":[],"class_list":{"0":"post-68742","1":"post","2":"type-post","3":"status-publish","4":"format-standard","5":"has-post-thumbnail","7":"category-pontal-do-parana"},"jetpack_featured_media_url":"https:\/\/www.paranapraia.com.br\/wp-content\/uploads\/2025\/06\/130625145633_5071358913827417820_jpg-scaled.jpg","jetpack_sharing_enabled":true,"_links":{"self":[{"href":"https:\/\/www.paranapraia.com.br\/index.php\/wp-json\/wp\/v2\/posts\/68742"}],"collection":[{"href":"https:\/\/www.paranapraia.com.br\/index.php\/wp-json\/wp\/v2\/posts"}],"about":[{"href":"https:\/\/www.paranapraia.com.br\/index.php\/wp-json\/wp\/v2\/types\/post"}],"author":[{"embeddable":true,"href":"https:\/\/www.paranapraia.com.br\/index.php\/wp-json\/wp\/v2\/users\/2"}],"replies":[{"embeddable":true,"href":"https:\/\/www.paranapraia.com.br\/index.php\/wp-json\/wp\/v2\/comments?post=68742"}],"version-history":[{"count":1,"href":"https:\/\/www.paranapraia.com.br\/index.php\/wp-json\/wp\/v2\/posts\/68742\/revisions"}],"predecessor-version":[{"id":68744,"href":"https:\/\/www.paranapraia.com.br\/index.php\/wp-json\/wp\/v2\/posts\/68742\/revisions\/68744"}],"wp:featuredmedia":[{"embeddable":true,"href":"https:\/\/www.paranapraia.com.br\/index.php\/wp-json\/wp\/v2\/media\/68743"}],"wp:attachment":[{"href":"https:\/\/www.paranapraia.com.br\/index.php\/wp-json\/wp\/v2\/media?parent=68742"}],"wp:term":[{"taxonomy":"category","embeddable":true,"href":"https:\/\/www.paranapraia.com.br\/index.php\/wp-json\/wp\/v2\/categories?post=68742"},{"taxonomy":"post_tag","embeddable":true,"href":"https:\/\/www.paranapraia.com.br\/index.php\/wp-json\/wp\/v2\/tags?post=68742"}],"curies":[{"name":"wp","href":"https:\/\/api.w.org\/{rel}","templated":true}]}}