{"id":68739,"date":"2025-06-13T21:04:50","date_gmt":"2025-06-14T00:04:50","guid":{"rendered":"https:\/\/www.paranapraia.com.br\/?p=68739"},"modified":"2025-06-24T16:36:18","modified_gmt":"2025-06-24T19:36:18","slug":"sanepar-abre-licitacao-para-ampliar-abastecimento-de-agua-em-matinhos","status":"publish","type":"post","link":"https:\/\/www.paranapraia.com.br\/index.php\/2025\/06\/13\/sanepar-abre-licitacao-para-ampliar-abastecimento-de-agua-em-matinhos\/","title":{"rendered":"Sanepar abre licita\u00e7\u00e3o para ampliar abastecimento de \u00e1gua em Matinhos"},"content":{"rendered":"\n<p>A Companhia de Saneamento do Paran\u00e1 (Sanepar) lan\u00e7ou nesta semana aviso de licita\u00e7\u00e3o para a instala\u00e7\u00e3o de seis novos reservat\u00f3rios de \u00e1gua tratada em balne\u00e1rios do munic\u00edpio de Matinhos, no Litoral do Estado. A concorr\u00eancia, na modalidade preg\u00e3o-eletr\u00f4nico, receber\u00e1 propostas at\u00e9 o dia 08 de julho, mesmo dia em que haver\u00e1 a disputa de pre\u00e7os. A partir da data de contrata\u00e7\u00e3o, a empresa vencedora ter\u00e1 prazo de 150 dias para executar as obras.<\/p>\n\n\n\n<p>\u201cAno a ano temos percebido um aumento crescente no volume de pessoas que visitam o Litoral e, consequentemente, o aumento da demanda por \u00e1gua tratada. Por isso, muito antes da temporada de ver\u00e3o, a Sanepar j\u00e1 trabalha na prepara\u00e7\u00e3o da infraestrutura do sistema de abastecimento, para atender cada vez melhor moradores e veranistas\u201d, destaca o diretor de Opera\u00e7\u00f5es da Sanepar, S\u00e9rgio Wippel.<\/p>\n\n\n\n<p>Os novos reservat\u00f3rios ser\u00e3o instalados nos balne\u00e1rios Riviera, Solimar e Gaivotas, em Matinhos. Eles ter\u00e3o capacidade para armazenar 525 mil litros de \u00e1gua tratada, ampliando o atendimento nos pontos mais cr\u00edticos.<\/p>\n\n\n\n<p>De acordo com Wippel, estes reservat\u00f3rios ser\u00e3o importantes para manter o abastecimento com vaz\u00e3o e press\u00e3o regulares, mesmo nos hor\u00e1rios de maior consumo durante a temporada de ver\u00e3o. Mais informa\u00e7\u00f5es sobre o Preg\u00e3o Eletr\u00f4nico N\u00ba 1363\/25 podem ser obtidas no&nbsp;<strong><a href=\"https:\/\/licitacao.sanepar.com.br\/\" target=\"_blank\" rel=\"noreferrer noopener\">site da Sanepar<\/a><\/strong>.&nbsp;<\/p>\n\n\n\n<p><strong>TRATAMENTO<\/strong>&nbsp;\u2013 Al\u00e9m dos seis novos reservat\u00f3rios, a capta\u00e7\u00e3o de \u00e1gua de Matinhos tamb\u00e9m passar\u00e1 por melhorias nos pr\u00f3ximos meses. A interven\u00e7\u00e3o, cujo processo licitat\u00f3rio est\u00e1 em fase de homologa\u00e7\u00e3o, prepara o sistema para eventuais situa\u00e7\u00f5es de chuvas torrenciais, que provocam o arraste de sedimentos com a enxurrada, prejudicando o processo de tratamento da \u00e1gua.<\/p>\n\n\n\n<p>O gerente regional da Sanepar no Litoral, Marcos Muniz, explica que no ano passado houve chuvas acima do previsto no fim de dezembro, o que fez com que a Esta\u00e7\u00e3o de Tratamento de \u00c1gua de Matinhos ficasse parcialmente submersa e sem condi\u00e7\u00f5es de tratamento devido \u00e0 turbidez elevada da \u00e1gua in natura. &#8220;Para que isso n\u00e3o ocorra, a Sanepar far\u00e1 uma melhoria na capta\u00e7\u00e3o\u201d.<\/p>\n\n\n\n<p>Com&nbsp;investimento de mais de R$ 6,2 milh\u00f5es, as melhorias incluem a instala\u00e7\u00e3o de floco-decantadores, que s\u00e3o equipamentos que eliminam impurezas da \u00e1gua in natura. De acordo com Muniz,&nbsp;a implanta\u00e7\u00e3o deste processo garantir\u00e1 que a esta\u00e7\u00e3o opere, mesmo com n\u00edveis maiores de turbidez, e s\u00f3 entrar\u00e1 em opera\u00e7\u00e3o caso haja chuvas torrenciais.<\/p>\n\n\n\n<p><strong>SISTEMA PREPARADO<\/strong>&nbsp;\u2013 O diretor-presidente da Sanepar, Wilson Bley, destaca que os investimentos na infraestrutura de abastecimento de Matinhos ocorrem com recursos pr\u00f3prios da Companhia. \u201cA Sanepar est\u00e1 investindo para que o seu sistema operacional esteja preparado, de modo que moradores e visitantes do Litoral paranaense tenham tranquilidade no abastecimento, e assim possam desfrutar de seu per\u00edodo de descanso sem dissabores. Para isso, a Sanepar precisa estar sempre alguns passos \u00e0 frente, como agora, quando estamos prestes a iniciar obras importantes para o abastecimento de Matinhos e seus balne\u00e1rios, que ser\u00e3o diferenciais na temporada de ver\u00e3o\u201d, disse.<\/p>\n\n\n\n<p><strong>SATISFA\u00c7\u00c3O&nbsp;<\/strong>\u2013 Uma pesquisa feita de 20 a 23 de fevereiro de 2025 pelo Instituto Paran\u00e1 Pesquisas, registrada no Conselho Regional de Estat\u00edstica, aponta que 94,9% dos entrevistados disseram estar satisfeitos ou muito satisfeitos com o fornecimento de \u00e1gua tratada prestado pela Sanepar em munic\u00edpios do Litoral. O levantamento tem grau de confian\u00e7a de 95%, com margem de erro de 2,6 pontos percentuais. A pesquisa apontou o abastecimento de forma ininterrupta e a qualidade da \u00e1gua, considerada \u00f3tima, como os itens mais bem pontuados entre 1.494 moradores e veranistas ouvidos em Guaratuba, Matinhos e Pontal do Paran\u00e1.<\/p>\n\n\n\n<p>AEN\/PR<\/p>\n","protected":false},"excerpt":{"rendered":"<p>A Companhia de Saneamento do Paran\u00e1 (Sanepar) lan\u00e7ou nesta semana aviso de licita\u00e7\u00e3o para a instala\u00e7\u00e3o de seis novos reservat\u00f3rios de \u00e1gua tratada em balne\u00e1rios do munic\u00edpio de Matinhos, no Litoral do Estado. A concorr\u00eancia, na modalidade preg\u00e3o-eletr\u00f4nico, receber\u00e1 propostas at\u00e9 o dia 08 de julho, mesmo dia em que haver\u00e1 a disputa de pre\u00e7os. [&hellip;]<\/p>\n","protected":false},"author":2,"featured_media":68740,"comment_status":"open","ping_status":"open","sticky":false,"template":"","format":"standard","meta":{"advanced_seo_description":"","jetpack_seo_html_title":"","jetpack_seo_noindex":false,"_jetpack_memberships_contains_paid_content":false,"footnotes":""},"categories":[88,778],"tags":[],"class_list":{"0":"post-68739","1":"post","2":"type-post","3":"status-publish","4":"format-standard","5":"has-post-thumbnail","7":"category-matinhos","8":"category-saneamento"},"jetpack_featured_media_url":"https:\/\/www.paranapraia.com.br\/wp-content\/uploads\/2025\/06\/202500613_sanepar_-_melhorias_no_litoral-scaled.jpg","jetpack_sharing_enabled":true,"_links":{"self":[{"href":"https:\/\/www.paranapraia.com.br\/index.php\/wp-json\/wp\/v2\/posts\/68739"}],"collection":[{"href":"https:\/\/www.paranapraia.com.br\/index.php\/wp-json\/wp\/v2\/posts"}],"about":[{"href":"https:\/\/www.paranapraia.com.br\/index.php\/wp-json\/wp\/v2\/types\/post"}],"author":[{"embeddable":true,"href":"https:\/\/www.paranapraia.com.br\/index.php\/wp-json\/wp\/v2\/users\/2"}],"replies":[{"embeddable":true,"href":"https:\/\/www.paranapraia.com.br\/index.php\/wp-json\/wp\/v2\/comments?post=68739"}],"version-history":[{"count":1,"href":"https:\/\/www.paranapraia.com.br\/index.php\/wp-json\/wp\/v2\/posts\/68739\/revisions"}],"predecessor-version":[{"id":68741,"href":"https:\/\/www.paranapraia.com.br\/index.php\/wp-json\/wp\/v2\/posts\/68739\/revisions\/68741"}],"wp:featuredmedia":[{"embeddable":true,"href":"https:\/\/www.paranapraia.com.br\/index.php\/wp-json\/wp\/v2\/media\/68740"}],"wp:attachment":[{"href":"https:\/\/www.paranapraia.com.br\/index.php\/wp-json\/wp\/v2\/media?parent=68739"}],"wp:term":[{"taxonomy":"category","embeddable":true,"href":"https:\/\/www.paranapraia.com.br\/index.php\/wp-json\/wp\/v2\/categories?post=68739"},{"taxonomy":"post_tag","embeddable":true,"href":"https:\/\/www.paranapraia.com.br\/index.php\/wp-json\/wp\/v2\/tags?post=68739"}],"curies":[{"name":"wp","href":"https:\/\/api.w.org\/{rel}","templated":true}]}}