{"id":68736,"date":"2025-06-13T21:02:25","date_gmt":"2025-06-14T00:02:25","guid":{"rendered":"https:\/\/www.paranapraia.com.br\/?p=68736"},"modified":"2025-06-13T21:02:28","modified_gmt":"2025-06-14T00:02:28","slug":"baixa-adesao-a-vacina-agrava-casos-de-doencas-respiratorias-alerta-secretaria-da-saude","status":"publish","type":"post","link":"https:\/\/www.paranapraia.com.br\/index.php\/2025\/06\/13\/baixa-adesao-a-vacina-agrava-casos-de-doencas-respiratorias-alerta-secretaria-da-saude\/","title":{"rendered":"Baixa ades\u00e3o \u00e0 vacina agrava casos de doen\u00e7as respirat\u00f3rias, alerta Secretaria da Sa\u00fade"},"content":{"rendered":"\n<p>O secret\u00e1rio de Estado da Sa\u00fade, Beto Preto, fez um novo alerta sobre a baixa cobertura vacinal contra a Influenza no Paran\u00e1 nesta sexta-feira (13) durante coletiva de imprensa em Foz do Igua\u00e7u, na regi\u00e3o Oeste. Ele destacou que a imuniza\u00e7\u00e3o, que est\u00e1 dispon\u00edvel em todas as Unidades B\u00e1sicas de Sa\u00fade, tem capacidade para evitar quadros graves e interna\u00e7\u00f5es, principalmente entre crian\u00e7as e idosos.<\/p>\n\n\n\n<p>\u201cTemos vacina contra a gripe e ela \u00e9 efetiva. N\u00e3o impede totalmente a infec\u00e7\u00e3o, mas reduz a gravidade da doen\u00e7a e a chance de interna\u00e7\u00f5es e \u00f3bitos\u201d, afirmou. Segundo ele, a circula\u00e7\u00e3o de v\u00edrus como o Influenza A, hoje respons\u00e1vel por cerca de 40% dos casos de S\u00edndrome Respirat\u00f3ria Aguda Grave, tem sido significativa neste ano, enquanto a Covid-19 caiu para menos de 1%.<\/p>\n\n\n\n<p>Um levantamento apenas da regi\u00e3o Oeste refor\u00e7ou essa preocupa\u00e7\u00e3o: das 250 crian\u00e7as que foram internadas no Hospital Municipal de Foz do Igua\u00e7u em 2025 por doen\u00e7as respirat\u00f3rias, apenas 18 estavam vacinadas. \u201cIsso mostra o que estamos enfrentando. A vacina est\u00e1 dispon\u00edvel, mas ainda n\u00e3o chegou a quem mais precisa\u201d, afirmou o secret\u00e1rio.<\/p>\n\n\n\n<p>O Paran\u00e1 aplicou 2.590.251 doses da vacina contra a Influenza. A cobertura vacinal entre os p\u00fablicos priorit\u00e1rios segue bem abaixo da meta de 90%: entre as crian\u00e7as, est\u00e1 em 35,25%; entre as gestantes, 31,76%; e entre os idosos, o grupo com maior risco de complica\u00e7\u00f5es, apenas 47,16%. \u201cO tempo est\u00e1 passando e o v\u00edrus continua circulando. A cada dia de atraso, aumenta a chance de casos graves\u201d, alertou Beto Preto.<\/p>\n\n\n\n<p>Desde o in\u00edcio de 2025, o Paran\u00e1 j\u00e1 registrou\u00a012.011 interna\u00e7\u00f5es por S\u00edndrome Respirat\u00f3ria Aguda Grave (SRAG), com 598 \u00f3bitos. Desses, 1.379 casos tiveram confirma\u00e7\u00e3o para Influenza, 560 para Covid-19, 3.043 foram associados a outros v\u00edrus respirat\u00f3rios e 2.096 permanecem em investiga\u00e7\u00e3o.<\/p>\n\n\n\n<p>Segundo o secret\u00e1rio, chama aten\u00e7\u00e3o o agravamento dos quadros em crian\u00e7as pequenas, sobretudo por infec\u00e7\u00f5es com o v\u00edrus sincicial respirat\u00f3rio (VSR), que pode evoluir para bronquiolite e exigir interna\u00e7\u00e3o em UTI \u2014 para o qual n\u00e3o h\u00e1 vacina dispon\u00edvel no SUS.<\/p>\n\n\n\n<p>\u201cA vacina contra a gripe est\u00e1 dispon\u00edvel em todos os 399 munic\u00edpios do Estado. Pedimos \u00e0 popula\u00e7\u00e3o que procure as unidades de sa\u00fade. Quanto maior a taxa de vacina\u00e7\u00e3o, menor ser\u00e1 o n\u00famero de internamentos, o que significa mais espa\u00e7o e agilidade para atender casos graves como da bronquiolite\u201d, concluiu.<\/p>\n\n\n\n<p><strong>VACINA\u00c7\u00c3O&nbsp;<\/strong>\u2013&nbsp;Na \u00faltima semana, a Sesa publicou uma resolu\u00e7\u00e3o com orienta\u00e7\u00f5es para os munic\u00edpios no enfrentamento \u00e0 SRAG. O documento refor\u00e7a medidas como atendimento priorit\u00e1rio para pacientes com sintomas respirat\u00f3rios e a\u00e7\u00f5es intensificadas de vacina\u00e7\u00e3o dos grupos priorit\u00e1rios.<\/p>\n\n\n\n<p>A Secretaria da Sa\u00fade tamb\u00e9m autorizou a abertura de\u00a077 novos leitos em hospitais das regi\u00f5es Oeste e Norte. A medida d\u00e1 sequ\u00eancia a um plano de conting\u00eancia elaborado pelo Estado respons\u00e1vel pela abertura de outros\u00a058 leitos que j\u00e1 recebem pacientes.<\/p>\n\n\n\n<p>AEN\/PR<\/p>\n","protected":false},"excerpt":{"rendered":"<p>O secret\u00e1rio de Estado da Sa\u00fade, Beto Preto, fez um novo alerta sobre a baixa cobertura vacinal contra a Influenza no Paran\u00e1 nesta sexta-feira (13) durante coletiva de imprensa em Foz do Igua\u00e7u, na regi\u00e3o Oeste. Ele destacou que a imuniza\u00e7\u00e3o, que est\u00e1 dispon\u00edvel em todas as Unidades B\u00e1sicas de Sa\u00fade, tem capacidade para evitar [&hellip;]<\/p>\n","protected":false},"author":2,"featured_media":68737,"comment_status":"open","ping_status":"open","sticky":false,"template":"","format":"standard","meta":{"advanced_seo_description":"","jetpack_seo_html_title":"","jetpack_seo_noindex":false,"_jetpack_memberships_contains_paid_content":false,"footnotes":""},"categories":[50],"tags":[],"class_list":{"0":"post-68736","1":"post","2":"type-post","3":"status-publish","4":"format-standard","5":"has-post-thumbnail","7":"category-saude"},"jetpack_featured_media_url":"https:\/\/www.paranapraia.com.br\/wp-content\/uploads\/2025\/06\/1000387580-scaled.jpg","jetpack_sharing_enabled":true,"_links":{"self":[{"href":"https:\/\/www.paranapraia.com.br\/index.php\/wp-json\/wp\/v2\/posts\/68736"}],"collection":[{"href":"https:\/\/www.paranapraia.com.br\/index.php\/wp-json\/wp\/v2\/posts"}],"about":[{"href":"https:\/\/www.paranapraia.com.br\/index.php\/wp-json\/wp\/v2\/types\/post"}],"author":[{"embeddable":true,"href":"https:\/\/www.paranapraia.com.br\/index.php\/wp-json\/wp\/v2\/users\/2"}],"replies":[{"embeddable":true,"href":"https:\/\/www.paranapraia.com.br\/index.php\/wp-json\/wp\/v2\/comments?post=68736"}],"version-history":[{"count":1,"href":"https:\/\/www.paranapraia.com.br\/index.php\/wp-json\/wp\/v2\/posts\/68736\/revisions"}],"predecessor-version":[{"id":68738,"href":"https:\/\/www.paranapraia.com.br\/index.php\/wp-json\/wp\/v2\/posts\/68736\/revisions\/68738"}],"wp:featuredmedia":[{"embeddable":true,"href":"https:\/\/www.paranapraia.com.br\/index.php\/wp-json\/wp\/v2\/media\/68737"}],"wp:attachment":[{"href":"https:\/\/www.paranapraia.com.br\/index.php\/wp-json\/wp\/v2\/media?parent=68736"}],"wp:term":[{"taxonomy":"category","embeddable":true,"href":"https:\/\/www.paranapraia.com.br\/index.php\/wp-json\/wp\/v2\/categories?post=68736"},{"taxonomy":"post_tag","embeddable":true,"href":"https:\/\/www.paranapraia.com.br\/index.php\/wp-json\/wp\/v2\/tags?post=68736"}],"curies":[{"name":"wp","href":"https:\/\/api.w.org\/{rel}","templated":true}]}}