{"id":68733,"date":"2025-06-13T12:34:51","date_gmt":"2025-06-13T15:34:51","guid":{"rendered":"https:\/\/www.paranapraia.com.br\/?p=68733"},"modified":"2025-06-13T12:34:54","modified_gmt":"2025-06-13T15:34:54","slug":"pcpr-incinera-mais-de-800-kg-de-cocaina-de-uma-unica-apreensao-da-pmpr-em-curitiba","status":"publish","type":"post","link":"https:\/\/www.paranapraia.com.br\/index.php\/2025\/06\/13\/pcpr-incinera-mais-de-800-kg-de-cocaina-de-uma-unica-apreensao-da-pmpr-em-curitiba\/","title":{"rendered":"PCPR incinera mais de 800 kg de coca\u00edna de uma \u00fanica apreens\u00e3o da PMPR em Curitiba"},"content":{"rendered":"\n<p>A Pol\u00edcia Civil do Paran\u00e1 (PCPR) incinerou nesta sexta-feira (13) os\u00a0876,2 quilos de coca\u00edna apreendidos pela Pol\u00edcia Militar do Paran\u00e1 (PMPR), na \u00faltima quarta-feira (11), no bairro Tatuquara, em Curitiba.<\/p>\n\n\n\n<p>A incinera\u00e7\u00e3o ocorreu em Colombo, na Regi\u00e3o Metropolitana de Curitiba, e contou com a presen\u00e7a de representantes do Minist\u00e9rio P\u00fablico do Paran\u00e1 (MPPR), da Vigil\u00e2ncia Sanit\u00e1ria de Curitiba, da PMPR. Pelo alto valor &#8211; estimativa da PMPR \u00e9 de que o montante equivale a cerca de R$ 60 milh\u00f5es -, a carga foi escoltada por um helic\u00f3ptero da PCPR at\u00e9 Colombo.&nbsp;<\/p>\n\n\n\n<p>&#8220;A incinera\u00e7\u00e3o representa a etapa final de uma a\u00e7\u00e3o integrada entre for\u00e7as de seguran\u00e7a, que retira grande quantidade de entorpecentes de circula\u00e7\u00e3o e impede seu destino il\u00edcito&#8221;, afirmou a delegada-chefe da Divis\u00e3o Policial da Capital, Maritza Maira Haisi.<\/p>\n\n\n\n<p>A apreens\u00e3o aconteceu durante uma opera\u00e7\u00e3o da PMPR, na madrugada de quarta-feira (11), resultado de um trabalho de intelig\u00eancia e monitoramento iniciado na noite anterior.&nbsp;<\/p>\n\n\n\n<p>Na ocasi\u00e3o, dois ve\u00edculos foram abordados ap\u00f3s movimenta\u00e7\u00f5es suspeitas em um endere\u00e7o do bairro Tatuquara. No interior dos autom\u00f3veis, foram localizados diversos fardos de coca\u00edna, al\u00e9m de uma pistola calibre 9 mm carregada. Dois homens foram presos em flagrante.<\/p>\n\n\n\n<p>AEN\/PR<\/p>\n","protected":false},"excerpt":{"rendered":"<p>A Pol\u00edcia Civil do Paran\u00e1 (PCPR) incinerou nesta sexta-feira (13) os\u00a0876,2 quilos de coca\u00edna apreendidos pela Pol\u00edcia Militar do Paran\u00e1 (PMPR), na \u00faltima quarta-feira (11), no bairro Tatuquara, em Curitiba. A incinera\u00e7\u00e3o ocorreu em Colombo, na Regi\u00e3o Metropolitana de Curitiba, e contou com a presen\u00e7a de representantes do Minist\u00e9rio P\u00fablico do Paran\u00e1 (MPPR), da Vigil\u00e2ncia [&hellip;]<\/p>\n","protected":false},"author":2,"featured_media":68734,"comment_status":"open","ping_status":"open","sticky":false,"template":"","format":"standard","meta":{"advanced_seo_description":"","jetpack_seo_html_title":"","jetpack_seo_noindex":false,"_jetpack_memberships_contains_paid_content":false,"footnotes":""},"categories":[33],"tags":[],"class_list":{"0":"post-68733","1":"post","2":"type-post","3":"status-publish","4":"format-standard","5":"has-post-thumbnail","7":"category-policia"},"jetpack_featured_media_url":"https:\/\/www.paranapraia.com.br\/wp-content\/uploads\/2025\/06\/979fd22e-d22d-44c7-94a5-22b7b2737596-scaled.jpg","jetpack_sharing_enabled":true,"_links":{"self":[{"href":"https:\/\/www.paranapraia.com.br\/index.php\/wp-json\/wp\/v2\/posts\/68733"}],"collection":[{"href":"https:\/\/www.paranapraia.com.br\/index.php\/wp-json\/wp\/v2\/posts"}],"about":[{"href":"https:\/\/www.paranapraia.com.br\/index.php\/wp-json\/wp\/v2\/types\/post"}],"author":[{"embeddable":true,"href":"https:\/\/www.paranapraia.com.br\/index.php\/wp-json\/wp\/v2\/users\/2"}],"replies":[{"embeddable":true,"href":"https:\/\/www.paranapraia.com.br\/index.php\/wp-json\/wp\/v2\/comments?post=68733"}],"version-history":[{"count":1,"href":"https:\/\/www.paranapraia.com.br\/index.php\/wp-json\/wp\/v2\/posts\/68733\/revisions"}],"predecessor-version":[{"id":68735,"href":"https:\/\/www.paranapraia.com.br\/index.php\/wp-json\/wp\/v2\/posts\/68733\/revisions\/68735"}],"wp:featuredmedia":[{"embeddable":true,"href":"https:\/\/www.paranapraia.com.br\/index.php\/wp-json\/wp\/v2\/media\/68734"}],"wp:attachment":[{"href":"https:\/\/www.paranapraia.com.br\/index.php\/wp-json\/wp\/v2\/media?parent=68733"}],"wp:term":[{"taxonomy":"category","embeddable":true,"href":"https:\/\/www.paranapraia.com.br\/index.php\/wp-json\/wp\/v2\/categories?post=68733"},{"taxonomy":"post_tag","embeddable":true,"href":"https:\/\/www.paranapraia.com.br\/index.php\/wp-json\/wp\/v2\/tags?post=68733"}],"curies":[{"name":"wp","href":"https:\/\/api.w.org\/{rel}","templated":true}]}}