{"id":68730,"date":"2025-06-13T12:31:51","date_gmt":"2025-06-13T15:31:51","guid":{"rendered":"https:\/\/www.paranapraia.com.br\/?p=68730"},"modified":"2025-06-13T12:31:53","modified_gmt":"2025-06-13T15:31:53","slug":"festa-da-tainha-promete-movimentar-encantadas-na-ilha-do-mel-neste-fim-de-semana","status":"publish","type":"post","link":"https:\/\/www.paranapraia.com.br\/index.php\/2025\/06\/13\/festa-da-tainha-promete-movimentar-encantadas-na-ilha-do-mel-neste-fim-de-semana\/","title":{"rendered":"Festa da Tainha promete movimentar Encantadas na Ilha do Mel neste fim de semana"},"content":{"rendered":"\n<p>A Festa da Tainha em Encantadas, Ilha do Mel, j\u00e1 \u00e9 tradicional e, como em todos os anos que o evento \u00e9 realizado na comunidade mar\u00edtima, celebra a cultura cai\u00e7ara e a gastronomia da regi\u00e3o, com destaque para pratos \u00e0 base de tainha.<\/p>\n\n\n\n<p>Com programa\u00e7\u00e3o at\u00e9 domingo (15), o evento tamb\u00e9m inclui apresenta\u00e7\u00f5es musicais, atividades para crian\u00e7as e para toda a fam\u00edlia e outras atra\u00e7\u00f5es culturais.<\/p>\n\n\n\n<p>\u201cDurante a festa, a tainha ser\u00e1 preparada de diversas formas. Tamb\u00e9m ter\u00e1 outros outros pratos cai\u00e7aras. J\u00e1 \u00e9 uma tradi\u00e7\u00e3o na comunidade que re\u00fane pescadores e fam\u00edlias locais, al\u00e9m de atrair turistas, promovendo a cultura cai\u00e7ara e o turismo\u201d, explica o secret\u00e1rio de Cultura e Patrim\u00f4nio Hist\u00f3rico (Secultur), Ivan Lapolli Filho.<\/p>\n\n\n\n<p>A festa \u00e9 uma realiza\u00e7\u00e3o do \u201cVisite a Ilha do Mel\u201d e conta com o apoio da Prefeitura de Paranagu\u00e1, por diversas secretarias municipais, como Cultura e Patrim\u00f4nio Hist\u00f3rico, Desenvolvimento Rural e Ilhas, Pesca, Abastecimento e Agricultura (Semdesp) e Turismo (Setur).<\/p>\n\n\n\n<p>Confira a programa\u00e7\u00e3o:<\/p>\n\n\n\n<p>Quinta-feira (12): Campeonato de Truco e Karaok\u00ea na Pra\u00e7a, a partir das 19h;<\/p>\n\n\n\n<p>Sexta-feira (13): Show com a dupla N\u00f3s Dois, a partir das 21h;<\/p>\n\n\n\n<p>S\u00e1bado (14): Festa Junina do CMEI, a partir das 14h; Fandango, 19h e tem Festa Junina na Escola Felipe Valentin e concurso de Miss e Mister Tainha para todas as idades, a partir das 20h. A partir das 22h, show com Larissa Oliveira;<\/p>\n\n\n\n<p>Domingo (15): Campeonato de v\u00f4lei e futebol a partir das 9h. A partir das 13h, show com Braza Duo (Gladi Se Kaji e Take It Easy) e Bingo na Pra\u00e7a, a partir das 18h.<\/p>\n\n\n\n<p>Prefeitura de Paranagu\u00e1<\/p>\n","protected":false},"excerpt":{"rendered":"<p>A Festa da Tainha em Encantadas, Ilha do Mel, j\u00e1 \u00e9 tradicional e, como em todos os anos que o evento \u00e9 realizado na comunidade mar\u00edtima, celebra a cultura cai\u00e7ara e a gastronomia da regi\u00e3o, com destaque para pratos \u00e0 base de tainha. Com programa\u00e7\u00e3o at\u00e9 domingo (15), o evento tamb\u00e9m inclui apresenta\u00e7\u00f5es musicais, atividades [&hellip;]<\/p>\n","protected":false},"author":2,"featured_media":68731,"comment_status":"open","ping_status":"open","sticky":false,"template":"","format":"standard","meta":{"advanced_seo_description":"","jetpack_seo_html_title":"","jetpack_seo_noindex":false,"_jetpack_memberships_contains_paid_content":false,"footnotes":""},"categories":[77],"tags":[],"class_list":{"0":"post-68730","1":"post","2":"type-post","3":"status-publish","4":"format-standard","5":"has-post-thumbnail","7":"category-paranagua"},"jetpack_featured_media_url":"https:\/\/www.paranapraia.com.br\/wp-content\/uploads\/2025\/06\/16395-scaled.jpg","jetpack_sharing_enabled":true,"_links":{"self":[{"href":"https:\/\/www.paranapraia.com.br\/index.php\/wp-json\/wp\/v2\/posts\/68730"}],"collection":[{"href":"https:\/\/www.paranapraia.com.br\/index.php\/wp-json\/wp\/v2\/posts"}],"about":[{"href":"https:\/\/www.paranapraia.com.br\/index.php\/wp-json\/wp\/v2\/types\/post"}],"author":[{"embeddable":true,"href":"https:\/\/www.paranapraia.com.br\/index.php\/wp-json\/wp\/v2\/users\/2"}],"replies":[{"embeddable":true,"href":"https:\/\/www.paranapraia.com.br\/index.php\/wp-json\/wp\/v2\/comments?post=68730"}],"version-history":[{"count":1,"href":"https:\/\/www.paranapraia.com.br\/index.php\/wp-json\/wp\/v2\/posts\/68730\/revisions"}],"predecessor-version":[{"id":68732,"href":"https:\/\/www.paranapraia.com.br\/index.php\/wp-json\/wp\/v2\/posts\/68730\/revisions\/68732"}],"wp:featuredmedia":[{"embeddable":true,"href":"https:\/\/www.paranapraia.com.br\/index.php\/wp-json\/wp\/v2\/media\/68731"}],"wp:attachment":[{"href":"https:\/\/www.paranapraia.com.br\/index.php\/wp-json\/wp\/v2\/media?parent=68730"}],"wp:term":[{"taxonomy":"category","embeddable":true,"href":"https:\/\/www.paranapraia.com.br\/index.php\/wp-json\/wp\/v2\/categories?post=68730"},{"taxonomy":"post_tag","embeddable":true,"href":"https:\/\/www.paranapraia.com.br\/index.php\/wp-json\/wp\/v2\/tags?post=68730"}],"curies":[{"name":"wp","href":"https:\/\/api.w.org\/{rel}","templated":true}]}}