{"id":68712,"date":"2025-06-13T08:37:04","date_gmt":"2025-06-13T11:37:04","guid":{"rendered":"https:\/\/www.paranapraia.com.br\/?p=68712"},"modified":"2025-06-13T08:37:06","modified_gmt":"2025-06-13T11:37:06","slug":"prefeitura-de-antonina-promove-curso-de-producao-artesanal","status":"publish","type":"post","link":"https:\/\/www.paranapraia.com.br\/index.php\/2025\/06\/13\/prefeitura-de-antonina-promove-curso-de-producao-artesanal\/","title":{"rendered":"Prefeitura de Antonina promove curso de produ\u00e7\u00e3o artesanal"},"content":{"rendered":"\n<p>Na \u00faltima quarta-feira (11), a Prefeitura de Antonina, atrav\u00e9s da Secretaria Especial da Mulher, promoveu o Curso de Produ\u00e7\u00e3o Artesanal de Sab\u00e3o e Sabonete, em parceria com a Universidade Federal do Paran\u00e1 (UFPR).<\/p>\n\n\n\n<p>A atividade teve como objetivo oferecer capacita\u00e7\u00e3o pr\u00e1tica para mulheres do munic\u00edpio, incentivando o empreendedorismo, a gera\u00e7\u00e3o de renda e o reaproveitamento sustent\u00e1vel de materiais no processo de produ\u00e7\u00e3o artesanal. A oficina ensinou t\u00e9cnicas de fabrica\u00e7\u00e3o utilizando ingredientes acess\u00edveis e pr\u00e1ticas seguras, aliando conhecimento cient\u00edfico e saberes populares.<\/p>\n\n\n\n<p>A a\u00e7\u00e3o faz parte das iniciativas da gest\u00e3o municipal voltadas ao fortalecimento da autonomia feminina e \u00e0 valoriza\u00e7\u00e3o da economia criativa local. Al\u00e9m de promover aprendizado, o curso tamb\u00e9m proporcionou um momento de troca entre as participantes, fortalecendo v\u00ednculos comunit\u00e1rios.<\/p>\n\n\n\n<p>A Prefeitura de Antonina agradece \u00e0 UFPR pela parceria e refor\u00e7a o compromisso com a promo\u00e7\u00e3o de pol\u00edticas p\u00fablicas voltadas para as mulheres, com foco na capacita\u00e7\u00e3o, inclus\u00e3o produtiva e sustentabilidade.<\/p>\n\n\n\n<p>Prefeitura de Antonina<\/p>\n","protected":false},"excerpt":{"rendered":"<p>Na \u00faltima quarta-feira (11), a Prefeitura de Antonina, atrav\u00e9s da Secretaria Especial da Mulher, promoveu o Curso de Produ\u00e7\u00e3o Artesanal de Sab\u00e3o e Sabonete, em parceria com a Universidade Federal do Paran\u00e1 (UFPR). A atividade teve como objetivo oferecer capacita\u00e7\u00e3o pr\u00e1tica para mulheres do munic\u00edpio, incentivando o empreendedorismo, a gera\u00e7\u00e3o de renda e o reaproveitamento [&hellip;]<\/p>\n","protected":false},"author":2,"featured_media":68713,"comment_status":"open","ping_status":"open","sticky":false,"template":"","format":"standard","meta":{"advanced_seo_description":"","jetpack_seo_html_title":"","jetpack_seo_noindex":false,"_jetpack_memberships_contains_paid_content":false,"footnotes":""},"categories":[132],"tags":[],"class_list":{"0":"post-68712","1":"post","2":"type-post","3":"status-publish","4":"format-standard","5":"has-post-thumbnail","7":"category-antonina"},"jetpack_featured_media_url":"https:\/\/www.paranapraia.com.br\/wp-content\/uploads\/2025\/06\/whatsapp-image-2025-06-12-at-162708-2-scaled.jpg","jetpack_sharing_enabled":true,"_links":{"self":[{"href":"https:\/\/www.paranapraia.com.br\/index.php\/wp-json\/wp\/v2\/posts\/68712"}],"collection":[{"href":"https:\/\/www.paranapraia.com.br\/index.php\/wp-json\/wp\/v2\/posts"}],"about":[{"href":"https:\/\/www.paranapraia.com.br\/index.php\/wp-json\/wp\/v2\/types\/post"}],"author":[{"embeddable":true,"href":"https:\/\/www.paranapraia.com.br\/index.php\/wp-json\/wp\/v2\/users\/2"}],"replies":[{"embeddable":true,"href":"https:\/\/www.paranapraia.com.br\/index.php\/wp-json\/wp\/v2\/comments?post=68712"}],"version-history":[{"count":1,"href":"https:\/\/www.paranapraia.com.br\/index.php\/wp-json\/wp\/v2\/posts\/68712\/revisions"}],"predecessor-version":[{"id":68714,"href":"https:\/\/www.paranapraia.com.br\/index.php\/wp-json\/wp\/v2\/posts\/68712\/revisions\/68714"}],"wp:featuredmedia":[{"embeddable":true,"href":"https:\/\/www.paranapraia.com.br\/index.php\/wp-json\/wp\/v2\/media\/68713"}],"wp:attachment":[{"href":"https:\/\/www.paranapraia.com.br\/index.php\/wp-json\/wp\/v2\/media?parent=68712"}],"wp:term":[{"taxonomy":"category","embeddable":true,"href":"https:\/\/www.paranapraia.com.br\/index.php\/wp-json\/wp\/v2\/categories?post=68712"},{"taxonomy":"post_tag","embeddable":true,"href":"https:\/\/www.paranapraia.com.br\/index.php\/wp-json\/wp\/v2\/tags?post=68712"}],"curies":[{"name":"wp","href":"https:\/\/api.w.org\/{rel}","templated":true}]}}