{"id":68578,"date":"2025-06-11T12:10:35","date_gmt":"2025-06-11T15:10:35","guid":{"rendered":"https:\/\/www.paranapraia.com.br\/?p=68578"},"modified":"2025-06-11T12:10:38","modified_gmt":"2025-06-11T15:10:38","slug":"parnanguara-e-a-primeira-mulher-superintendente-da-portos-do-parana","status":"publish","type":"post","link":"https:\/\/www.paranapraia.com.br\/index.php\/2025\/06\/11\/parnanguara-e-a-primeira-mulher-superintendente-da-portos-do-parana\/","title":{"rendered":"Parnanguara \u00e9 a primeira mulher superintendente da Portos do Paran\u00e1"},"content":{"rendered":"\n<p><em>Respons\u00e1vel por projetos de refer\u00eancia nacional, Bruna passa a liderar a \u00e1rea de governan\u00e7a da companhia<\/em><\/p>\n\n\n\n<p>A economista e advogada Bruna Nicolau assumiu o cargo de superintendente de Governan\u00e7a da Portos do Paran\u00e1 no in\u00edcio de junho. Bisneta de capit\u00e3o da Marinha, neta de estivadores e com muitos familiares portu\u00e1rios, a parnanguara que sonhava em trabalhar no Porto agora celebra mais de 10 anos de carreira.<\/p>\n\n\n\n<p>Bruna come\u00e7ou a jornada profissional na Portos do Paran\u00e1 em 2015, no setor Financeiro, onde auxiliava nos processos de pagamento e faturamento. Depois, seguiu para a \u00e1rea de Licita\u00e7\u00f5es, atuando na busca de vantajosidade para as compras e contrata\u00e7\u00f5es, com pesquisas de mercado e de pre\u00e7os. Em 2019, a convite de outra Autoridade Portu\u00e1ria, deixou a Portos do Paran\u00e1, mas se manteve atuando no setor portu\u00e1rio, retornando em 2021 como coordenadora de Modelagem no setor de Arrendamento.<\/p>\n\n\n\n<p>\u201cEu trabalhava estabelecendo os par\u00e2metros e diretrizes para os novos terminais, e na gest\u00e3o dos contratos de arrendamentos j\u00e1 celebrados. Hoje, n\u00f3s vemos os resultados com a conclus\u00e3o de v\u00e1rios leil\u00f5es, sendo os mais recentes o PAR14, 15 e 25, realizados em abril\u201d, pontuou Bruna. Em 2023, a portu\u00e1ria foi promovida a gerente de Planejamento Estrat\u00e9gico da Portos do Paran\u00e1, onde acompanhou todos os projetos estrat\u00e9gicos e metas da empresa.<\/p>\n\n\n\n<p>Desde 2022, atua tamb\u00e9m como presidente substituta da Comiss\u00e3o de Licita\u00e7\u00e3o de \u00c1reas Portu\u00e1rias (CLAP), respons\u00e1vel pela tramita\u00e7\u00e3o e an\u00e1lise documental dos leil\u00f5es. Todo o trabalho realizado pela Comiss\u00e3o serve como modelo nacional, sendo a Portos do Paran\u00e1 a primeira autoridade portu\u00e1ria brasileira a ter autonomia para realizar seus pr\u00f3prios leil\u00f5es.<\/p>\n\n\n\n<p>Bruna participou de grande parte do processo que permitiu \u00e0 Portos do Paran\u00e1 ser a primeira autoridade portu\u00e1ria a obter autonomia administrativa, fato consolidado em 2019. Desde ent\u00e3o, oito leil\u00f5es de \u00e1reas foram realizados, somando cerca de R$ 915 milh\u00f5es arrecadados em outorgas e R$ 3,7 bilh\u00f5es em contratos. Dos oito leil\u00f5es, Bruna participou direta e ativamente de sete.<\/p>\n\n\n\n<p><strong>Mulheres no porto<\/strong><\/p>\n\n\n\n<p>Bruna observa diariamente o avan\u00e7o social das mulheres no trabalho portu\u00e1rio. \u201cHoje, temos mulheres em cargos de lideran\u00e7a, gerentes e coordenadoras. Um perfil que, at\u00e9 alguns anos atr\u00e1s, quase n\u00e3o existia\u201d, comentou.<\/p>\n\n\n\n<p>Um dos marcos de valoriza\u00e7\u00e3o do trabalho feminino no ambiente portu\u00e1rio foi a contrata\u00e7\u00e3o das primeiras estivadoras, em maio de 2025, no Porto de Paranagu\u00e1: as irm\u00e3s ga\u00fachas Eduarda e Fernanda Garcia da Costa. Elas fazem parte de um grupo de 37 mulheres aprovadas no processo seletivo para trabalhadores portu\u00e1rios avulsos (TPAs), realizado pelo Ogmo (\u00d3rg\u00e3o Gestor de M\u00e3o de Obra) de Paranagu\u00e1. A sele\u00e7\u00e3o teve 7.415 inscritos, sendo 815 mulheres (10,9%). Entre as aprovadas, est\u00e3o 14 estivadoras, duas arrumadoras, 15 conferentes e seis vigias.<\/p>\n\n\n\n<p>Bruna tamb\u00e9m \u00e9 um marco hist\u00f3rico para o porto, sendo a primeira mulher a assumir o cargo de superintendente de Governan\u00e7a, \u00fanico cargo da empresa, utilizado apenas no setor de governan\u00e7a. H\u00e1 anos atr\u00e1s, esse termo de superintendente era conhecido como a posi\u00e7\u00e3o que hoje \u00e9 do diretor-presidente. Com a moderniza\u00e7\u00e3o da gest\u00e3o, e ap\u00f3s a reestrutura\u00e7\u00e3o organizacional da empresa, realizada em 2020, o cargo passou a ter outro significado, representando um dos n\u00edveis mais altos da organiza\u00e7\u00e3o.<\/p>\n\n\n\n<p>&nbsp;\u201cDe 2015 para c\u00e1, vejo que \u00e9 uma tend\u00eancia a presen\u00e7a de mulheres no ambiente portu\u00e1rio. Que esse cen\u00e1rio continue evoluindo e que as mulheres se capacitem cada vez mais para, de fato, assumirem os cargos que lhes competem\u201d, concluiu.<\/p>\n\n\n\n<p><strong>Capacita\u00e7\u00e3o<\/strong><\/p>\n\n\n\n<p>Al\u00e9m das oportunidades profissionais, a Portos do Paran\u00e1 tamb\u00e9m estimula a capacita\u00e7\u00e3o e o desenvolvimento das mulheres. Desde 2024, a autoridade portu\u00e1ria destina 50% das vagas de p\u00f3s-gradua\u00e7\u00e3o do Master em Log\u00edstica e Gest\u00e3o Portu\u00e1ria \u2014 coordenado pela&nbsp;<em>Fundaci\u00f3n Valenciaport<\/em>&nbsp;e pela&nbsp;<em>Universidad Polit\u00e9cnica de Val\u00e8ncia<\/em>&nbsp;\u2014 para as portu\u00e1rias.<\/p>\n\n\n\n<p>\u201cO Master em Log\u00edstica e Gest\u00e3o Portu\u00e1ria \u00e9 o curso de p\u00f3s-gradua\u00e7\u00e3o mais prestigiado na \u00e1rea portu\u00e1ria da Espanha e um dos principais do mundo. A destina\u00e7\u00e3o de vagas para mulheres refor\u00e7a nosso compromisso com um mercado de trabalho mais justo e equitativo\u201d, afirmou o diretor-presidente da Portos do Paran\u00e1, Luiz Fernando Garcia.<\/p>\n\n\n\n<p><strong>Governan\u00e7a<\/strong><\/p>\n\n\n\n<p>Agora \u00e0 frente da Governan\u00e7a, a Superintendente destaca a import\u00e2ncia do departamento para a empresa na implementa\u00e7\u00e3o de pol\u00edticas e boas pr\u00e1ticas, buscando a conformidade dos atos da estatal, tanto no controle interno e de processos regulares quanto no controle externo e na divulga\u00e7\u00e3o de dados.<\/p>\n\n\n\n<p>\u201cTemos o canal de ouvidoria, que \u00e9 a porta de entrada para sugest\u00f5es, pedidos de informa\u00e7\u00e3o, reclama\u00e7\u00f5es \u2014 tudo que o usu\u00e1rio necessita saber da Portos do Paran\u00e1 \u2014 e temos o&nbsp;<em>compliance<\/em>, que faz toda a an\u00e1lise e prote\u00e7\u00e3o de dados\u201d, citou. J\u00e1 a coordenadoria de auditoria \u00e9 respons\u00e1vel pela avalia\u00e7\u00e3o dos processos e na identifica\u00e7\u00e3o dos riscos e melhorias, de acordo com o calend\u00e1rio anual de auditoria interna.<\/p>\n\n\n\n<p>\u201cA gente estabelece e estuda os mecanismos que todos os setores da companhia v\u00eam conduzindo, identificando pontualmente o que precisa de ajustes e realizando a detec\u00e7\u00e3o de riscos. A Governan\u00e7a vem trabalhando nessa frente de conformidade, integridade e transpar\u00eancia para implementar as boas pr\u00e1ticas aqui na empresa p\u00fablica\u201d, finalizou Bruna.<\/p>\n\n\n\n<p>Portos do Paran\u00e1<\/p>\n","protected":false},"excerpt":{"rendered":"<p>Respons\u00e1vel por projetos de refer\u00eancia nacional, Bruna passa a liderar a \u00e1rea de governan\u00e7a da companhia A economista e advogada Bruna Nicolau assumiu o cargo de superintendente de Governan\u00e7a da Portos do Paran\u00e1 no in\u00edcio de junho. Bisneta de capit\u00e3o da Marinha, neta de estivadores e com muitos familiares portu\u00e1rios, a parnanguara que sonhava em [&hellip;]<\/p>\n","protected":false},"author":2,"featured_media":68579,"comment_status":"open","ping_status":"open","sticky":false,"template":"","format":"standard","meta":{"advanced_seo_description":"","jetpack_seo_html_title":"","jetpack_seo_noindex":false,"_jetpack_memberships_contains_paid_content":false,"footnotes":""},"categories":[40,74],"tags":[],"class_list":{"0":"post-68578","1":"post","2":"type-post","3":"status-publish","4":"format-standard","5":"has-post-thumbnail","7":"category-destaques","8":"category-setor-portuario"},"jetpack_featured_media_url":"https:\/\/www.paranapraia.com.br\/wp-content\/uploads\/2025\/06\/img_3026_copiar-scaled.jpg","jetpack_sharing_enabled":true,"_links":{"self":[{"href":"https:\/\/www.paranapraia.com.br\/index.php\/wp-json\/wp\/v2\/posts\/68578"}],"collection":[{"href":"https:\/\/www.paranapraia.com.br\/index.php\/wp-json\/wp\/v2\/posts"}],"about":[{"href":"https:\/\/www.paranapraia.com.br\/index.php\/wp-json\/wp\/v2\/types\/post"}],"author":[{"embeddable":true,"href":"https:\/\/www.paranapraia.com.br\/index.php\/wp-json\/wp\/v2\/users\/2"}],"replies":[{"embeddable":true,"href":"https:\/\/www.paranapraia.com.br\/index.php\/wp-json\/wp\/v2\/comments?post=68578"}],"version-history":[{"count":1,"href":"https:\/\/www.paranapraia.com.br\/index.php\/wp-json\/wp\/v2\/posts\/68578\/revisions"}],"predecessor-version":[{"id":68580,"href":"https:\/\/www.paranapraia.com.br\/index.php\/wp-json\/wp\/v2\/posts\/68578\/revisions\/68580"}],"wp:featuredmedia":[{"embeddable":true,"href":"https:\/\/www.paranapraia.com.br\/index.php\/wp-json\/wp\/v2\/media\/68579"}],"wp:attachment":[{"href":"https:\/\/www.paranapraia.com.br\/index.php\/wp-json\/wp\/v2\/media?parent=68578"}],"wp:term":[{"taxonomy":"category","embeddable":true,"href":"https:\/\/www.paranapraia.com.br\/index.php\/wp-json\/wp\/v2\/categories?post=68578"},{"taxonomy":"post_tag","embeddable":true,"href":"https:\/\/www.paranapraia.com.br\/index.php\/wp-json\/wp\/v2\/tags?post=68578"}],"curies":[{"name":"wp","href":"https:\/\/api.w.org\/{rel}","templated":true}]}}