{"id":68543,"date":"2025-06-10T13:17:38","date_gmt":"2025-06-10T16:17:38","guid":{"rendered":"https:\/\/www.paranapraia.com.br\/?p=68543"},"modified":"2025-06-10T13:17:41","modified_gmt":"2025-06-10T16:17:41","slug":"governo-do-parana-promove-novas-acoes-de-enfrentamento-a-violencia-contra-a-pessoa-idosa","status":"publish","type":"post","link":"https:\/\/www.paranapraia.com.br\/index.php\/2025\/06\/10\/governo-do-parana-promove-novas-acoes-de-enfrentamento-a-violencia-contra-a-pessoa-idosa\/","title":{"rendered":"Governo do Paran\u00e1 promove novas a\u00e7\u00f5es de enfrentamento \u00e0 viol\u00eancia contra a pessoa idosa"},"content":{"rendered":"\n<p>O Governo do Paran\u00e1, por meio da Secretaria da Mulher, Igualdade Racial e Pessoa Idosa (Semipi), promove nos pr\u00f3ximos dias uma s\u00e9rie de a\u00e7\u00f5es pelo Junho Violeta, m\u00eas de conscientiza\u00e7\u00e3o e enfrentamento \u00e0 viol\u00eancia contra a pessoa idosa. As atividades ser\u00e3o promovidas em parceria com munic\u00edpios e demais \u00f3rg\u00e3os do Estado com o objetivo de dar visibilidade \u00e0 pauta e fortalecer pol\u00edticas p\u00fablicas de prote\u00e7\u00e3o \u00e0 popula\u00e7\u00e3o idosa.<\/p>\n\n\n\n<p>Entre as iniciativas programadas est\u00e3o reuni\u00f5es estrat\u00e9gicas com munic\u00edpios sobre o enfrentamento \u00e0 viol\u00eancia contra pessoas idosas. Os encontros ser\u00e3o com Campo Magro, Campo do Tenente, Colombo, Curitiba, Fazenda Rio Grande, Arauc\u00e1ria, Guarapuava, Itaperu\u00e7u, Quatro Barras, Paranagu\u00e1 e Tijucas do Sul, reunindo tamb\u00e9m representantes do Conselho. Estadual dos Direitos da Pessoa Idosa do Paran\u00e1 e do Minist\u00e9rio P\u00fablico.<\/p>\n\n\n\n<p>O Governo do Paran\u00e1 tamb\u00e9m vai enviar pe\u00e7as da campanha digital incentivando a mobiliza\u00e7\u00e3o local em torno do tema para os munic\u00edpios. Ela ter\u00e1 como temas explora\u00e7\u00e3o financeira, solid\u00e3o e medos. A divulga\u00e7\u00e3o do Dia Mundial de Conscientiza\u00e7\u00e3o da Viol\u00eancia contra a Pessoa Idosa, no domingo (15), ser\u00e1 refor\u00e7ada.<\/p>\n\n\n\n<p>Durante o m\u00eas, a Semipi tamb\u00e9m promover\u00e1 a divulga\u00e7\u00e3o de boas pr\u00e1ticas, destacando iniciativas de sucesso na prote\u00e7\u00e3o e no cuidado com a popula\u00e7\u00e3o idosa.&nbsp;A popula\u00e7\u00e3o idosa cresceu 56% em 12 anos no Brasil e o Paran\u00e1 j\u00e1 conta com 1,9 milh\u00e3o de pessoas com 60 anos ou mais. At\u00e9 2027, esse grupo deve superar o n\u00famero de crian\u00e7as e adolescentes com menos de 14 anos.<\/p>\n\n\n\n<p>O Estado conta com uma s\u00e9rie de programas para esse p\u00fablico, como a Carteira da Pessoa Idosa que garante transporte intermunicipal gratuito ou com desconto; Casa F\u00e1cil Paran\u00e1 Terceira Idade, com subs\u00eddio de R$ 80 mil para entrada na casa pr\u00f3pria; Cadastro Estadual de Cuidadores, que re\u00fane dados de cuidadores formais e informais; e a Bolsas Cuidador Familiar, que garante apoio financeiro a cuidadores e idosos em vulnerabilidade.<\/p>\n\n\n\n<p>Desde 2023, a popula\u00e7\u00e3o idosa do Paran\u00e1 tamb\u00e9m conta com o apoio de uma secretaria exclusiva no Estado. Segundo a secret\u00e1ria Leandre Dal Ponte, as pol\u00edticas da Semipi promovem um envelhecimento digno e saud\u00e1vel. \u201cCom a uni\u00e3o de esfor\u00e7os no Governo do Paran\u00e1, buscamos combater a viol\u00eancia contra a pessoa idosa, fomentando o bem-estar, acesso a lazer, habita\u00e7\u00e3o, sa\u00fade e cuidados\u201d, afirma. &#8220;E recentemente o Paran\u00e1 se tornou o&nbsp;1\u00ba estado da Am\u00e9rica do Sul reconhecido pela OMS como Amigo da Pessoa Idosa&#8221;.<\/p>\n\n\n\n<p>Al\u00e9m de envolver gestores p\u00fablicos, as a\u00e7\u00f5es do Junho Violeta t\u00eam como objetivo mobilizar a sociedade civil, ampliando a conscientiza\u00e7\u00e3o e fortalecendo a rede de prote\u00e7\u00e3o \u00e0s pessoas idosas.<\/p>\n\n\n\n<p><strong>Conhe\u00e7a os principais tipos de viol\u00eancia contra a pessoa idosa e como identific\u00e1-los:<\/strong><\/p>\n\n\n\n<p>&#8211; Abandono e neglig\u00eancia: falta de cuidado e assist\u00eancia, em casa ou em institui\u00e7\u00f5es.<\/p>\n\n\n\n<p>&#8211; Viol\u00eancia f\u00edsica: agress\u00f5es vis\u00edveis ou sutis, como empurr\u00f5es e belisc\u00f5es, geralmente por familiares ou cuidadores.<\/p>\n\n\n\n<p>&#8211; Viol\u00eancia psicol\u00f3gica e verbal: gritos, ofensas, desprezo e atitudes que afetam a autoestima.<\/p>\n\n\n\n<p>&#8211; Viol\u00eancia financeira ou patrimonial: uso indevido de dinheiro, cart\u00f5es e bens, muitas vezes por pessoas pr\u00f3ximas.<\/p>\n\n\n\n<p>&#8211; Viol\u00eancia sexual: atos sem consentimento, como car\u00edcias e rela\u00e7\u00f5es sexuais, praticados por pessoas pr\u00f3ximas ou profissionais.<\/p>\n\n\n\n<p>&#8211; Viol\u00eancia institucional: maus-tratos em institui\u00e7\u00f5es como hospitais e abrigos, incluindo instala\u00e7\u00f5es prec\u00e1rias e neglig\u00eancia.<\/p>\n\n\n\n<p>&#8211; Discrimina\u00e7\u00e3o: atitudes ofensivas ligadas \u00e0 idade, como o etarismo, que desrespeitam os direitos da pessoa idosa.<\/p>\n\n\n\n<p>&#8211; Autoneglig\u00eancia: descuido com a pr\u00f3pria sa\u00fade e higiene, podendo levar a automutila\u00e7\u00e3o e tentativas de suic\u00eddio.<\/p>\n\n\n\n<p><strong>Fique atento sobre determinadas condi\u00e7\u00f5es:<\/strong><\/p>\n\n\n\n<p>&#8211; Mudan\u00e7as emocionais: medo, isolamento, tristeza, recusa em participar de atividades.<\/p>\n\n\n\n<p>&#8211; Sinais f\u00edsicos: feridas, cicatrizes, fraturas, perda de peso, desidrata\u00e7\u00e3o, roupas sujas ou rasgadas.<\/p>\n\n\n\n<p>&#8211; Situa\u00e7\u00f5es suspeitas: sumi\u00e7o de locais frequentados, grandes saques banc\u00e1rios, mudan\u00e7as em testamentos ou seguros.<\/p>\n\n\n\n<p><strong>Den\u00fancias podem ser feitas pelos seguintes canais:<\/strong><\/p>\n\n\n\n<p>Disque Idoso Paran\u00e1 \u2013 0800 141 0001<\/p>\n\n\n\n<p>E-mail: disqueidoso@semipi.pr.gov.br<\/p>\n\n\n\n<p>Disque 100 \u2013 Minist\u00e9rio dos Direitos Humanos<\/p>\n\n\n\n<p>Disque 181 \u2013 Secretaria da Seguran\u00e7a P\u00fablica&nbsp;<\/p>\n\n\n\n<p><strong><a href=\"https:\/\/www.cedipi.pr.gov.br\/Idoso-Play-60\" target=\"_blank\" rel=\"noreferrer noopener\">Idoso Play 60+<\/a><\/strong>&nbsp;\u2013&nbsp;<strong><a href=\"https:\/\/www.cedipi.pr.gov.br\/\" target=\"_blank\" rel=\"noreferrer noopener\">www.cedipi.pr.gov.br<\/a><\/strong><\/p>\n\n\n\n<p>AEN\/PR<\/p>\n","protected":false},"excerpt":{"rendered":"<p>O Governo do Paran\u00e1, por meio da Secretaria da Mulher, Igualdade Racial e Pessoa Idosa (Semipi), promove nos pr\u00f3ximos dias uma s\u00e9rie de a\u00e7\u00f5es pelo Junho Violeta, m\u00eas de conscientiza\u00e7\u00e3o e enfrentamento \u00e0 viol\u00eancia contra a pessoa idosa. As atividades ser\u00e3o promovidas em parceria com munic\u00edpios e demais \u00f3rg\u00e3os do Estado com o objetivo de [&hellip;]<\/p>\n","protected":false},"author":2,"featured_media":68544,"comment_status":"open","ping_status":"open","sticky":false,"template":"","format":"standard","meta":{"advanced_seo_description":"","jetpack_seo_html_title":"","jetpack_seo_noindex":false,"_jetpack_memberships_contains_paid_content":false,"footnotes":""},"categories":[40],"tags":[],"class_list":{"0":"post-68543","1":"post","2":"type-post","3":"status-publish","4":"format-standard","5":"has-post-thumbnail","7":"category-destaques"},"jetpack_featured_media_url":"https:\/\/www.paranapraia.com.br\/wp-content\/uploads\/2025\/06\/2024-06-14_11h17-25_robson_mafra-scaled.jpg","jetpack_sharing_enabled":true,"_links":{"self":[{"href":"https:\/\/www.paranapraia.com.br\/index.php\/wp-json\/wp\/v2\/posts\/68543"}],"collection":[{"href":"https:\/\/www.paranapraia.com.br\/index.php\/wp-json\/wp\/v2\/posts"}],"about":[{"href":"https:\/\/www.paranapraia.com.br\/index.php\/wp-json\/wp\/v2\/types\/post"}],"author":[{"embeddable":true,"href":"https:\/\/www.paranapraia.com.br\/index.php\/wp-json\/wp\/v2\/users\/2"}],"replies":[{"embeddable":true,"href":"https:\/\/www.paranapraia.com.br\/index.php\/wp-json\/wp\/v2\/comments?post=68543"}],"version-history":[{"count":1,"href":"https:\/\/www.paranapraia.com.br\/index.php\/wp-json\/wp\/v2\/posts\/68543\/revisions"}],"predecessor-version":[{"id":68545,"href":"https:\/\/www.paranapraia.com.br\/index.php\/wp-json\/wp\/v2\/posts\/68543\/revisions\/68545"}],"wp:featuredmedia":[{"embeddable":true,"href":"https:\/\/www.paranapraia.com.br\/index.php\/wp-json\/wp\/v2\/media\/68544"}],"wp:attachment":[{"href":"https:\/\/www.paranapraia.com.br\/index.php\/wp-json\/wp\/v2\/media?parent=68543"}],"wp:term":[{"taxonomy":"category","embeddable":true,"href":"https:\/\/www.paranapraia.com.br\/index.php\/wp-json\/wp\/v2\/categories?post=68543"},{"taxonomy":"post_tag","embeddable":true,"href":"https:\/\/www.paranapraia.com.br\/index.php\/wp-json\/wp\/v2\/tags?post=68543"}],"curies":[{"name":"wp","href":"https:\/\/api.w.org\/{rel}","templated":true}]}}