{"id":68518,"date":"2025-06-10T11:02:47","date_gmt":"2025-06-10T14:02:47","guid":{"rendered":"https:\/\/www.paranapraia.com.br\/?p=68518"},"modified":"2025-06-10T11:02:50","modified_gmt":"2025-06-10T14:02:50","slug":"morretes-valoriza-sua-arte-e-seus-artistas-durante-a-festa-feira-agricola-e-artesanal","status":"publish","type":"post","link":"https:\/\/www.paranapraia.com.br\/index.php\/2025\/06\/10\/morretes-valoriza-sua-arte-e-seus-artistas-durante-a-festa-feira-agricola-e-artesanal\/","title":{"rendered":"Morretes valoriza sua arte e seus artistas durante a Festa Feira Agr\u00edcola e Artesanal"},"content":{"rendered":"\n<p>Pela primeira vez, a\u00a0Secretaria de Cultura e Turismo de Morretes\u00a0promoveu uma\u00a0programa\u00e7\u00e3o cultural estruturada\u00a0dentro da tradicional\u00a0Festa Feira Agr\u00edcola e Artesanal, com foco na valoriza\u00e7\u00e3o da cultura local. As a\u00e7\u00f5es in\u00e9ditas tiveram excelente retorno por parte dos artistas, turistas e moradores, refor\u00e7ando o papel da cultura como eixo estrat\u00e9gico para o desenvolvimento do munic\u00edpio.<\/p>\n\n\n\n<p><strong>Sala do Artista Morretense<\/strong><\/p>\n\n\n\n<p>Instalada especialmente para o evento, a\u00a0Sala do Artista Morretense\u00a0reuniu\u00a0mais de 10 artistas visuais e artes\u00e3os locais, entre escultores, pintoras, desenhistas, entre outros talentos da cidade. O espa\u00e7o, com entrada gratuita e sem fins comerciais, foi totalmente dedicado \u00e0\u00a0valoriza\u00e7\u00e3o da produ\u00e7\u00e3o art\u00edstica local, fortalecendo a\u00a0economia criativa\u00a0e os\u00a0saberes tradicionais\u00a0de Morretes.<\/p>\n\n\n\n<p><strong>Oficinas culturais na Casa Rocha Pombo<\/strong><\/p>\n\n\n\n<p>A\u00a0Casa Rocha Pombo\u00a0foi palco de\u00a0seis oficinas gratuitas, ministradas por artistas locais e voltadas \u00e0 transmiss\u00e3o de t\u00e9cnicas que representam o\u00a0patrim\u00f4nio cultural de Morretes, como\u00a0cestaria,\u00a0pintura bot\u00e2nica,\u00a0gravura\u00a0e a cria\u00e7\u00e3o de\u00a0brinquedos com materiais recicl\u00e1veis.<\/p>\n\n\n\n<p><strong>Programa\u00e7\u00e3o cultural no Coreto Jeff Petersen<\/strong><\/p>\n\n\n\n<p>A\u00a0Pra\u00e7a de Alimenta\u00e7\u00e3o do Coreto Jeff Petersen\u00a0recebeu uma programa\u00e7\u00e3o variada, com\u00a0apresenta\u00e7\u00f5es de fandango cai\u00e7ara, conta\u00e7\u00e3o de hist\u00f3rias, teatro e m\u00fasica, sempre com foco nas\u00a0manifesta\u00e7\u00f5es tradicionais\u00a0e nos\u00a0artistas da cidade. A curadoria priorizou a\u00a0diversidade\u00a0e a\u00a0acessibilidade, oferecendo atra\u00e7\u00f5es para p\u00fablicos de todas as idades e incentivando o consumo nos empreendimentos da pra\u00e7a, promovendo integra\u00e7\u00e3o entre\u00a0cultura e economia local.<\/p>\n\n\n\n<p>A\u00a0Prefeitura de Morretes\u00a0reafirma seu compromisso com a\u00a0arte, a tradi\u00e7\u00e3o e os talentos da nossa terra, fortalecendo o\u00a0acesso \u00e0 cultura como um direito de todos\u00a0e consolidando a cultura como um pilar fundamental para o desenvolvimento social e econ\u00f4mico do munic\u00edpio.<\/p>\n\n\n\n<p>Prefeitura de Morretes<\/p>\n","protected":false},"excerpt":{"rendered":"<p>Pela primeira vez, a\u00a0Secretaria de Cultura e Turismo de Morretes\u00a0promoveu uma\u00a0programa\u00e7\u00e3o cultural estruturada\u00a0dentro da tradicional\u00a0Festa Feira Agr\u00edcola e Artesanal, com foco na valoriza\u00e7\u00e3o da cultura local. As a\u00e7\u00f5es in\u00e9ditas tiveram excelente retorno por parte dos artistas, turistas e moradores, refor\u00e7ando o papel da cultura como eixo estrat\u00e9gico para o desenvolvimento do munic\u00edpio. Sala do Artista [&hellip;]<\/p>\n","protected":false},"author":2,"featured_media":68519,"comment_status":"open","ping_status":"open","sticky":false,"template":"","format":"standard","meta":{"advanced_seo_description":"","jetpack_seo_html_title":"","jetpack_seo_noindex":false,"_jetpack_memberships_contains_paid_content":false,"footnotes":""},"categories":[125],"tags":[],"class_list":{"0":"post-68518","1":"post","2":"type-post","3":"status-publish","4":"format-standard","5":"has-post-thumbnail","7":"category-morretes"},"jetpack_featured_media_url":"https:\/\/www.paranapraia.com.br\/wp-content\/uploads\/2025\/06\/img4027-scaled.jpg","jetpack_sharing_enabled":true,"_links":{"self":[{"href":"https:\/\/www.paranapraia.com.br\/index.php\/wp-json\/wp\/v2\/posts\/68518"}],"collection":[{"href":"https:\/\/www.paranapraia.com.br\/index.php\/wp-json\/wp\/v2\/posts"}],"about":[{"href":"https:\/\/www.paranapraia.com.br\/index.php\/wp-json\/wp\/v2\/types\/post"}],"author":[{"embeddable":true,"href":"https:\/\/www.paranapraia.com.br\/index.php\/wp-json\/wp\/v2\/users\/2"}],"replies":[{"embeddable":true,"href":"https:\/\/www.paranapraia.com.br\/index.php\/wp-json\/wp\/v2\/comments?post=68518"}],"version-history":[{"count":1,"href":"https:\/\/www.paranapraia.com.br\/index.php\/wp-json\/wp\/v2\/posts\/68518\/revisions"}],"predecessor-version":[{"id":68520,"href":"https:\/\/www.paranapraia.com.br\/index.php\/wp-json\/wp\/v2\/posts\/68518\/revisions\/68520"}],"wp:featuredmedia":[{"embeddable":true,"href":"https:\/\/www.paranapraia.com.br\/index.php\/wp-json\/wp\/v2\/media\/68519"}],"wp:attachment":[{"href":"https:\/\/www.paranapraia.com.br\/index.php\/wp-json\/wp\/v2\/media?parent=68518"}],"wp:term":[{"taxonomy":"category","embeddable":true,"href":"https:\/\/www.paranapraia.com.br\/index.php\/wp-json\/wp\/v2\/categories?post=68518"},{"taxonomy":"post_tag","embeddable":true,"href":"https:\/\/www.paranapraia.com.br\/index.php\/wp-json\/wp\/v2\/tags?post=68518"}],"curies":[{"name":"wp","href":"https:\/\/api.w.org\/{rel}","templated":true}]}}