{"id":68512,"date":"2025-06-10T10:27:37","date_gmt":"2025-06-10T13:27:37","guid":{"rendered":"https:\/\/www.paranapraia.com.br\/?p=68512"},"modified":"2025-06-10T10:27:40","modified_gmt":"2025-06-10T13:27:40","slug":"oficialmente-abertos-os-jogos-da-integracao-do-idoso-2025-em-pontal-do-parana","status":"publish","type":"post","link":"https:\/\/www.paranapraia.com.br\/index.php\/2025\/06\/10\/oficialmente-abertos-os-jogos-da-integracao-do-idoso-2025-em-pontal-do-parana\/","title":{"rendered":"Oficialmente abertos os Jogos da Integra\u00e7\u00e3o do Idoso 2025 em Pontal do Paran\u00e1"},"content":{"rendered":"\n<p>Ocorreu ontem a abertura oficial da S\u00e9rie Bronze dos Jogos da Integra\u00e7\u00e3o do Idoso (JIIDOs), na Associa\u00e7\u00e3o Banestado, em Praia de Leste, em Pontal do Paran\u00e1.<\/p>\n\n\n\n<p>Durante a cerim\u00f4nia, o munic\u00edpio recebeu o certificado \u201cAmigo do Idoso\u201d, reconhecimento concedido \u00e0s cidades que apoiam pol\u00edticas p\u00fablicas voltadas \u00e0 terceira idade.<\/p>\n\n\n\n<p>Com mais <a><\/a>de 800 participantes e representantes de mais de 40 munic\u00edpios a competi\u00e7\u00e3o \u00e9 realizada pelo Governo do Estado por meio da Secretaria do Esporte, que movimenta o litoral com atividades f\u00edsicas e culturais voltadas \u00e0 popula\u00e7\u00e3o com 60 anos ou mais (60+).<\/p>\n\n\n\n<p>O Governo do Estado do Paran\u00e1 arca com todo o custo de alimenta\u00e7\u00e3o e hospedagem para que os idosos possam vir e passar a semana praticando atividade f\u00edsica e socializando com outros idosos de diferentes munic\u00edpios.<\/p>\n\n\n\n<p>Nesta primeira etapa, as atividades se dividem entre os dias 9 a 12 de junho e 12 a 15 de junho, com as aberturas oficiais sempre \u00e0 noite. Al\u00e9m das disputas esportivas, a programa\u00e7\u00e3o inclui eventos de integra\u00e7\u00e3o como a Noite da Regionalidade Paranaense e o Baile Mix Dan\u00e7ante, que prometem animar os participantes nos dias 10, 11, 13 e 14.<\/p>\n\n\n\n<p>As competi\u00e7\u00f5es incluem modalidades adaptadas, como v\u00f4lei c\u00e2mbio, peteca, handebol por zona, basquete rel\u00f3gio, xadrez, domin\u00f3 e t\u00eanis de mesa.<\/p>\n\n\n\n<p>Ao todo, s\u00e3o 6 modalidades coletivas e 4 modalidades individuais, promovendo diversidade e inclus\u00e3o nas pr\u00e1ticas esportivas.<\/p>\n\n\n\n<p>Est\u00e3o sendo realizadas tamb\u00e9m capacita\u00e7\u00f5es para profissionais de Educa\u00e7\u00e3o F\u00edsica, reunindo 136 representantes de diferentes munic\u00edpios, uma iniciativa que amplia a inclus\u00e3o e promo\u00e7\u00e3o da sa\u00fade.<\/p>\n\n\n\n<p>Os Jogos da Integra\u00e7\u00e3o do Idoso seguem at\u00e9 novembro com mais duas etapas: a S\u00e9rie Prata, que acontece em Bandeirantes de 1\u00ba a 5 de outubro, e a S\u00e9rie Ouro, em Guaratuba, de 5 a 9 de novembro.<\/p>\n\n\n\n<p>O evento contou com a presen\u00e7a de autoridades como o prefeito de Pontal do Paran\u00e1, Rud\u00e3o Gimenes; o secret\u00e1rio estadual do Esporte, Helio Wirbiski; o diretor de Inova\u00e7\u00f5es, Tiago Campos; e o secret\u00e1rio de Esportes do Paran\u00e1, Eduardo Sa\u00e7aki, al\u00e9m de representantes municipais e convidados especiais que prestigiaram a abertura voltada a valoriza\u00e7\u00e3o da terceira idade.<\/p>\n\n\n\n<p>A expectativa \u00e9 reunir at\u00e9 3 mil atletas ao longo das pr\u00f3ximas fases, focando na import\u00e2ncia de manter os idosos ativos, inseridos e valorizados por meio do esporte e da conviv\u00eancia.<\/p>\n\n\n\n<p>A melhor idade tem vez, tem v\u00f3z e espa\u00e7o!<\/p>\n\n\n\n<p>Fotos: Prefeitura Pontal do Paran\u00e1\/ Clovis Santos<\/p>\n","protected":false},"excerpt":{"rendered":"<p>Ocorreu ontem a abertura oficial da S\u00e9rie Bronze dos Jogos da Integra\u00e7\u00e3o do Idoso (JIIDOs), na Associa\u00e7\u00e3o Banestado, em Praia de Leste, em Pontal do Paran\u00e1. Durante a cerim\u00f4nia, o munic\u00edpio recebeu o certificado \u201cAmigo do Idoso\u201d, reconhecimento concedido \u00e0s cidades que apoiam pol\u00edticas p\u00fablicas voltadas \u00e0 terceira idade. Com mais de 800 participantes e [&hellip;]<\/p>\n","protected":false},"author":2,"featured_media":68513,"comment_status":"open","ping_status":"open","sticky":false,"template":"","format":"standard","meta":{"advanced_seo_description":"","jetpack_seo_html_title":"","jetpack_seo_noindex":false,"_jetpack_memberships_contains_paid_content":false,"footnotes":""},"categories":[65],"tags":[],"class_list":{"0":"post-68512","1":"post","2":"type-post","3":"status-publish","4":"format-standard","5":"has-post-thumbnail","7":"category-pontal-do-parana"},"jetpack_featured_media_url":"https:\/\/www.paranapraia.com.br\/wp-content\/uploads\/2025\/06\/505933112_1058512703044353_8971794425260248614_n-scaled.jpg","jetpack_sharing_enabled":true,"_links":{"self":[{"href":"https:\/\/www.paranapraia.com.br\/index.php\/wp-json\/wp\/v2\/posts\/68512"}],"collection":[{"href":"https:\/\/www.paranapraia.com.br\/index.php\/wp-json\/wp\/v2\/posts"}],"about":[{"href":"https:\/\/www.paranapraia.com.br\/index.php\/wp-json\/wp\/v2\/types\/post"}],"author":[{"embeddable":true,"href":"https:\/\/www.paranapraia.com.br\/index.php\/wp-json\/wp\/v2\/users\/2"}],"replies":[{"embeddable":true,"href":"https:\/\/www.paranapraia.com.br\/index.php\/wp-json\/wp\/v2\/comments?post=68512"}],"version-history":[{"count":1,"href":"https:\/\/www.paranapraia.com.br\/index.php\/wp-json\/wp\/v2\/posts\/68512\/revisions"}],"predecessor-version":[{"id":68514,"href":"https:\/\/www.paranapraia.com.br\/index.php\/wp-json\/wp\/v2\/posts\/68512\/revisions\/68514"}],"wp:featuredmedia":[{"embeddable":true,"href":"https:\/\/www.paranapraia.com.br\/index.php\/wp-json\/wp\/v2\/media\/68513"}],"wp:attachment":[{"href":"https:\/\/www.paranapraia.com.br\/index.php\/wp-json\/wp\/v2\/media?parent=68512"}],"wp:term":[{"taxonomy":"category","embeddable":true,"href":"https:\/\/www.paranapraia.com.br\/index.php\/wp-json\/wp\/v2\/categories?post=68512"},{"taxonomy":"post_tag","embeddable":true,"href":"https:\/\/www.paranapraia.com.br\/index.php\/wp-json\/wp\/v2\/tags?post=68512"}],"curies":[{"name":"wp","href":"https:\/\/api.w.org\/{rel}","templated":true}]}}