{"id":68509,"date":"2025-06-10T10:24:56","date_gmt":"2025-06-10T13:24:56","guid":{"rendered":"https:\/\/www.paranapraia.com.br\/?p=68509"},"modified":"2025-06-10T10:24:58","modified_gmt":"2025-06-10T13:24:58","slug":"prefeitura-organiza-a-iii-feira-integrada-das-mulheres-empreendedoras-de-paranagua","status":"publish","type":"post","link":"https:\/\/www.paranapraia.com.br\/index.php\/2025\/06\/10\/prefeitura-organiza-a-iii-feira-integrada-das-mulheres-empreendedoras-de-paranagua\/","title":{"rendered":"Prefeitura organiza a III Feira Integrada das Mulheres Empreendedoras de Paranagu\u00e1"},"content":{"rendered":"\n<p>A Ill Feira Integrada das Mulheres Empreendedoras de Paranagu\u00e1 j\u00e1 tem data marcada para acontecer. O evento que re\u00fane o VII Encontro de Brech\u00f3s, a Feira da Mulher Empreendedora e Feira da Arteiras ser\u00e1 realizado nos dias 09, 10 e 11 de julho no Gin\u00e1sio de Esportes Joaquim Tramujas. A realiza\u00e7\u00e3o \u00e9 da Prefeitura de Paranagu\u00e1, por meio da Secretaria da Mulher (Semmu).<\/p>\n\n\n\n<p>O Encontro de Brech\u00f3s, inicia no dia 09 \u00e0s 13h e segue at\u00e9 dia 11 de julho, das 08h \u00e0s 19h. Na ocasi\u00e3o, ser\u00e3o comercializadas pe\u00e7as com valores que v\u00e3o de R$ 1,00 a R$ 40,00. J\u00e1 as feiras da Mulher Empreendedora e das Arteiras ocorrer\u00e3o nos dias 10 e 11 de julho, das 08h \u00e0s 19h.<\/p>\n\n\n\n<p>\u201cParticipam desse encontro, as donas de brech\u00f3s de Paranagu\u00e1, Ongs, artes\u00e3s, mulheres empreendedoras em geral. Venha fazer parte desta a\u00e7\u00e3o, que tem por finalidade o fortalecimento do empreendedorismo feminino em nossa cidade\u201d, convida Daiane Cristakis, secret\u00e1ria da Mulher.<\/p>\n\n\n\n<p>Prefeitura de Paranagu\u00e1<\/p>\n","protected":false},"excerpt":{"rendered":"<p>A Ill Feira Integrada das Mulheres Empreendedoras de Paranagu\u00e1 j\u00e1 tem data marcada para acontecer. O evento que re\u00fane o VII Encontro de Brech\u00f3s, a Feira da Mulher Empreendedora e Feira da Arteiras ser\u00e1 realizado nos dias 09, 10 e 11 de julho no Gin\u00e1sio de Esportes Joaquim Tramujas. A realiza\u00e7\u00e3o \u00e9 da Prefeitura de [&hellip;]<\/p>\n","protected":false},"author":2,"featured_media":68510,"comment_status":"open","ping_status":"open","sticky":false,"template":"","format":"standard","meta":{"advanced_seo_description":"","jetpack_seo_html_title":"","jetpack_seo_noindex":false,"_jetpack_memberships_contains_paid_content":false,"footnotes":""},"categories":[77],"tags":[],"class_list":{"0":"post-68509","1":"post","2":"type-post","3":"status-publish","4":"format-standard","5":"has-post-thumbnail","7":"category-paranagua"},"jetpack_featured_media_url":"https:\/\/www.paranapraia.com.br\/wp-content\/uploads\/2025\/06\/thumb-4-scaled.jpeg","jetpack_sharing_enabled":true,"_links":{"self":[{"href":"https:\/\/www.paranapraia.com.br\/index.php\/wp-json\/wp\/v2\/posts\/68509"}],"collection":[{"href":"https:\/\/www.paranapraia.com.br\/index.php\/wp-json\/wp\/v2\/posts"}],"about":[{"href":"https:\/\/www.paranapraia.com.br\/index.php\/wp-json\/wp\/v2\/types\/post"}],"author":[{"embeddable":true,"href":"https:\/\/www.paranapraia.com.br\/index.php\/wp-json\/wp\/v2\/users\/2"}],"replies":[{"embeddable":true,"href":"https:\/\/www.paranapraia.com.br\/index.php\/wp-json\/wp\/v2\/comments?post=68509"}],"version-history":[{"count":1,"href":"https:\/\/www.paranapraia.com.br\/index.php\/wp-json\/wp\/v2\/posts\/68509\/revisions"}],"predecessor-version":[{"id":68511,"href":"https:\/\/www.paranapraia.com.br\/index.php\/wp-json\/wp\/v2\/posts\/68509\/revisions\/68511"}],"wp:featuredmedia":[{"embeddable":true,"href":"https:\/\/www.paranapraia.com.br\/index.php\/wp-json\/wp\/v2\/media\/68510"}],"wp:attachment":[{"href":"https:\/\/www.paranapraia.com.br\/index.php\/wp-json\/wp\/v2\/media?parent=68509"}],"wp:term":[{"taxonomy":"category","embeddable":true,"href":"https:\/\/www.paranapraia.com.br\/index.php\/wp-json\/wp\/v2\/categories?post=68509"},{"taxonomy":"post_tag","embeddable":true,"href":"https:\/\/www.paranapraia.com.br\/index.php\/wp-json\/wp\/v2\/tags?post=68509"}],"curies":[{"name":"wp","href":"https:\/\/api.w.org\/{rel}","templated":true}]}}