{"id":68506,"date":"2025-06-10T10:21:29","date_gmt":"2025-06-10T13:21:29","guid":{"rendered":"https:\/\/www.paranapraia.com.br\/?p=68506"},"modified":"2025-06-10T10:21:32","modified_gmt":"2025-06-10T13:21:32","slug":"miss-baiana-e-assassinada-no-parana-e-caso-e-investigado-como-feminicidio","status":"publish","type":"post","link":"https:\/\/www.paranapraia.com.br\/index.php\/2025\/06\/10\/miss-baiana-e-assassinada-no-parana-e-caso-e-investigado-como-feminicidio\/","title":{"rendered":"Miss baiana \u00e9 assassinada no Paran\u00e1 e caso \u00e9 investigado como feminic\u00eddio"},"content":{"rendered":"\n<p>O corpo de <strong>Raissa Suellen Ferreira da Silva<\/strong>, jovem baiana de 23 anos, foi encontrado nesta segunda-feira (10) em uma \u00e1rea de mata na cidade de Arauc\u00e1ria, na Regi\u00e3o Metropolitana de Curitiba. Raissa estava desaparecida desde o dia 2 de junho e foi localizada j\u00e1 sem vida, enterrada e enrolada em uma lona. O caso, que gerou grande como\u00e7\u00e3o nacional, est\u00e1 sendo investigado como <strong>feminic\u00eddio<\/strong> pela Pol\u00edcia Civil do Paran\u00e1.<\/p>\n\n\n\n<p>Natural da cidade de Serra Branca, na Bahia, Raissa havia se mudado para Curitiba h\u00e1 cerca de tr\u00eas anos em busca de melhores oportunidades. Em sua trajet\u00f3ria, participou de concursos de beleza e chegou a ser eleita <strong>Miss Teen Serra Branca 2020<\/strong>. Jovem, sonhadora e ativa nas redes sociais, Raissa encantava seguidores com seu carisma e beleza, e buscava crescer profissionalmente na capital paranaense.<\/p>\n\n\n\n<p>Segundo a pol\u00edcia, o principal suspeito do crime \u00e9 <strong>Marcelo Alves<\/strong>, motorista de aplicativo e humorista amador, amigo de inf\u00e2ncia da v\u00edtima. Ele foi preso no \u00faltimo domingo (9) e <strong>confessou ter matado Raissa por estrangulamento<\/strong>, ap\u00f3s uma suposta discuss\u00e3o motivada por rejei\u00e7\u00e3o. O corpo foi deixado em uma regi\u00e3o de dif\u00edcil acesso, o que dificultou as buscas. Marcelo indicou o local exato durante o interrogat\u00f3rio.<\/p>\n\n\n\n<p>O assassinato de Raissa escancarou mais uma vez a gravidade da viol\u00eancia contra mulheres no Brasil. O crime, com caracter\u00edsticas passionais, foi classificado como feminic\u00eddio qualificado e oculta\u00e7\u00e3o de cad\u00e1ver. A Delegacia de Pol\u00edcia de Arauc\u00e1ria conduz o inqu\u00e9rito, que deve ser conclu\u00eddo nos pr\u00f3ximos dias.<\/p>\n\n\n\n<p>Familiares e amigos de Raissa, devastados com a brutalidade do caso, pedem justi\u00e7a. A jovem ser\u00e1 sepultada em sua cidade natal, no interior baiano, onde homenagens est\u00e3o sendo organizadas. Nas redes sociais, milhares de internautas lamentaram a perda precoce e expressaram indigna\u00e7\u00e3o.<\/p>\n\n\n\n<p>Casos como o de Raissa revelam a urg\u00eancia de medidas mais eficazes de prote\u00e7\u00e3o \u00e0s mulheres. Dados do F\u00f3rum Brasileiro de Seguran\u00e7a P\u00fablica mostram que <strong>uma mulher \u00e9 v\u00edtima de feminic\u00eddio a cada seis horas no pa\u00eds<\/strong>. A hist\u00f3ria da jovem miss baiana, interrompida de forma cruel, se junta \u00e0 triste estat\u00edstica da viol\u00eancia de g\u00eanero que continua a fazer v\u00edtimas em todas as regi\u00f5es do Brasil.<\/p>\n\n\n\n<p>Reda\u00e7\u00e3o <\/p>\n","protected":false},"excerpt":{"rendered":"<p>O corpo de Raissa Suellen Ferreira da Silva, jovem baiana de 23 anos, foi encontrado nesta segunda-feira (10) em uma \u00e1rea de mata na cidade de Arauc\u00e1ria, na Regi\u00e3o Metropolitana de Curitiba. Raissa estava desaparecida desde o dia 2 de junho e foi localizada j\u00e1 sem vida, enterrada e enrolada em uma lona. O caso, [&hellip;]<\/p>\n","protected":false},"author":2,"featured_media":68507,"comment_status":"open","ping_status":"open","sticky":false,"template":"","format":"standard","meta":{"advanced_seo_description":"","jetpack_seo_html_title":"","jetpack_seo_noindex":false,"_jetpack_memberships_contains_paid_content":false,"footnotes":""},"categories":[40],"tags":[],"class_list":{"0":"post-68506","1":"post","2":"type-post","3":"status-publish","4":"format-standard","5":"has-post-thumbnail","7":"category-destaques"},"jetpack_featured_media_url":"https:\/\/www.paranapraia.com.br\/wp-content\/uploads\/2025\/06\/WhatsApp-Image-2025-06-10-at-10.20.33.jpeg","jetpack_sharing_enabled":true,"_links":{"self":[{"href":"https:\/\/www.paranapraia.com.br\/index.php\/wp-json\/wp\/v2\/posts\/68506"}],"collection":[{"href":"https:\/\/www.paranapraia.com.br\/index.php\/wp-json\/wp\/v2\/posts"}],"about":[{"href":"https:\/\/www.paranapraia.com.br\/index.php\/wp-json\/wp\/v2\/types\/post"}],"author":[{"embeddable":true,"href":"https:\/\/www.paranapraia.com.br\/index.php\/wp-json\/wp\/v2\/users\/2"}],"replies":[{"embeddable":true,"href":"https:\/\/www.paranapraia.com.br\/index.php\/wp-json\/wp\/v2\/comments?post=68506"}],"version-history":[{"count":1,"href":"https:\/\/www.paranapraia.com.br\/index.php\/wp-json\/wp\/v2\/posts\/68506\/revisions"}],"predecessor-version":[{"id":68508,"href":"https:\/\/www.paranapraia.com.br\/index.php\/wp-json\/wp\/v2\/posts\/68506\/revisions\/68508"}],"wp:featuredmedia":[{"embeddable":true,"href":"https:\/\/www.paranapraia.com.br\/index.php\/wp-json\/wp\/v2\/media\/68507"}],"wp:attachment":[{"href":"https:\/\/www.paranapraia.com.br\/index.php\/wp-json\/wp\/v2\/media?parent=68506"}],"wp:term":[{"taxonomy":"category","embeddable":true,"href":"https:\/\/www.paranapraia.com.br\/index.php\/wp-json\/wp\/v2\/categories?post=68506"},{"taxonomy":"post_tag","embeddable":true,"href":"https:\/\/www.paranapraia.com.br\/index.php\/wp-json\/wp\/v2\/tags?post=68506"}],"curies":[{"name":"wp","href":"https:\/\/api.w.org\/{rel}","templated":true}]}}