{"id":68503,"date":"2025-06-10T10:06:11","date_gmt":"2025-06-10T13:06:11","guid":{"rendered":"https:\/\/www.paranapraia.com.br\/?p=68503"},"modified":"2025-06-10T10:06:14","modified_gmt":"2025-06-10T13:06:14","slug":"guaratuba-sedia-encontro-regional-do-planificasus","status":"publish","type":"post","link":"https:\/\/www.paranapraia.com.br\/index.php\/2025\/06\/10\/guaratuba-sedia-encontro-regional-do-planificasus\/","title":{"rendered":"Guaratuba sedia encontro regional do PlanificaSUS"},"content":{"rendered":"\n<p>Na \u00faltima sexta-feira (6), Guaratuba sediou o encontro regional do PlanificaSUS, promovido pela Secretaria Municipal de Sa\u00fade. O evento aconteceu no audit\u00f3rio do CRAS e reuniu secret\u00e1rios de sa\u00fade, diretores, coordenadores e enfermeiros da Aten\u00e7\u00e3o Prim\u00e1ria e hospitalar dos sete munic\u00edpios do Litoral do Paran\u00e1.<\/p>\n\n\n\n<p>O encontro contou com a presen\u00e7a do prefeito Mauricio Lense, que refor\u00e7ou o apoio da gest\u00e3o municipal \u00e0s a\u00e7\u00f5es de qualifica\u00e7\u00e3o da sa\u00fade p\u00fablica.<\/p>\n\n\n\n<p>Durante todo o dia, os participantes discutiram estrat\u00e9gias para qualificar a Aten\u00e7\u00e3o Prim\u00e1ria \u00e0 Sa\u00fade (APS) e organizar a Rede de Aten\u00e7\u00e3o \u00e0 Sa\u00fade (RAS), pilares fundamentais do PlanificaSUS. Essa iniciativa busca fortalecer a integra\u00e7\u00e3o entre os diferentes n\u00edveis de aten\u00e7\u00e3o, garantindo um cuidado mais eficiente, resolutivo e humano aos usu\u00e1rios do SUS.<\/p>\n\n\n\n<p>A diretora da Aten\u00e7\u00e3o Prim\u00e1ria \u00e0 Sa\u00fade de Guaratuba, Alyne Tiete, ressaltou a import\u00e2ncia do evento na capacita\u00e7\u00e3o dos profissionais da rede. \u201cCada paciente merece ser atendido com qualidade, respeito e dignidade. A qualifica\u00e7\u00e3o da nossa equipe reflete diretamente na melhoria dos servi\u00e7os que oferecemos \u00e0 popula\u00e7\u00e3o,\u201d destacou.<\/p>\n\n\n\n<p>Al\u00e9m da troca de experi\u00eancias entre os munic\u00edpios, o encontro reafirma o papel de Guaratuba como refer\u00eancia na mobiliza\u00e7\u00e3o e no fortalecimento das pol\u00edticas p\u00fablicas de sa\u00fade no litoral paranaense.<\/p>\n","protected":false},"excerpt":{"rendered":"<p>Na \u00faltima sexta-feira (6), Guaratuba sediou o encontro regional do PlanificaSUS, promovido pela Secretaria Municipal de Sa\u00fade. O evento aconteceu no audit\u00f3rio do CRAS e reuniu secret\u00e1rios de sa\u00fade, diretores, coordenadores e enfermeiros da Aten\u00e7\u00e3o Prim\u00e1ria e hospitalar dos sete munic\u00edpios do Litoral do Paran\u00e1. O encontro contou com a presen\u00e7a do prefeito Mauricio Lense, [&hellip;]<\/p>\n","protected":false},"author":2,"featured_media":68504,"comment_status":"open","ping_status":"open","sticky":false,"template":"","format":"standard","meta":{"advanced_seo_description":"","jetpack_seo_html_title":"","jetpack_seo_noindex":false,"_jetpack_memberships_contains_paid_content":false,"footnotes":""},"categories":[99],"tags":[],"class_list":{"0":"post-68503","1":"post","2":"type-post","3":"status-publish","4":"format-standard","5":"has-post-thumbnail","7":"category-guaratuba"},"jetpack_featured_media_url":"https:\/\/www.paranapraia.com.br\/wp-content\/uploads\/2025\/06\/505816682_1125400099621168_5748249974361789769_n-scaled.jpg","jetpack_sharing_enabled":true,"_links":{"self":[{"href":"https:\/\/www.paranapraia.com.br\/index.php\/wp-json\/wp\/v2\/posts\/68503"}],"collection":[{"href":"https:\/\/www.paranapraia.com.br\/index.php\/wp-json\/wp\/v2\/posts"}],"about":[{"href":"https:\/\/www.paranapraia.com.br\/index.php\/wp-json\/wp\/v2\/types\/post"}],"author":[{"embeddable":true,"href":"https:\/\/www.paranapraia.com.br\/index.php\/wp-json\/wp\/v2\/users\/2"}],"replies":[{"embeddable":true,"href":"https:\/\/www.paranapraia.com.br\/index.php\/wp-json\/wp\/v2\/comments?post=68503"}],"version-history":[{"count":1,"href":"https:\/\/www.paranapraia.com.br\/index.php\/wp-json\/wp\/v2\/posts\/68503\/revisions"}],"predecessor-version":[{"id":68505,"href":"https:\/\/www.paranapraia.com.br\/index.php\/wp-json\/wp\/v2\/posts\/68503\/revisions\/68505"}],"wp:featuredmedia":[{"embeddable":true,"href":"https:\/\/www.paranapraia.com.br\/index.php\/wp-json\/wp\/v2\/media\/68504"}],"wp:attachment":[{"href":"https:\/\/www.paranapraia.com.br\/index.php\/wp-json\/wp\/v2\/media?parent=68503"}],"wp:term":[{"taxonomy":"category","embeddable":true,"href":"https:\/\/www.paranapraia.com.br\/index.php\/wp-json\/wp\/v2\/categories?post=68503"},{"taxonomy":"post_tag","embeddable":true,"href":"https:\/\/www.paranapraia.com.br\/index.php\/wp-json\/wp\/v2\/tags?post=68503"}],"curies":[{"name":"wp","href":"https:\/\/api.w.org\/{rel}","templated":true}]}}