{"id":68500,"date":"2025-06-10T10:03:51","date_gmt":"2025-06-10T13:03:51","guid":{"rendered":"https:\/\/www.paranapraia.com.br\/?p=68500"},"modified":"2025-06-10T10:03:54","modified_gmt":"2025-06-10T13:03:54","slug":"dia-dos-namorados-procon-alerta-para-prazos-de-entrega-e-troca-de-presentes","status":"publish","type":"post","link":"https:\/\/www.paranapraia.com.br\/index.php\/2025\/06\/10\/dia-dos-namorados-procon-alerta-para-prazos-de-entrega-e-troca-de-presentes\/","title":{"rendered":"Dia dos Namorados: Procon alerta para prazos de entrega e troca de presentes"},"content":{"rendered":"\n<p>Com a expectativa de movimentar o mercado e lotar bares e restaurantes, o Dia dos Namorados ser\u00e1 celebrado no Brasil nesta quinta-feira (12). A data \u00e9 a terceira que mais movimenta o com\u00e9rcio, depois do Natal e do Dia das M\u00e3es, e os consumidores precisam ficar atentos a alguns detalhes para evitar contratempos.<\/p>\n\n\n\n<p>A come\u00e7ar pela pesquisa de pre\u00e7os, que, de acordo com o Procon-PR, vinculado \u00e0 Secretaria Estadual da Justi\u00e7a e Cidadania, deve incluir as formas de pagamento, uma vez que a legisla\u00e7\u00e3o autoriza a cobran\u00e7a de valores diferenciados conforme o meio escolhido pelo consumidor.<\/p>\n\n\n\n<p>O \u00f3rg\u00e3o de defesa tamb\u00e9m sugere aten\u00e7\u00e3o ao prazo de entrega em casos de compras online, pois, devido ao grande volume de vendas, pode haver atrasos.<\/p>\n\n\n\n<p>Outro ponto sens\u00edvel das rela\u00e7\u00f5es comerciais \u00e9 referente \u00e0s trocas de mercadorias. Se a compra for feita em lojas f\u00edsicas, \u00e9 fundamental verificar quais s\u00e3o as condi\u00e7\u00f5es, j\u00e1 que, de acordo com o C\u00f3digo de Defesa do Consumidor, a depender do motivo, as trocas n\u00e3o s\u00e3o obrigat\u00f3rias nesta modalidade de venda. \u201cEsse cuidado \u00e9 muito importante, pois nem todas as lojas f\u00edsicas t\u00eam a troca de produtos como pol\u00edtica de atendimento quando a queixa n\u00e3o envolve defeitos no produto\u201d, explica o secret\u00e1rio da Justi\u00e7a e Cidadania, Valdemar Bernardo Jorge.<\/p>\n\n\n\n<p>A coordenadora do Procon-PR, Claudia Silvano, orienta que o consumidor pe\u00e7a tais informa\u00e7\u00f5es por escrito. \u201cA troca precisa ser combinada no momento da compra e tais informa\u00e7\u00f5es devem ser entregues por escrito ao consumidor, incluindo eventuais exig\u00eancias, como produto com etiqueta ou acompanhado da embalagem, como no caso de cal\u00e7ados\u201d, diz.<\/p>\n\n\n\n<p>Se a escolha para presentear for por eletr\u00f4nicos ou eletrodom\u00e9sticos, o estabelecimento \u00e9 obrigado a entregar junto com o produto o manual de instru\u00e7\u00f5es em portugu\u00eas. Claudia Silvano tamb\u00e9m lembra que na hora da compra deve ser solicitado um teste para avaliar se o aparelho est\u00e1 funcionando adequadamente.<\/p>\n\n\n\n<p>Proced\u00eancia, embalagens e taxa de entrega, ainda, s\u00e3o elementos que pedem aten\u00e7\u00e3o, pois afetam o pre\u00e7o final. Mesmo que n\u00e3o estejam na embalagem original, os produtos precisam ter etiquetas com as informa\u00e7\u00f5es obrigat\u00f3rias, como composi\u00e7\u00e3o e prazo de validade.<\/p>\n\n\n\n<p>E se a op\u00e7\u00e3o for um jantar rom\u00e2ntico, o consumidor deve saber que nessas datas, em raz\u00e3o do grande movimento, os restaurantes n\u00e3o fazem reservas. Assim, \u00e9 poss\u00edvel que haja filas e tempo de espera.<\/p>\n\n\n\n<p>Em todo caso, Claudia Silvano afirma que pedir nota fiscal \u00e9 imprescind\u00edvel, pois \u00e9 esse documento que possibilitar\u00e1 a formaliza\u00e7\u00e3o de uma reclama\u00e7\u00e3o, caso necess\u00e1rio. Os canais de atendimento est\u00e3o dispon\u00edveis atrav\u00e9s&nbsp;<strong><a href=\"https:\/\/www.procon.pr.gov.br\/Pagina\/Formas-de-Atendimento\" target=\"_blank\" rel=\"noreferrer noopener\">deste link<\/a><\/strong>.<\/p>\n\n\n\n<p>AEN\/PR<\/p>\n","protected":false},"excerpt":{"rendered":"<p>Com a expectativa de movimentar o mercado e lotar bares e restaurantes, o Dia dos Namorados ser\u00e1 celebrado no Brasil nesta quinta-feira (12). A data \u00e9 a terceira que mais movimenta o com\u00e9rcio, depois do Natal e do Dia das M\u00e3es, e os consumidores precisam ficar atentos a alguns detalhes para evitar contratempos. A come\u00e7ar [&hellip;]<\/p>\n","protected":false},"author":2,"featured_media":68501,"comment_status":"open","ping_status":"open","sticky":false,"template":"","format":"standard","meta":{"advanced_seo_description":"","jetpack_seo_html_title":"","jetpack_seo_noindex":false,"_jetpack_memberships_contains_paid_content":false,"footnotes":""},"categories":[40],"tags":[],"class_list":{"0":"post-68500","1":"post","2":"type-post","3":"status-publish","4":"format-standard","5":"has-post-thumbnail","7":"category-destaques"},"jetpack_featured_media_url":"https:\/\/www.paranapraia.com.br\/wp-content\/uploads\/2025\/06\/20250605_agb_chuva-9-scaled.jpg","jetpack_sharing_enabled":true,"_links":{"self":[{"href":"https:\/\/www.paranapraia.com.br\/index.php\/wp-json\/wp\/v2\/posts\/68500"}],"collection":[{"href":"https:\/\/www.paranapraia.com.br\/index.php\/wp-json\/wp\/v2\/posts"}],"about":[{"href":"https:\/\/www.paranapraia.com.br\/index.php\/wp-json\/wp\/v2\/types\/post"}],"author":[{"embeddable":true,"href":"https:\/\/www.paranapraia.com.br\/index.php\/wp-json\/wp\/v2\/users\/2"}],"replies":[{"embeddable":true,"href":"https:\/\/www.paranapraia.com.br\/index.php\/wp-json\/wp\/v2\/comments?post=68500"}],"version-history":[{"count":1,"href":"https:\/\/www.paranapraia.com.br\/index.php\/wp-json\/wp\/v2\/posts\/68500\/revisions"}],"predecessor-version":[{"id":68502,"href":"https:\/\/www.paranapraia.com.br\/index.php\/wp-json\/wp\/v2\/posts\/68500\/revisions\/68502"}],"wp:featuredmedia":[{"embeddable":true,"href":"https:\/\/www.paranapraia.com.br\/index.php\/wp-json\/wp\/v2\/media\/68501"}],"wp:attachment":[{"href":"https:\/\/www.paranapraia.com.br\/index.php\/wp-json\/wp\/v2\/media?parent=68500"}],"wp:term":[{"taxonomy":"category","embeddable":true,"href":"https:\/\/www.paranapraia.com.br\/index.php\/wp-json\/wp\/v2\/categories?post=68500"},{"taxonomy":"post_tag","embeddable":true,"href":"https:\/\/www.paranapraia.com.br\/index.php\/wp-json\/wp\/v2\/tags?post=68500"}],"curies":[{"name":"wp","href":"https:\/\/api.w.org\/{rel}","templated":true}]}}