{"id":68497,"date":"2025-06-10T10:01:27","date_gmt":"2025-06-10T13:01:27","guid":{"rendered":"https:\/\/www.paranapraia.com.br\/?p=68497"},"modified":"2025-06-10T10:01:30","modified_gmt":"2025-06-10T13:01:30","slug":"mostra-de-profissoes-da-unespar-acontece-nos-dias-27-28-e-29-de-agosto","status":"publish","type":"post","link":"https:\/\/www.paranapraia.com.br\/index.php\/2025\/06\/10\/mostra-de-profissoes-da-unespar-acontece-nos-dias-27-28-e-29-de-agosto\/","title":{"rendered":"Mostra de Profiss\u00f5es da Unespar acontece nos dias 27, 28 e 29 de agosto"},"content":{"rendered":"\n<p>A Universidade Estadual do Paran\u00e1 (Unespar) realizar\u00e1 nos dias 27, 28 e 29 de agosto a&nbsp;Mostra de Profiss\u00f5es 2025. Os sete c\u00e2mpus apresentar\u00e3o \u00e0 comunidade os&nbsp;cursos&nbsp;de gradua\u00e7\u00e3o e p\u00f3s-gradua\u00e7\u00e3o, bem como os projetos de ensino, pesquisa e extens\u00e3o&nbsp;da institui\u00e7\u00e3o, na expectativa de atrair mais alunos e interessados nas pesquisas.&nbsp;O objetivo \u00e9 estimular estudantes do ensino m\u00e9dio a&nbsp;terem vontade&nbsp;de continuar&nbsp;estudando.<\/p>\n\n\n\n<p>Como nos anos anteriores,&nbsp;a Mostra de Profiss\u00f5es&nbsp;\u00e9&nbsp;gratuita e aberta a quem&nbsp;quiser&nbsp;participar.&nbsp;As escolas interessadas em comparecer no evento devem entrar em contato diretamente&nbsp;com a&nbsp;secretaria das unidades da Unespar. Tamb\u00e9m \u00e9 poss\u00edvel agendar visita\u00e7\u00f5es pelo e-mail programa.soumais@ies.unespar.edu.br.&nbsp;Grupos acima de 10 pessoas tamb\u00e9m&nbsp;precisam&nbsp;seguir esses&nbsp;procedimentos.<\/p>\n\n\n\n<p>No ano passado a Unespar recebeu mais de 9 mil estudantes em suas depend\u00eancias.&nbsp;As expectativas da&nbsp;organizadora da Mostra de Profiss\u00f5es e coordenadora do Programa Sou + Unespar, Patr\u00edcia Cunha,&nbsp;\u00e9 que neste ano&nbsp;o p\u00fablico seja ainda maior.&nbsp;&#8220;O evento ser\u00e1 um momento para os estudantes vivenciarem o que \u00e9 ser Unespar e, assim,&nbsp;serem&nbsp;incentivados a&nbsp;construir&nbsp;uma carreira profissional por meio do ingresso no ensino superior\u201d, enfatiza.<\/p>\n\n\n\n<p><strong>A atividade acontecer\u00e1 simultaneamente nas seguintes unidades da Unespar:<\/strong><\/p>\n\n\n\n<p><strong>Apucarana<\/strong><\/p>\n\n\n\n<p>Data: 27 (matutino e noturno) e 28 (matutino) de agosto<\/p>\n\n\n\n<p>E-mail:&nbsp;secretaria.apucarana@unespar.edu.br<\/p>\n\n\n\n<p><strong>Campo Mour\u00e3o<\/strong><\/p>\n\n\n\n<p>Data: 27&nbsp;(matutino e noturno)&nbsp;e 28&nbsp;(matutino) de agosto<\/p>\n\n\n\n<p>E-mail:&nbsp;sa.campomourao@unespar.edu.br<\/p>\n\n\n\n<p><strong>Curitiba<\/strong><\/p>\n\n\n\n<p>Campus&nbsp;I\/Embap e II\/FAP:&nbsp;Rua dos Funcion\u00e1rios, 1357, Cabral&nbsp;e&nbsp;Rua dos Funcion\u00e1rios, 1.756, Cabral<\/p>\n\n\n\n<p>Data: 27 de agosto (manha e tarde)<\/p>\n\n\n\n<p>E-mail:&nbsp;sac.campus2@unespar.edu.br<\/p>\n\n\n\n<p>Campus&nbsp;I\/Embap e II\/FAP:&nbsp;Rua&nbsp;Bar\u00e3o&nbsp;do Rio Branco, 370, Centro<\/p>\n\n\n\n<p>Data: 28&nbsp;de agosto&nbsp;(tarde e noite)<\/p>\n\n\n\n<p>E-mail:&nbsp;secretaria.embap@unespar.edu.br<\/p>\n\n\n\n<p><strong>Paranagu\u00e1<\/strong><\/p>\n\n\n\n<p>Data:&nbsp;27&nbsp;(vespertino e noturno) e 28 (matutino e vespertino) de agosto<\/p>\n\n\n\n<p>E-mail:&nbsp;secretaria.paranagua@unespar.edu.br<\/p>\n\n\n\n<p><strong>Paranava\u00ed<\/strong><\/p>\n\n\n\n<p>Data: 27&nbsp;(matutino 8h \u2013 12h e noturno 19h \u2013 22h30)&nbsp;e 28&nbsp;(matutino 8h \u2013 12h)&nbsp;de agosto<\/p>\n\n\n\n<p>E-mail:&nbsp;secretaria.paranavai@unespar.edu.br<\/p>\n\n\n\n<p><strong>Loanda<\/strong><\/p>\n\n\n\n<p>Campus: Paranava\u00ed Extens\u00e3o de Loanda<\/p>\n\n\n\n<p>Data: 28 (noturno 19h \u2013 22h30) e 29 (matutino 8h \u2013 12h) de agosto<\/p>\n\n\n\n<p>E-mail:&nbsp;secretaria.loanda@unespar.edu.br<\/p>\n\n\n\n<p><strong>Uni\u00e3o da Vit\u00f3ria<\/strong><\/p>\n\n\n\n<p>Data: 27 de agosto (matutino, vespertino e noturno).<\/p>\n\n\n\n<p>E-mail:&nbsp;secretaria.uniaodavitoria@unespar.edu.br<\/p>\n\n\n\n<p><strong>UNESPAR&nbsp;<\/strong>\u2013&nbsp;A Universidade Estadual do Paran\u00e1 (Unespar) \u00e9 uma institui\u00e7\u00e3o mantida pelo Governo do Estado. Oferta cursos de gradua\u00e7\u00e3o e p\u00f3s-gradua\u00e7\u00e3o&nbsp;lato sensu&nbsp;e&nbsp;stricto sensu, contando com mais de 10 mil estudantes de 150 munic\u00edpios. Ela oferta 75 cursos de gradua\u00e7\u00e3o e metade das vagas de ingresso na Unespar \u00e9 reservada ao Sistema de Sele\u00e7\u00e3o Unificada (SiSU).&nbsp;Conta com quase mil docentes e 137 agentes universit\u00e1rios.<\/p>\n\n\n\n<p>AEN\/PR<\/p>\n","protected":false},"excerpt":{"rendered":"<p>A Universidade Estadual do Paran\u00e1 (Unespar) realizar\u00e1 nos dias 27, 28 e 29 de agosto a&nbsp;Mostra de Profiss\u00f5es 2025. Os sete c\u00e2mpus apresentar\u00e3o \u00e0 comunidade os&nbsp;cursos&nbsp;de gradua\u00e7\u00e3o e p\u00f3s-gradua\u00e7\u00e3o, bem como os projetos de ensino, pesquisa e extens\u00e3o&nbsp;da institui\u00e7\u00e3o, na expectativa de atrair mais alunos e interessados nas pesquisas.&nbsp;O objetivo \u00e9 estimular estudantes do ensino [&hellip;]<\/p>\n","protected":false},"author":2,"featured_media":68498,"comment_status":"open","ping_status":"open","sticky":false,"template":"","format":"standard","meta":{"advanced_seo_description":"","jetpack_seo_html_title":"","jetpack_seo_noindex":false,"_jetpack_memberships_contains_paid_content":false,"footnotes":""},"categories":[72],"tags":[],"class_list":{"0":"post-68497","1":"post","2":"type-post","3":"status-publish","4":"format-standard","5":"has-post-thumbnail","7":"category-educacao"},"jetpack_featured_media_url":"https:\/\/www.paranapraia.com.br\/wp-content\/uploads\/2025\/06\/whatsapp_image_2025-06-10_at_08.46.28-scaled.jpg","jetpack_sharing_enabled":true,"_links":{"self":[{"href":"https:\/\/www.paranapraia.com.br\/index.php\/wp-json\/wp\/v2\/posts\/68497"}],"collection":[{"href":"https:\/\/www.paranapraia.com.br\/index.php\/wp-json\/wp\/v2\/posts"}],"about":[{"href":"https:\/\/www.paranapraia.com.br\/index.php\/wp-json\/wp\/v2\/types\/post"}],"author":[{"embeddable":true,"href":"https:\/\/www.paranapraia.com.br\/index.php\/wp-json\/wp\/v2\/users\/2"}],"replies":[{"embeddable":true,"href":"https:\/\/www.paranapraia.com.br\/index.php\/wp-json\/wp\/v2\/comments?post=68497"}],"version-history":[{"count":1,"href":"https:\/\/www.paranapraia.com.br\/index.php\/wp-json\/wp\/v2\/posts\/68497\/revisions"}],"predecessor-version":[{"id":68499,"href":"https:\/\/www.paranapraia.com.br\/index.php\/wp-json\/wp\/v2\/posts\/68497\/revisions\/68499"}],"wp:featuredmedia":[{"embeddable":true,"href":"https:\/\/www.paranapraia.com.br\/index.php\/wp-json\/wp\/v2\/media\/68498"}],"wp:attachment":[{"href":"https:\/\/www.paranapraia.com.br\/index.php\/wp-json\/wp\/v2\/media?parent=68497"}],"wp:term":[{"taxonomy":"category","embeddable":true,"href":"https:\/\/www.paranapraia.com.br\/index.php\/wp-json\/wp\/v2\/categories?post=68497"},{"taxonomy":"post_tag","embeddable":true,"href":"https:\/\/www.paranapraia.com.br\/index.php\/wp-json\/wp\/v2\/tags?post=68497"}],"curies":[{"name":"wp","href":"https:\/\/api.w.org\/{rel}","templated":true}]}}