{"id":68491,"date":"2025-06-09T21:29:17","date_gmt":"2025-06-10T00:29:17","guid":{"rendered":"https:\/\/www.paranapraia.com.br\/?p=68491"},"modified":"2025-06-09T21:29:21","modified_gmt":"2025-06-10T00:29:21","slug":"enem-2025-prazo-para-inscricao-e-prorrogado-para-o-dia-13-de-junho","status":"publish","type":"post","link":"https:\/\/www.paranapraia.com.br\/index.php\/2025\/06\/09\/enem-2025-prazo-para-inscricao-e-prorrogado-para-o-dia-13-de-junho\/","title":{"rendered":"Enem 2025: prazo para inscri\u00e7\u00e3o \u00e9 prorrogado para o dia 13 de junho"},"content":{"rendered":"\n<p>Os interessados em fazer o Exame Nacional do Ensino M\u00e9dio (Enem) 2025 ter\u00e3o mais tempo para fazer a inscri\u00e7\u00e3o. O Minist\u00e9rio da Educa\u00e7\u00e3o (MEC), por meio do Instituto Nacional de Estudos e Pesquisas Educacionais An\u00edsio Teixeira (Inep), ampliou o per\u00edodo at\u00e9 13 de junho. O prazo tamb\u00e9m se aplica aos pedidos de atendimento especializado e de tratamento por nome social.&nbsp;As inscri\u00e7\u00f5es devem ser feitas exclusivamente pela&nbsp;<strong><a href=\"https:\/\/enem.inep.gov.br\/participante\/#!\/\" target=\"_blank\" rel=\"noreferrer noopener\">P\u00e1gina do Participante<\/a><\/strong>.&nbsp;<\/p>\n\n\n\n<p>O Exame Nacional do Ensino M\u00e9dio avalia o desempenho escolar dos estudantes ao t\u00e9rmino da educa\u00e7\u00e3o b\u00e1sica. Ao longo de mais de duas d\u00e9cadas de exist\u00eancia, o Enem tornou-se a principal porta de entrada para a educa\u00e7\u00e3o superior no Brasil, por meio do Sistema de Sele\u00e7\u00e3o Unificada (Sisu), do Programa Universidade para Todos (Prouni) e do Fundo de Financiamento Estudantil (Fies).&nbsp;<\/p>\n\n\n\n<p>Desde o in\u00edcio do ano, os alunos do 3\u00ba ano do Ensino M\u00e9dio da rede p\u00fablica estadual contam com um importante refor\u00e7o na prepara\u00e7\u00e3o para o Enem e outros vestibulares. A Secretaria de Estado da Educa\u00e7\u00e3o do Paran\u00e1 (Seed-PR) lan\u00e7ou o Recurso Educacional Digital Enem Paran\u00e1, uma plataforma que re\u00fane videoaulas, simulados e ferramentas personaliz\u00e1veis de estudo, contemplando diferentes estilos de aprendizagem. O acesso pode ser feito online ou offline, tanto pelo computador quanto pelo celular.<\/p>\n\n\n\n<p>As provas do Enem 2025 est\u00e3o marcadas para os dias 9 e 16 de novembro em todo o Pa\u00eds. A exce\u00e7\u00e3o fica por conta dos munic\u00edpios de Bel\u00e9m, Ananindeua e Marituba, no Par\u00e1, onde os exames ser\u00e3o aplicados em 30 de novembro e 7 de dezembro, por conta da 30\u00aa Confer\u00eancia das Na\u00e7\u00f5es Unidas sobre Mudan\u00e7as Clim\u00e1ticas (COP 30).<\/p>\n\n\n\n<p>O Enem representa mais uma excelente oportunidade para os estudantes paranaenses acessarem o Ensino Superior, somando-se ao programa Aprova Paran\u00e1 Universidades, como destaca o secret\u00e1rio de Estado da Educa\u00e7\u00e3o, Roni Miranda. \u201cAno ap\u00f3s ano, nossos alunos v\u00eam se destacando e garantindo vagas nas melhores universidades do Pa\u00eds\u201d, afirma.<\/p>\n\n\n\n<p><strong>NOVIDADES&nbsp;<\/strong>\u2013 Entre as novidades deste ano, destaca-se o preenchimento autom\u00e1tico das inscri\u00e7\u00f5es para estudantes da rede p\u00fablica que est\u00e3o concluindo o Ensino M\u00e9dio.&nbsp;<\/p>\n\n\n\n<p>Participantes com 18 anos ou mais tamb\u00e9m poder\u00e3o utilizar os resultados do Enem para obter o certificado de conclus\u00e3o do Ensino M\u00e9dio, desde que fa\u00e7am essa escolha no momento da inscri\u00e7\u00e3o.<\/p>\n\n\n\n<p>Outra mudan\u00e7a importante \u00e9 relacionada ao pagamento da taxa de inscri\u00e7\u00e3o. Estudantes da rede p\u00fablica que est\u00e3o concluindo o Ensino M\u00e9dio em 2025 est\u00e3o automaticamente isentos do pagamento, mesmo que n\u00e3o tenham solicitado a isen\u00e7\u00e3o previamente.&nbsp;<\/p>\n\n\n\n<p>Tamb\u00e9m n\u00e3o pagam a taxa aqueles que usar\u00e3o o Enem para fins de certifica\u00e7\u00e3o ou declara\u00e7\u00e3o parcial de profici\u00eancia e que estejam inscritos no Cadastro \u00danico para Programas Sociais do Governo Federal (Cad\u00danico).<\/p>\n\n\n\n<p>Para os demais participantes, a taxa de inscri\u00e7\u00e3o \u00e9 de R$ 85,00, com pagamento dispon\u00edvel at\u00e9 a pr\u00f3xima sexta-feira (13) por boleto, pix, cart\u00e3o de cr\u00e9dito ou d\u00e9bito em conta-corrente ou poupan\u00e7a.<\/p>\n\n\n\n<p><strong>MATR\u00cdCULAS&nbsp;<\/strong>\u2013 A rede estadual de ensino do Paran\u00e1 atende aproximadamente 356 mil estudantes no Ensino M\u00e9dio, incluindo os cursos do Ensino M\u00e9dio Integrado. Na modalidade regular, s\u00e3o cerca de 261 mil alunos matriculados.<\/p>\n\n\n\n<p>AEN\/PR<\/p>\n","protected":false},"excerpt":{"rendered":"<p>Os interessados em fazer o Exame Nacional do Ensino M\u00e9dio (Enem) 2025 ter\u00e3o mais tempo para fazer a inscri\u00e7\u00e3o. O Minist\u00e9rio da Educa\u00e7\u00e3o (MEC), por meio do Instituto Nacional de Estudos e Pesquisas Educacionais An\u00edsio Teixeira (Inep), ampliou o per\u00edodo at\u00e9 13 de junho. O prazo tamb\u00e9m se aplica aos pedidos de atendimento especializado e [&hellip;]<\/p>\n","protected":false},"author":2,"featured_media":68492,"comment_status":"open","ping_status":"open","sticky":false,"template":"","format":"standard","meta":{"advanced_seo_description":"","jetpack_seo_html_title":"","jetpack_seo_noindex":false,"_jetpack_memberships_contains_paid_content":false,"footnotes":""},"categories":[72],"tags":[],"class_list":{"0":"post-68491","1":"post","2":"type-post","3":"status-publish","4":"format-standard","5":"has-post-thumbnail","7":"category-educacao"},"jetpack_featured_media_url":"https:\/\/www.paranapraia.com.br\/wp-content\/uploads\/2025\/06\/enem_foto_principal-scaled.jpg","jetpack_sharing_enabled":true,"_links":{"self":[{"href":"https:\/\/www.paranapraia.com.br\/index.php\/wp-json\/wp\/v2\/posts\/68491"}],"collection":[{"href":"https:\/\/www.paranapraia.com.br\/index.php\/wp-json\/wp\/v2\/posts"}],"about":[{"href":"https:\/\/www.paranapraia.com.br\/index.php\/wp-json\/wp\/v2\/types\/post"}],"author":[{"embeddable":true,"href":"https:\/\/www.paranapraia.com.br\/index.php\/wp-json\/wp\/v2\/users\/2"}],"replies":[{"embeddable":true,"href":"https:\/\/www.paranapraia.com.br\/index.php\/wp-json\/wp\/v2\/comments?post=68491"}],"version-history":[{"count":1,"href":"https:\/\/www.paranapraia.com.br\/index.php\/wp-json\/wp\/v2\/posts\/68491\/revisions"}],"predecessor-version":[{"id":68493,"href":"https:\/\/www.paranapraia.com.br\/index.php\/wp-json\/wp\/v2\/posts\/68491\/revisions\/68493"}],"wp:featuredmedia":[{"embeddable":true,"href":"https:\/\/www.paranapraia.com.br\/index.php\/wp-json\/wp\/v2\/media\/68492"}],"wp:attachment":[{"href":"https:\/\/www.paranapraia.com.br\/index.php\/wp-json\/wp\/v2\/media?parent=68491"}],"wp:term":[{"taxonomy":"category","embeddable":true,"href":"https:\/\/www.paranapraia.com.br\/index.php\/wp-json\/wp\/v2\/categories?post=68491"},{"taxonomy":"post_tag","embeddable":true,"href":"https:\/\/www.paranapraia.com.br\/index.php\/wp-json\/wp\/v2\/tags?post=68491"}],"curies":[{"name":"wp","href":"https:\/\/api.w.org\/{rel}","templated":true}]}}