{"id":68485,"date":"2025-06-09T21:24:00","date_gmt":"2025-06-10T00:24:00","guid":{"rendered":"https:\/\/www.paranapraia.com.br\/?p=68485"},"modified":"2025-06-09T21:24:02","modified_gmt":"2025-06-10T00:24:02","slug":"lacos-historicos-governador-destaca-parceria-do-parana-com-japao-em-visita-da-princesa","status":"publish","type":"post","link":"https:\/\/www.paranapraia.com.br\/index.php\/2025\/06\/09\/lacos-historicos-governador-destaca-parceria-do-parana-com-japao-em-visita-da-princesa\/","title":{"rendered":"La\u00e7os hist\u00f3ricos: governador destaca parceria do Paran\u00e1 com Jap\u00e3o em visita da princesa"},"content":{"rendered":"\n<p>O governador Carlos Massa Ratinho Junior se reuniu nesta segunda-feira (9) em Londrina, no Norte do Estado, com a princesa japonesa Kako de Akishino, que cumpre agenda no Brasil, incluindo visitas a quatro cidades do Paran\u00e1, em celebra\u00e7\u00e3o aos 130 anos das rela\u00e7\u00f5es diplom\u00e1ticas entre os dois pa\u00edses. Ratinho Junior destacou a grande contribui\u00e7\u00e3o da comunidade nip\u00f4nica no desenvolvimento do Estado e a parceria de d\u00e9cadas entre o Paran\u00e1 e o Jap\u00e3o.&nbsp;<\/p>\n\n\n\n<p>O Estado tem um acordo de irmandade com a prov\u00edncia japonesa de Hyogo h\u00e1 52 anos, que se estende ainda a cidades dos dois estados: Londrina com Nishinomiya, Curitiba com Himeji, Maring\u00e1 com Kakogawa e Paranagu\u00e1 com Awaji. Londrina tem ainda acordo de co-irmandade com a cidade de Nago, em Okinawa, e Assis Chateaubriand com a cidade de Shibata, na prov\u00edncia de Myagi.&nbsp;<\/p>\n\n\n\n<p>\u201c\u00c9 uma alegria receber a princesa Kako em nosso Estado, que se orgulha de sua importante comunidade nikkei, que tanto ajudou a construir as riquezas do Paran\u00e1\u201d, salientou Ratinho Junior. \u201cEsta visita representa n\u00e3o apenas um gesto de amizade entre na\u00e7\u00f5es irm\u00e3s, mas tamb\u00e9m o reconhecimento ao legado do povo japon\u00eas que escolheu o Paran\u00e1 como lar\u201d.<\/p>\n\n\n\n<p>O Paran\u00e1 tem a segunda maior comunidade nipo-brasileira do Pa\u00eds, com cerca de 276 mil imigrantes e descendentes, atr\u00e1s apenas de S\u00e3o Paulo.<\/p>\n\n\n\n<p>\u201cO conhecimento que os imigrantes trouxeram na bagagem h\u00e1 mais de um s\u00e9culo ajudaram a transformar o Paran\u00e1 em uma grande pot\u00eancia. No campo da agricultura, especialmente, introduziram t\u00e9cnicas inovadoras que ajudaram a melhorar o cultivo da terra\u201d, afirmou o governador.&nbsp; \u201cA riqueza cultural japonesa se tornou parte da identidade paranaense. A disciplina, o respeito, o senso de coletividade e a valoriza\u00e7\u00e3o das tradi\u00e7\u00f5es s\u00e3o legados que enriquecem o nosso Estado\u201d.&nbsp;<\/p>\n\n\n\n<p>Ratinho Junior salientou, ainda, que a presen\u00e7a japonesa tamb\u00e9m se reflete na economia, com grandes empresas atuando no Estado, como a Sumitomo, que tem uma f\u00e1brica de pneus em Fazenda Rio Grande, na Regi\u00e3o Metropolitana de Curitiba, e Nissin, que est\u00e1 construindo em Ponta Grossa, nos Campos Gerais, uma planta para a produ\u00e7\u00e3o de macarr\u00e3o instant\u00e2neo.&nbsp;<\/p>\n\n\n\n<p>Al\u00e9m disso, o Estado deve implantar, nos pr\u00f3ximos anos, o<a href=\"https:\/\/www.aen.pr.gov.br\/Noticia\/Ponto-Parana-estacoes-de-apoio-aos-turistas-nas-estradas-agora-tem-projeto-executivo\" target=\"_blank\" rel=\"noreferrer noopener\">&nbsp;projeto Ponto Paran\u00e1,<\/a>&nbsp;com estruturas de apoio aos turistas e paranaenses que trafegam nas rodovias que cortam o Estado, ideia baseada no michi no eki, adotado no Jap\u00e3o desde a d\u00e9cada de 1990.<\/p>\n\n\n\n<p><strong>ANO DA AMIZADE&nbsp;<\/strong>\u2013<strong>&nbsp;<\/strong>A visita da princesa Kako faz parte das celebra\u00e7\u00f5es do \u201cAno de Interc\u00e2mbio da Amizade Brasil-Jap\u00e3o&#8221;. A ratifica\u00e7\u00e3o do Tratado de Amizade, de Com\u00e9rcio e de Navega\u00e7\u00e3o entre Jap\u00e3o e Brasil, em Paris no ano de 1895, oficializou as rela\u00e7\u00f5es diplom\u00e1ticas nipo-brasileiras.&nbsp;<\/p>\n\n\n\n<p>O Paran\u00e1 \u00e9 o estado onde a princesa visita o maior n\u00famero de cidades. Domingo (8), a&nbsp;<a href=\"https:\/\/www.aen.pr.gov.br\/Noticia\/Princesa-Kako-de-Akishino-exalta-memoria-dos-imigrantes-japoneses-em-visita-Maringa\" target=\"_blank\" rel=\"noreferrer noopener\">representante da fam\u00edlia imperial esteve em Maring\u00e1<\/a>, onde foi recepcionada pela comunidade nip\u00f4nica na Associa\u00e7\u00e3o Cultural e Esportiva de Maring\u00e1 (Acema).<\/p>\n\n\n\n<p>Antes da agenda na Alian\u00e7a Cultural Brasil-Jap\u00e3o, em Londrina, ela esteve ainda em Rol\u00e2ndia para uma visita ao Museu Hist\u00f3rico da Imigra\u00e7\u00e3o Japonesa, espa\u00e7o voltado \u00e0 preserva\u00e7\u00e3o da hist\u00f3ria e cultura da comunidade nipo-brasileira da regi\u00e3o, que j\u00e1 recebeu visita de outros membros da fam\u00edlia imperial japonesa. O pr\u00edncipe Fumihito de Akishino, pai de Kako, esteve em Rol\u00e2ndia em 2015, enquanto a irm\u00e3 da princesa, Mako, visitou a cidade em 2018.<\/p>\n\n\n\n<p>\u201cDesde ontem, estive em Maring\u00e1, Rol\u00e2ndia e Londrina e fiquei muito feliz por ter conhecido e conversado com muitas pessoas. Agrade\u00e7o sinceramente a recep\u00e7\u00e3o calorosa de todos\u201d, declarou a princesa. \u201cGostaria de expressar meu profundo respeito aos imigrantes japoneses e seus descendentes, que apesar de todas as dificuldades, continuaram se esfor\u00e7ando no dia a dia e contribu\u00edram com a sociedade brasileira\u201d.<\/p>\n\n\n\n<p>A princesa Kako tamb\u00e9m se encontra com membros da comunidade nip\u00f4nica londrinense na Associa\u00e7\u00e3o Cultural e Esportiva de Londrina (ACEL). A segunda maior cidade do Estado tem forte influ\u00eancia japonesa. A Rua Sergipe, no Centro de Londrina, ficou conhecida como \u201cPequena T\u00f3quio\u201d devido \u00e0 concentra\u00e7\u00e3o de estabelecimentos comerciais japoneses a partir da d\u00e9cada de 1930. A Pra\u00e7a Tomi Nakagawa \u00e9 outro exemplo da influ\u00eancia do pa\u00eds asi\u00e1tico na cultura londrinense.&nbsp;<\/p>\n\n\n\n<p>\u201cPara o Paran\u00e1, \u00e9 sempre uma honra receber a visita de membros da fam\u00edlia imperial. N\u00f3s paranaenses, principalmente aqui no Norte, preservamos muito nossa cultura japonesa, fortalecendo nossos la\u00e7os de amizade\u201d, afirmou o presidente da Alian\u00e7a Cultural Brasil-Jap\u00e3o, Eduardo Suzuki. \u201cContinuamos nos esfor\u00e7ando para fazer com que as novas gera\u00e7\u00f5es tamb\u00e9m continuem preservando a nossa cultura\u201d.<\/p>\n\n\n\n<p>Ap\u00f3s a agenda no Norte do Estado, ela embarca para o Rio de Janeiro, mas retorna ao Paran\u00e1 para uma visita a Foz do Igua\u00e7u nos dias 14 e 15 de junho, onde conhecer\u00e1 uma das Sete Maravilhas da Natureza, as Cataratas do Igua\u00e7u, no Parque Nacional do Igua\u00e7u. &nbsp;<\/p>\n\n\n\n<p><strong>PRINCESA&nbsp;<\/strong>\u2013 A princesa Kako de Akishino nasceu em T\u00f3quio em 29 de dezembro de 1994. \u00c9 a segunda filha do pr\u00edncipe Fumihito de Akishino e da princesa Kiko e sobrinha do atual imperador Naruhito do Jap\u00e3o. Ela tem uma irm\u00e3 mais velha, Mako, e um irm\u00e3o mais novo, o pr\u00edncipe Hisahito.<\/p>\n\n\n\n<p>No Brasil, para as celebra\u00e7\u00f5es dos 130 anos das rela\u00e7\u00f5es diplom\u00e1ticas entre os dois pa\u00edses, a agenda da princesa Kako inclui, al\u00e9m do Paran\u00e1, os estados de S\u00e3o Paulo, Rio de Janeiro, Mato Grosso do Sul e a capital federal Bras\u00edlia.<\/p>\n\n\n\n<p><strong>PRESEN\u00c7AS&nbsp;<\/strong>\u2013 Participaram da solenidade o presidente de Assembleia Legislativa do Paran\u00e1, Alexandre Curi; a primeira-dama Luciana Saito Massa; o embaixador do Jap\u00e3o no Brasil, Teiji Hayashi; o presidente da Alian\u00e7a Cultural Brasil Jap\u00e3o, Eduardo Suzuki; o deputado federal Luiz Nishimori, o deputado estadual Jairo Tamura e o prefeito de Londrina, Tiago Amaral.<\/p>\n\n\n\n<p>AEN\/PR<\/p>\n","protected":false},"excerpt":{"rendered":"<p>O governador Carlos Massa Ratinho Junior se reuniu nesta segunda-feira (9) em Londrina, no Norte do Estado, com a princesa japonesa Kako de Akishino, que cumpre agenda no Brasil, incluindo visitas a quatro cidades do Paran\u00e1, em celebra\u00e7\u00e3o aos 130 anos das rela\u00e7\u00f5es diplom\u00e1ticas entre os dois pa\u00edses. Ratinho Junior destacou a grande contribui\u00e7\u00e3o da [&hellip;]<\/p>\n","protected":false},"author":2,"featured_media":68486,"comment_status":"open","ping_status":"open","sticky":false,"template":"","format":"standard","meta":{"advanced_seo_description":"","jetpack_seo_html_title":"","jetpack_seo_noindex":false,"_jetpack_memberships_contains_paid_content":false,"footnotes":""},"categories":[40],"tags":[],"class_list":{"0":"post-68485","1":"post","2":"type-post","3":"status-publish","4":"format-standard","5":"has-post-thumbnail","7":"category-destaques"},"jetpack_featured_media_url":"https:\/\/www.paranapraia.com.br\/wp-content\/uploads\/2025\/06\/whatsapp_image_2025-06-09_at_13.24.11-scaled.jpg","jetpack_sharing_enabled":true,"_links":{"self":[{"href":"https:\/\/www.paranapraia.com.br\/index.php\/wp-json\/wp\/v2\/posts\/68485"}],"collection":[{"href":"https:\/\/www.paranapraia.com.br\/index.php\/wp-json\/wp\/v2\/posts"}],"about":[{"href":"https:\/\/www.paranapraia.com.br\/index.php\/wp-json\/wp\/v2\/types\/post"}],"author":[{"embeddable":true,"href":"https:\/\/www.paranapraia.com.br\/index.php\/wp-json\/wp\/v2\/users\/2"}],"replies":[{"embeddable":true,"href":"https:\/\/www.paranapraia.com.br\/index.php\/wp-json\/wp\/v2\/comments?post=68485"}],"version-history":[{"count":1,"href":"https:\/\/www.paranapraia.com.br\/index.php\/wp-json\/wp\/v2\/posts\/68485\/revisions"}],"predecessor-version":[{"id":68487,"href":"https:\/\/www.paranapraia.com.br\/index.php\/wp-json\/wp\/v2\/posts\/68485\/revisions\/68487"}],"wp:featuredmedia":[{"embeddable":true,"href":"https:\/\/www.paranapraia.com.br\/index.php\/wp-json\/wp\/v2\/media\/68486"}],"wp:attachment":[{"href":"https:\/\/www.paranapraia.com.br\/index.php\/wp-json\/wp\/v2\/media?parent=68485"}],"wp:term":[{"taxonomy":"category","embeddable":true,"href":"https:\/\/www.paranapraia.com.br\/index.php\/wp-json\/wp\/v2\/categories?post=68485"},{"taxonomy":"post_tag","embeddable":true,"href":"https:\/\/www.paranapraia.com.br\/index.php\/wp-json\/wp\/v2\/tags?post=68485"}],"curies":[{"name":"wp","href":"https:\/\/api.w.org\/{rel}","templated":true}]}}