{"id":68482,"date":"2025-06-09T21:20:24","date_gmt":"2025-06-10T00:20:24","guid":{"rendered":"https:\/\/www.paranapraia.com.br\/?p=68482"},"modified":"2025-06-09T21:20:26","modified_gmt":"2025-06-10T00:20:26","slug":"policia-militar-do-parana-soluciona-caso-de-sequestro-de-mae-e-filha-em-pinhais","status":"publish","type":"post","link":"https:\/\/www.paranapraia.com.br\/index.php\/2025\/06\/09\/policia-militar-do-parana-soluciona-caso-de-sequestro-de-mae-e-filha-em-pinhais\/","title":{"rendered":"Pol\u00edcia Militar do Paran\u00e1 soluciona caso de sequestro de m\u00e3e e filha em Pinhais"},"content":{"rendered":"\n<p>A Pol\u00edcia Militar do Paran\u00e1 (PMPR) encerrou com sucesso uma opera\u00e7\u00e3o de c\u00e1rcere privado que envolveu uma m\u00e3e e sua filha de apenas tr\u00eas anos mantidas em c\u00e1rcere privado em uma resid\u00eancia em Pinhais, na Regi\u00e3o Metropolitana de Curitiba (RMC). A a\u00e7\u00e3o teve in\u00edcio por volta das 23h19 de domingo (8) e terminou em torno das 9h desta segunda-feira (9).&nbsp;A \u00e1rea no bairro Vargem Grande ficou isolada durante todo o per\u00edodo.<\/p>\n\n\n\n<p>A&nbsp;corpora\u00e7\u00e3o foi acionada pela popula\u00e7\u00e3o, que relatou que um homem estaria amea\u00e7ando incendiar a casa da ex-companheira. Ao chegar ao local, as equipes do 29\u00ba Batalh\u00e3o da Pol\u00edcia Militar encontraram a resid\u00eancia trancada e a mulher e a filha sob amea\u00e7a. O homem utilizou colch\u00f5es e uma geladeira para bloquear portas e janelas e&nbsp;tamb\u00e9m tinha espalhado gasolina pela garagem e interior da casa.<\/p>\n\n\n\n<p>Os primeiros policiais atuaram na conten\u00e7\u00e3o da situa\u00e7\u00e3o, buscando coletar informa\u00e7\u00f5es e manter a seguran\u00e7a do per\u00edmetro, al\u00e9m de realizar tentativas de contato com o agressor, visando reduzir o n\u00edvel de estresse at\u00e9 a chegada dos especialistas do Batalh\u00e3o de Opera\u00e7\u00f5es Policiais Especiais (BOPE). Ap\u00f3s horas de intensa negocia\u00e7\u00e3o, o autor, que tem hist\u00f3rico de medidas restritivas, se rendeu voluntariamente e liberou as ref\u00e9ns sem ferimentos.<\/p>\n\n\n\n<p>A m\u00e3e e a crian\u00e7a foram atendidas por equipes m\u00e9dicas e passam bem. O homem tamb\u00e9m recebeu atendimento m\u00e9dico e, em seguida, foi encaminhado \u00e0 delegacia para as provid\u00eancias legais cab\u00edveis.<\/p>\n\n\n\n<p>&#8220;A atua\u00e7\u00e3o coordenada e t\u00e9cnica das for\u00e7as de seguran\u00e7a foi fundamental para o desfecho positivo do caso, preservando vidas e demonstrando a efic\u00e1cia dos protocolos adotados pela Pol\u00edcia Militar do Paran\u00e1 em situa\u00e7\u00f5es de crise&#8221;, disse o secret\u00e1rio da Seguran\u00e7a P\u00fablica, Hudson Le\u00f4ncio Teixeira.<\/p>\n\n\n\n<p>A opera\u00e7\u00e3o foi coordenada pela Pol\u00edcia Militar e contou com apoio da Guarda Municipal de Pinhais e do Corpo de Bombeiros.<\/p>\n\n\n\n<p>AEN\/PR<\/p>\n","protected":false},"excerpt":{"rendered":"<p>A Pol\u00edcia Militar do Paran\u00e1 (PMPR) encerrou com sucesso uma opera\u00e7\u00e3o de c\u00e1rcere privado que envolveu uma m\u00e3e e sua filha de apenas tr\u00eas anos mantidas em c\u00e1rcere privado em uma resid\u00eancia em Pinhais, na Regi\u00e3o Metropolitana de Curitiba (RMC). A a\u00e7\u00e3o teve in\u00edcio por volta das 23h19 de domingo (8) e terminou em torno [&hellip;]<\/p>\n","protected":false},"author":2,"featured_media":68483,"comment_status":"open","ping_status":"open","sticky":false,"template":"","format":"standard","meta":{"advanced_seo_description":"","jetpack_seo_html_title":"","jetpack_seo_noindex":false,"_jetpack_memberships_contains_paid_content":false,"footnotes":""},"categories":[33],"tags":[],"class_list":{"0":"post-68482","1":"post","2":"type-post","3":"status-publish","4":"format-standard","5":"has-post-thumbnail","7":"category-policia"},"jetpack_featured_media_url":"https:\/\/www.paranapraia.com.br\/wp-content\/uploads\/2025\/06\/whatsapp_image_2025-06-09_at_11.13.34-scaled.jpg","jetpack_sharing_enabled":true,"_links":{"self":[{"href":"https:\/\/www.paranapraia.com.br\/index.php\/wp-json\/wp\/v2\/posts\/68482"}],"collection":[{"href":"https:\/\/www.paranapraia.com.br\/index.php\/wp-json\/wp\/v2\/posts"}],"about":[{"href":"https:\/\/www.paranapraia.com.br\/index.php\/wp-json\/wp\/v2\/types\/post"}],"author":[{"embeddable":true,"href":"https:\/\/www.paranapraia.com.br\/index.php\/wp-json\/wp\/v2\/users\/2"}],"replies":[{"embeddable":true,"href":"https:\/\/www.paranapraia.com.br\/index.php\/wp-json\/wp\/v2\/comments?post=68482"}],"version-history":[{"count":1,"href":"https:\/\/www.paranapraia.com.br\/index.php\/wp-json\/wp\/v2\/posts\/68482\/revisions"}],"predecessor-version":[{"id":68484,"href":"https:\/\/www.paranapraia.com.br\/index.php\/wp-json\/wp\/v2\/posts\/68482\/revisions\/68484"}],"wp:featuredmedia":[{"embeddable":true,"href":"https:\/\/www.paranapraia.com.br\/index.php\/wp-json\/wp\/v2\/media\/68483"}],"wp:attachment":[{"href":"https:\/\/www.paranapraia.com.br\/index.php\/wp-json\/wp\/v2\/media?parent=68482"}],"wp:term":[{"taxonomy":"category","embeddable":true,"href":"https:\/\/www.paranapraia.com.br\/index.php\/wp-json\/wp\/v2\/categories?post=68482"},{"taxonomy":"post_tag","embeddable":true,"href":"https:\/\/www.paranapraia.com.br\/index.php\/wp-json\/wp\/v2\/tags?post=68482"}],"curies":[{"name":"wp","href":"https:\/\/api.w.org\/{rel}","templated":true}]}}