{"id":68476,"date":"2025-06-09T21:13:32","date_gmt":"2025-06-10T00:13:32","guid":{"rendered":"https:\/\/www.paranapraia.com.br\/?p=68476"},"modified":"2025-06-09T21:13:34","modified_gmt":"2025-06-10T00:13:34","slug":"dia-da-imunizacao-reforca-importancia-da-prevencao-31-vacinas-sao-gratuitas-no-parana","status":"publish","type":"post","link":"https:\/\/www.paranapraia.com.br\/index.php\/2025\/06\/09\/dia-da-imunizacao-reforca-importancia-da-prevencao-31-vacinas-sao-gratuitas-no-parana\/","title":{"rendered":"Dia da Imuniza\u00e7\u00e3o refor\u00e7a import\u00e2ncia da preven\u00e7\u00e3o; 31 vacinas s\u00e3o gratuitas no Paran\u00e1"},"content":{"rendered":"\n<p>Celebrado nesta segunda-feira (9), o Dia Nacional da Imuniza\u00e7\u00e3o destaca a import\u00e2ncia das vacinas na preven\u00e7\u00e3o, controle e elimina\u00e7\u00e3o de doen\u00e7as. O Governo do Paran\u00e1, por meio da Secretaria de Estado da Sa\u00fade (Sesa), refor\u00e7a o compromisso com a prote\u00e7\u00e3o da popula\u00e7\u00e3o e amplia\u00e7\u00e3o da cobertura vacinal por meio da atualiza\u00e7\u00e3o da caderneta em todas as fases da vida. Atualmente, o Sistema \u00danico de Sa\u00fade (SUS) do Paran\u00e1 disponibiliza gratuitamente 31 vacinas \u00e0 popula\u00e7\u00e3o.<\/p>\n\n\n\n<p>A auxiliar de enfermagem Elza de F\u00e1tima Pereira Moreira, que mora em Tibagi, regi\u00e3o dos Campos Gerais, \u00e9 servidora h\u00e1 48 anos. Ela \u00e9 considerada uma defensora da vacina. Ao longo da sua vida j\u00e1 tomou mais de 40 doses. A valoriza\u00e7\u00e3o pela preven\u00e7\u00e3o e cuidado a acompanhou desde sempre. Venceu uma pandemia, v\u00e1rias epidemias e doen\u00e7as.<\/p>\n\n\n\n<p>\u201cA vacina\u00e7\u00e3o \u00e9 fundamental para preven\u00e7\u00e3o de doen\u00e7as, prote\u00e7\u00e3o individual e coletiva. Ao se vacinar, voc\u00ea fortalece seu sistema imunol\u00f3gico e contribui para a redu\u00e7\u00e3o da circula\u00e7\u00e3o de v\u00edrus e bact\u00e9rias, protegendo tamb\u00e9m quem n\u00e3o pode se vacinar. \u00c9 um ato de cuidado com a pr\u00f3pria sa\u00fade e com a sa\u00fade da sa\u00fade p\u00fablica\u201d, ressalta.<\/p>\n\n\n\n<p>Elza \u00e9 exemplo, j\u00e1 que a imuniza\u00e7\u00e3o \u00e9 reconhecida como uma das estrat\u00e9gias mais eficazes de preven\u00e7\u00e3o. De acordo com a Organiza\u00e7\u00e3o Mundial da Sa\u00fade (OMS), mais de 20 doen\u00e7as graves podem ser prevenidas por vacinas, salvando de 2 a 3 milh\u00f5es de vidas por ano em todo o mundo.<\/p>\n\n\n\n<p>S\u00e3o 48 tipos de imunobiol\u00f3gicos \u2013 31 vacinas, 13 soros e 4 imunoglobulinas ofertados pelo SUS. O Paran\u00e1 se destaca em suas coberturas vacinais como, por exemplo, da BCG, vacina contra a tuberculose. No Estado, a cobertura vacinal \u00e9 de 98,80%, enquanto no pa\u00eds n\u00e3o ultrapassa os 86%.<\/p>\n\n\n\n<p>Segundo levantamento da Sesa, a cobertura vacinal de doses de rotina apresentou avan\u00e7o. Al\u00e9m da BCG, a tr\u00edplice viral, que previne sarampo, caxumba e rub\u00e9ola, chega 98,25%, em crescimento cont\u00ednuo desde 2020, quando apresentava 86,15%.<\/p>\n\n\n\n<p>Na inf\u00e2ncia, at\u00e9 os 10 anos, o esquema vacinal contempla 13 imunizantes, al\u00e9m de refor\u00e7os e doses complementares. J\u00e1 na adolesc\u00eancia, continuam sendo ofertadas vacinas importantes como a do HPV, que previne c\u00e2ncer de colo do \u00fatero, a meningoc\u00f3cica ACWY, dengue e a dupla adulto.<\/p>\n\n\n\n<p>Adultos tamb\u00e9m devem manter a caderneta atualizada. Seis vacinas s\u00e3o recomendadas a partir dos 18 anos: hepatite B, febre amarela, tr\u00edplice viral, dupla adulto, Influenza e Covid-19, a depender dos esquemas iniciados na inf\u00e2ncia ou adolesc\u00eancia.<\/p>\n\n\n\n<p>O secret\u00e1rio estadual da Sa\u00fade, Beto Preto, ressalta a import\u00e2ncia de vacinar-se, principalmente neste momento, contra a gripe. \u201cS\u00f3 em 2025 j\u00e1 s\u00e3o 10.635 casos e 523 mortes confirmadas por S\u00edndrome Respirat\u00f3ria Aguda Grave (SRAG). E o mais grave: a grande maioria das v\u00edtimas n\u00e3o estava vacinada\u201d, disse. \u201cA cobertura vacinal para gripe entre idosos, crian\u00e7as e gestantes est\u00e1 muito abaixo do ideal, sendo que mais de 80% dos pedidos de interna\u00e7\u00e3o s\u00e3o para esses grupos\u201d.<\/p>\n\n\n\n<p><strong>VACINA\u00c7\u00c3O INFLUENZA<\/strong>&nbsp;\u2013 Dados do&nbsp;Vacin\u00f4metro Nacional mostram que 2.546.974 vacinas foram aplicadas, com cobertura geral de 42,89% dentre os idosos, crian\u00e7as e gestantes. Individualmente, a cobertura de idosos est\u00e1 em 46,75%, crian\u00e7as com 34,73% e gestantes com 31,37%. A meta \u00e9 atingir 90% de cada um dos p\u00fablicos-alvo. O Paran\u00e1 recebeu e distribuiu este ano 4.188.000 vacinas do Minist\u00e9rio da Sa\u00fade.<\/p>\n\n\n\n<p>Al\u00e9m das vacinas j\u00e1 citadas, o Estado tamb\u00e9m oferece a antirr\u00e1bica humana e a&nbsp;Jynneos, voltada \u00e0 prote\u00e7\u00e3o contra a&nbsp;Mpox, e outros imunizantes&nbsp;ofertados&nbsp;a grupos especiais pelo Centro de Refer\u00eancia de Imunobiol\u00f3gicos Especiais (CRIE).<\/p>\n\n\n\n<p><strong>Confira algumas das principais vacinas dispon\u00edveis no SUS (rotina):<\/strong><\/p>\n\n\n\n<p>BCG&nbsp;\u2013 contra tuberculose<\/p>\n\n\n\n<p>Pentavalente&nbsp;\u2013 contra difteria, t\u00e9tano, coqueluche, hepatite B e Haemophilus influenzae tipo B<\/p>\n\n\n\n<p>Pneumoc\u00f3cica 10-valente&nbsp;\u2013 contra pneumonia e meningite<\/p>\n\n\n\n<p>Meningoc\u00f3cica C e ACWY&nbsp;\u2013 contra meningite<\/p>\n\n\n\n<p>Rotav\u00edrus&nbsp;\u2013 contra diarreia grave<\/p>\n\n\n\n<p>VIP&nbsp;\u2013 contra poliomielite<\/p>\n\n\n\n<p>DTP e dTpa&nbsp;\u2013 contra difteria, t\u00e9tano e coqueluche<\/p>\n\n\n\n<p>Tr\u00edplice viral&nbsp;\u2013 contra sarampo, caxumba e rub\u00e9ola<\/p>\n\n\n\n<p>Hepatites A e B&nbsp;\u2013 contra infec\u00e7\u00f5es virais<\/p>\n\n\n\n<p>HPV&nbsp;\u2013 contra verrugas genitais e c\u00e2ncer de colo do \u00fatero<\/p>\n\n\n\n<p>Varicela&nbsp;\u2013 contra varicela<\/p>\n\n\n\n<p>Febre amarela&nbsp;\u2013 contra febre amarela<\/p>\n\n\n\n<p>Covi-19 \u2013 contra infec\u00e7\u00e3o<\/p>\n\n\n\n<p>Influenza \u2013 contra a gripe<\/p>\n\n\n\n<p>Tetra viral &#8211;&nbsp;contra sarampo, caxumba, rub\u00e9ola e varicela<\/p>\n\n\n\n<p>Pneumo 23 \u2013 protege contra a pneumonia.<\/p>\n\n\n\n<p>AEN\/PR<\/p>\n","protected":false},"excerpt":{"rendered":"<p>Celebrado nesta segunda-feira (9), o Dia Nacional da Imuniza\u00e7\u00e3o destaca a import\u00e2ncia das vacinas na preven\u00e7\u00e3o, controle e elimina\u00e7\u00e3o de doen\u00e7as. O Governo do Paran\u00e1, por meio da Secretaria de Estado da Sa\u00fade (Sesa), refor\u00e7a o compromisso com a prote\u00e7\u00e3o da popula\u00e7\u00e3o e amplia\u00e7\u00e3o da cobertura vacinal por meio da atualiza\u00e7\u00e3o da caderneta em todas [&hellip;]<\/p>\n","protected":false},"author":2,"featured_media":68477,"comment_status":"open","ping_status":"open","sticky":false,"template":"","format":"standard","meta":{"advanced_seo_description":"","jetpack_seo_html_title":"","jetpack_seo_noindex":false,"_jetpack_memberships_contains_paid_content":false,"footnotes":""},"categories":[50],"tags":[],"class_list":{"0":"post-68476","1":"post","2":"type-post","3":"status-publish","4":"format-standard","5":"has-post-thumbnail","7":"category-saude"},"jetpack_featured_media_url":"https:\/\/www.paranapraia.com.br\/wp-content\/uploads\/2025\/06\/147e1ab7-d5ba-4c20-ae69-fc42f427880f_0-scaled.jpg","jetpack_sharing_enabled":true,"_links":{"self":[{"href":"https:\/\/www.paranapraia.com.br\/index.php\/wp-json\/wp\/v2\/posts\/68476"}],"collection":[{"href":"https:\/\/www.paranapraia.com.br\/index.php\/wp-json\/wp\/v2\/posts"}],"about":[{"href":"https:\/\/www.paranapraia.com.br\/index.php\/wp-json\/wp\/v2\/types\/post"}],"author":[{"embeddable":true,"href":"https:\/\/www.paranapraia.com.br\/index.php\/wp-json\/wp\/v2\/users\/2"}],"replies":[{"embeddable":true,"href":"https:\/\/www.paranapraia.com.br\/index.php\/wp-json\/wp\/v2\/comments?post=68476"}],"version-history":[{"count":1,"href":"https:\/\/www.paranapraia.com.br\/index.php\/wp-json\/wp\/v2\/posts\/68476\/revisions"}],"predecessor-version":[{"id":68478,"href":"https:\/\/www.paranapraia.com.br\/index.php\/wp-json\/wp\/v2\/posts\/68476\/revisions\/68478"}],"wp:featuredmedia":[{"embeddable":true,"href":"https:\/\/www.paranapraia.com.br\/index.php\/wp-json\/wp\/v2\/media\/68477"}],"wp:attachment":[{"href":"https:\/\/www.paranapraia.com.br\/index.php\/wp-json\/wp\/v2\/media?parent=68476"}],"wp:term":[{"taxonomy":"category","embeddable":true,"href":"https:\/\/www.paranapraia.com.br\/index.php\/wp-json\/wp\/v2\/categories?post=68476"},{"taxonomy":"post_tag","embeddable":true,"href":"https:\/\/www.paranapraia.com.br\/index.php\/wp-json\/wp\/v2\/tags?post=68476"}],"curies":[{"name":"wp","href":"https:\/\/api.w.org\/{rel}","templated":true}]}}