{"id":68469,"date":"2025-06-09T21:01:39","date_gmt":"2025-06-10T00:01:39","guid":{"rendered":"https:\/\/www.paranapraia.com.br\/?p=68469"},"modified":"2025-06-09T21:03:14","modified_gmt":"2025-06-10T00:03:14","slug":"caes-e-gatos-ganham-novo-lar-apos-feira-de-adocao-em-paranagua","status":"publish","type":"post","link":"https:\/\/www.paranapraia.com.br\/index.php\/2025\/06\/09\/caes-e-gatos-ganham-novo-lar-apos-feira-de-adocao-em-paranagua\/","title":{"rendered":"C\u00e3es e gatos ganham novo lar ap\u00f3s Feira de Ado\u00e7\u00e3o em Paranagu\u00e1"},"content":{"rendered":"\n<p>A Feira de Ado\u00e7\u00e3o de Animais organizada pela Secretaria de Servi\u00e7os Urbanos da Prefeitura de Paranagu\u00e1 (Semsu), come\u00e7ou com um desfecho feliz no \u00faltimo s\u00e1bado (7). A primeira ado\u00e7\u00e3o aconteceu logo no in\u00edcio da manh\u00e3. Izabella Ramos, 8 anos, levou para casa uma gatinha. Esse j\u00e1 \u00e9 o terceiro, dos quatros animais que a fam\u00edlia adotou.<\/p>\n\n\n\n<p>&#8220;Eu gosto de gatinhos porque eles s\u00e3o calmos e carinhosos. Ainda n\u00e3o sei o nome que ela ter\u00e1, mas estou feliz! Vamos brincar muito&#8221;, disse Izabella, acompanhada pela fam\u00edlia.<\/p>\n\n\n\n<p>Os c\u00e3es e gatos adotados foram entregues vacinados, desverminados e com a castra\u00e7\u00e3o garantida aos novos tutores. De acordo com a secret\u00e1ria da Semsu, Chris Rosa, cerca de 200 animais ainda est\u00e3o dispon\u00edveis para a ado\u00e7\u00e3o e a expectativa \u00e9 que mais animais sejam adotados para que seja poss\u00edvel abrir espa\u00e7o no canil e assim fazer mais resgates. \u201cO nosso interesse \u00e9 que as pessoas venham at\u00e9 aqui, conhe\u00e7am o nosso trabalho e se encantem por um dos nossos animais&#8221;, comentou.<\/p>\n\n\n\n<p>A secret\u00e1ria tamb\u00e9m refor\u00e7a a import\u00e2ncia da divulga\u00e7\u00e3o das feiras pelas redes sociais e convida \u00e0 popula\u00e7\u00e3o para conhecer o Canil Municipal. &#8220;Contamos com um programa em que a pessoa vem aqui, traz uma guia e leva nossos animais para passear pelo Aeroparque. Basta fazer o cadastro e passar momentos agrad\u00e1veis com os bichinhos. Desta forma, eles recebem esse carinho e aten\u00e7\u00e3o que fazem toda a diferen\u00e7a&#8221;, completou Chris Rosa.<\/p>\n\n\n\n<p>A ado\u00e7\u00e3o pode ocorrer tamb\u00e9m fora do per\u00edodo das feiras, os interessados devem comparecer ao Canil Municipal instalado no Aeroparque, de segunda a sexta-feira, das 8h \u00e0s 16h30, com RG e CPF.<\/p>\n\n\n\n<p>Prefeitura de Paranagu\u00e1<\/p>\n","protected":false},"excerpt":{"rendered":"<p>A Feira de Ado\u00e7\u00e3o de Animais organizada pela Secretaria de Servi\u00e7os Urbanos da Prefeitura de Paranagu\u00e1 (Semsu), come\u00e7ou com um desfecho feliz no \u00faltimo s\u00e1bado (7). A primeira ado\u00e7\u00e3o aconteceu logo no in\u00edcio da manh\u00e3. Izabella Ramos, 8 anos, levou para casa uma gatinha. Esse j\u00e1 \u00e9 o terceiro, dos quatros animais que a fam\u00edlia [&hellip;]<\/p>\n","protected":false},"author":2,"featured_media":68470,"comment_status":"open","ping_status":"open","sticky":false,"template":"","format":"standard","meta":{"advanced_seo_description":"","jetpack_seo_html_title":"","jetpack_seo_noindex":false,"_jetpack_memberships_contains_paid_content":false,"footnotes":""},"categories":[77],"tags":[],"class_list":{"0":"post-68469","1":"post","2":"type-post","3":"status-publish","4":"format-standard","5":"has-post-thumbnail","7":"category-paranagua"},"jetpack_featured_media_url":"https:\/\/www.paranapraia.com.br\/wp-content\/uploads\/2025\/06\/16319-scaled.jpg","jetpack_sharing_enabled":true,"_links":{"self":[{"href":"https:\/\/www.paranapraia.com.br\/index.php\/wp-json\/wp\/v2\/posts\/68469"}],"collection":[{"href":"https:\/\/www.paranapraia.com.br\/index.php\/wp-json\/wp\/v2\/posts"}],"about":[{"href":"https:\/\/www.paranapraia.com.br\/index.php\/wp-json\/wp\/v2\/types\/post"}],"author":[{"embeddable":true,"href":"https:\/\/www.paranapraia.com.br\/index.php\/wp-json\/wp\/v2\/users\/2"}],"replies":[{"embeddable":true,"href":"https:\/\/www.paranapraia.com.br\/index.php\/wp-json\/wp\/v2\/comments?post=68469"}],"version-history":[{"count":2,"href":"https:\/\/www.paranapraia.com.br\/index.php\/wp-json\/wp\/v2\/posts\/68469\/revisions"}],"predecessor-version":[{"id":68472,"href":"https:\/\/www.paranapraia.com.br\/index.php\/wp-json\/wp\/v2\/posts\/68469\/revisions\/68472"}],"wp:featuredmedia":[{"embeddable":true,"href":"https:\/\/www.paranapraia.com.br\/index.php\/wp-json\/wp\/v2\/media\/68470"}],"wp:attachment":[{"href":"https:\/\/www.paranapraia.com.br\/index.php\/wp-json\/wp\/v2\/media?parent=68469"}],"wp:term":[{"taxonomy":"category","embeddable":true,"href":"https:\/\/www.paranapraia.com.br\/index.php\/wp-json\/wp\/v2\/categories?post=68469"},{"taxonomy":"post_tag","embeddable":true,"href":"https:\/\/www.paranapraia.com.br\/index.php\/wp-json\/wp\/v2\/tags?post=68469"}],"curies":[{"name":"wp","href":"https:\/\/api.w.org\/{rel}","templated":true}]}}