{"id":68466,"date":"2025-06-09T20:48:41","date_gmt":"2025-06-09T23:48:41","guid":{"rendered":"https:\/\/www.paranapraia.com.br\/?p=68466"},"modified":"2025-06-09T20:48:43","modified_gmt":"2025-06-09T23:48:43","slug":"pontal-do-parana-leva-cultura-sabores-e-inovacao-ao-fit-cataratas-2025","status":"publish","type":"post","link":"https:\/\/www.paranapraia.com.br\/index.php\/2025\/06\/09\/pontal-do-parana-leva-cultura-sabores-e-inovacao-ao-fit-cataratas-2025\/","title":{"rendered":"Pontal do Paran\u00e1 leva cultura, sabores e inova\u00e7\u00e3o ao FIT Cataratas 2025"},"content":{"rendered":"\n<p>Entre os dias 4 e 6 de junho, o munic\u00edpio de Pontal do Paran\u00e1 marcou presen\u00e7a na 20\u00aa edi\u00e7\u00e3o do Festival Internacional de Turismo das Cataratas (FIT Cataratas), realizado em Foz do Igua\u00e7u.<\/p>\n\n\n\n<p>A participa\u00e7\u00e3o foi marcada por experi\u00eancias imersivas, valoriza\u00e7\u00e3o da cultura local, gastronomia t\u00edpica, projetos sustent\u00e1veis e forte representatividade t\u00e9cnica, mostrando o potencial do litoral paranaense no <a><\/a>cen\u00e1rio tur\u00edstico nacional.<\/p>\n\n\n\n<p>O evento tamb\u00e9m atrai agentes de viagens internacionais, o que pode levar a um aumento do n\u00famero de turistas estrangeiros em Pontal do Paran\u00e1, gerando assim um aumento na economia local.<\/p>\n\n\n\n<p>Pontal do Paran\u00e1 integrou o estande \u201cDestino Litoral\u201d, promovido pela ADETUR \u2013 Ag\u00eancia de Desenvolvimento Cultural e do Turismo Sustent\u00e1vel do Litoral do Paran\u00e1, ao lado das cidades de Morretes e Paranagu\u00e1, atendendo \u00e0 solicita\u00e7\u00e3o do Prefeito de Pontal do Paran\u00e1 Rud\u00e3o Gimenes, que tem direcionado aten\u00e7\u00e3o estrat\u00e9gica \u00e0s iniciativas voltadas \u00e0 promo\u00e7\u00e3o territorial como instrumento de desenvolvimento econ\u00f4mico regional por meio do turismo.<\/p>\n\n\n\n<p>A a\u00e7\u00e3o integra uma pol\u00edtica p\u00fablica que reconhece o turismo como setor din\u00e2mico de gera\u00e7\u00e3o de emprego, renda e valoriza\u00e7\u00e3o dos ativos culturais, naturais e hist\u00f3ricos do litoral.<\/p>\n\n\n\n<p>A estrutura foi pensada para apresentar ao p\u00fablico as riquezas naturais, culturais e gastron\u00f4micas do litoral do estado, em um dos eventos mais relevantes do setor na Am\u00e9rica Latina.<\/p>\n\n\n\n<p>Al\u00e9m disso, o apoio do COMTUR (Conselho Municipal de Turismo) foi essencial para a aprova\u00e7\u00e3o de recursos destinados \u00e0 participa\u00e7\u00e3o do munic\u00edpio no evento e \u00e0 produ\u00e7\u00e3o de materiais promocionais. Os conte\u00fados foram desenvolvidos em parceria com o coletivo Manga Rosa, que colaborou na cria\u00e7\u00e3o de experi\u00eancias sensoriais e informativas para o p\u00fablico.<\/p>\n\n\n\n<p>No estande, os visitantes puderam vivenciar experi\u00eancias imersivas por meio de \u00f3culos de realidade virtual, que simularam passeios pelas praias de Leste, Ipanema, Shangri-l\u00e1 e Pontal do Sul, al\u00e9m de trilhas, roteiros de pesca e visitas \u00e0 Ilha dos Currais e Guaragua\u00e7u.<\/p>\n\n\n\n<p>Um dos grandes destaques foi a degusta\u00e7\u00e3o da Cambira, prato t\u00edpico do munic\u00edpio, preparado por Marinalva Inoc\u00eancio de Oliveira.<\/p>\n\n\n\n<p>A receita, feita com peixe seco e defumado, banana e especiarias, acompanhada de pir\u00e3o, salada e arroz, chamou a aten\u00e7\u00e3o pelo sabor e tradi\u00e7\u00e3o. O nome do prato remete ao cip\u00f3 utilizado no litoral para pendurar os peixes durante o processo de defuma\u00e7\u00e3o.<\/p>\n\n\n\n<p>Outro ponto alto foi a apresenta\u00e7\u00e3o do projeto \u201cCouro de Peixe\u201dde Pontal do Paran\u00e1, que transforma peles de peixe em artesanato com uso de tanino vegetal no curtimento, promovendo sustentabilidade e gera\u00e7\u00e3o de renda local com a participa\u00e7\u00e3o de artes\u00e3os da comunidade.<\/p>\n\n\n\n<p>Tamb\u00e9m houve distribui\u00e7\u00e3o de brindes \u201cMade in Pontal\u201d, oferecidos por meio de parceria entre o PROVOPAR e a Secretaria Municipal de Esportes, Cultura, Lazer e Juventude.<\/p>\n\n\n\n<p>A equipe t\u00e9cnica de Pontal do Paran\u00e1 foi composta por: Nathalia Centurion Franzoi (diretora), Luciana Goldschmidt Costa (Secret\u00e1ria Municipal de Turismo e Desenvolvimento Econ\u00f4mico), Pl\u00ednio Aguiar (Diretor de Departamento), Izabel Cristina Pereira (Administrativo), Cassiano Ricardo Soares Lopes (Diretor Geral)<\/p>\n\n\n\n<p>Tamb\u00e9m estiveram presentes as turism\u00f3logas e guias CADASTUR Maria Carolina Gon\u00e7alves e Camila Campestrini do Ros\u00e1rio, instrutoras do SENAC Paran\u00e1 e empreendedoras \u00e0 frente das ag\u00eancias Sambaqui Tour e Viagem e Mergulho, que atuam na Ilha do Mel e em diversas \u00e1reas do litoral, e que, convidadas pelo SENAC, apresentaram trabalhos cient\u00edficos e relatos de experi\u00eancia sobre a valoriza\u00e7\u00e3o do turismo local, a temporada de cruzeiros 2023-2025 e a articula\u00e7\u00e3o entre os setores p\u00fablico e privado, os quais receberam grande prest\u00edgio e colocaram o litoral paranaense em evid\u00eancia nacional e internacional.<\/p>\n\n\n\n<p>As apresenta\u00e7\u00f5es abordaram os seguintes temas:<\/p>\n\n\n\n<p>\u2022 \u201cFortalecendo o Turismo Local atrav\u00e9s do Associativismo \u2013 AMPEC Matinhos\u201d<\/p>\n\n\n\n<p>\u2022 \u201cTemporada de Cruzeiros no Litoral do Paran\u00e1 (Brasil): Relato e Reflex\u00f5es Decorrentes do Est\u00e1gio Supervisionado\u201d<\/p>\n\n\n\n<p>\u2022 Minicurso \u201cTurismo que Conecta: Como Criar Redes Colaborativas e Neg\u00f3cios de Impacto Local\u201d<\/p>\n\n\n\n<p>Empres\u00e1rios locais aproveitaram a oportunidade para ampliar a rede de contatos e promover o potencial tur\u00edstico e comercial de Pontal do Paran\u00e1.<\/p>\n\n\n\n<p>A participa\u00e7\u00e3o de Pontal do Paran\u00e1 no FIT Cataratas foi marcada por criatividade, tradi\u00e7\u00e3o e inova\u00e7\u00e3o.<\/p>\n\n\n\n<p>Ao reunir gastronomia t\u00edpica, iniciativas sustent\u00e1veis, experi\u00eancias tur\u00edsticas e produtos locais em um s\u00f3 espa\u00e7o, o munic\u00edpio consolidou sua presen\u00e7a no mapa do turismo nacional com autenticidade e protagonismo.<\/p>\n\n\n\n<p>Prefeitura de Pontal do Paran\u00e1<\/p>\n","protected":false},"excerpt":{"rendered":"<p>Entre os dias 4 e 6 de junho, o munic\u00edpio de Pontal do Paran\u00e1 marcou presen\u00e7a na 20\u00aa edi\u00e7\u00e3o do Festival Internacional de Turismo das Cataratas (FIT Cataratas), realizado em Foz do Igua\u00e7u. A participa\u00e7\u00e3o foi marcada por experi\u00eancias imersivas, valoriza\u00e7\u00e3o da cultura local, gastronomia t\u00edpica, projetos sustent\u00e1veis e forte representatividade t\u00e9cnica, mostrando o potencial [&hellip;]<\/p>\n","protected":false},"author":2,"featured_media":68467,"comment_status":"open","ping_status":"open","sticky":false,"template":"","format":"standard","meta":{"advanced_seo_description":"","jetpack_seo_html_title":"","jetpack_seo_noindex":false,"_jetpack_memberships_contains_paid_content":false,"footnotes":""},"categories":[65],"tags":[],"class_list":{"0":"post-68466","1":"post","2":"type-post","3":"status-publish","4":"format-standard","5":"has-post-thumbnail","7":"category-pontal-do-parana"},"jetpack_featured_media_url":"https:\/\/www.paranapraia.com.br\/wp-content\/uploads\/2025\/06\/505891427_1057920436436913_5303733116201129509_n-scaled.jpg","jetpack_sharing_enabled":true,"_links":{"self":[{"href":"https:\/\/www.paranapraia.com.br\/index.php\/wp-json\/wp\/v2\/posts\/68466"}],"collection":[{"href":"https:\/\/www.paranapraia.com.br\/index.php\/wp-json\/wp\/v2\/posts"}],"about":[{"href":"https:\/\/www.paranapraia.com.br\/index.php\/wp-json\/wp\/v2\/types\/post"}],"author":[{"embeddable":true,"href":"https:\/\/www.paranapraia.com.br\/index.php\/wp-json\/wp\/v2\/users\/2"}],"replies":[{"embeddable":true,"href":"https:\/\/www.paranapraia.com.br\/index.php\/wp-json\/wp\/v2\/comments?post=68466"}],"version-history":[{"count":1,"href":"https:\/\/www.paranapraia.com.br\/index.php\/wp-json\/wp\/v2\/posts\/68466\/revisions"}],"predecessor-version":[{"id":68468,"href":"https:\/\/www.paranapraia.com.br\/index.php\/wp-json\/wp\/v2\/posts\/68466\/revisions\/68468"}],"wp:featuredmedia":[{"embeddable":true,"href":"https:\/\/www.paranapraia.com.br\/index.php\/wp-json\/wp\/v2\/media\/68467"}],"wp:attachment":[{"href":"https:\/\/www.paranapraia.com.br\/index.php\/wp-json\/wp\/v2\/media?parent=68466"}],"wp:term":[{"taxonomy":"category","embeddable":true,"href":"https:\/\/www.paranapraia.com.br\/index.php\/wp-json\/wp\/v2\/categories?post=68466"},{"taxonomy":"post_tag","embeddable":true,"href":"https:\/\/www.paranapraia.com.br\/index.php\/wp-json\/wp\/v2\/tags?post=68466"}],"curies":[{"name":"wp","href":"https:\/\/api.w.org\/{rel}","templated":true}]}}