{"id":68310,"date":"2025-06-05T21:00:46","date_gmt":"2025-06-06T00:00:46","guid":{"rendered":"https:\/\/www.paranapraia.com.br\/?p=68310"},"modified":"2025-06-05T21:00:48","modified_gmt":"2025-06-06T00:00:48","slug":"com-monitoramento-pontal-do-parana-enfrenta-chuvas-intensas-sem-alagamentos","status":"publish","type":"post","link":"https:\/\/www.paranapraia.com.br\/index.php\/2025\/06\/05\/com-monitoramento-pontal-do-parana-enfrenta-chuvas-intensas-sem-alagamentos\/","title":{"rendered":"Com monitoramento, Pontal do Paran\u00e1 enfrenta chuvas intensas sem alagamentos"},"content":{"rendered":"\n<p>Mesmo com alerta de chuva intensa no Litoral do Paran\u00e1 \u2014 com volumes entre 20 e 30 mm por hora, podendo chegar a 50 mm no acumulado do dia \u2014, ruas que antes sofriam com constantes alagamentos em Pontal do Paran\u00e1 n\u00e3o apresentaram ac\u00famulo de \u00e1gua. O aviso de tempestade com grau de severidade moderado foi emitido pelo Instituto Nacional de Meteorologia (Inmet).<\/p>\n\n\n\n<p>Esse resultado \u00e9 fruto das obras de infraestrutura executadas pela Secretaria Municipal de Obras e pela Secretaria de Meio Ambiente, Agricultura e Pesca, com recursos pr\u00f3prios, apoio do Governo do Estado e do Instituto \u00c1gua e Terra (IAT). As interven\u00e7\u00f5es incluem limpeza de canais, implanta\u00e7\u00e3o de sistemas de drenagem e pavimenta\u00e7\u00f5es.<\/p>\n\n\n\n<p>Durante o dia, equipes da Secretaria de Obras e Servi\u00e7os P\u00fablicos acompanharam de perto a situa\u00e7\u00e3o dos canais e vias da cidade, mantendo o trabalho cont\u00ednuo de limpeza, essencial para o bom funcionamento do sistema de escoamento.<\/p>\n\n\n\n<p>A Prefeitura segue com os trabalhos em andamento, ampliando as melhorias para outras \u00e1reas do munic\u00edpio e investindo em infraestrutura que traga resultados duradouros para toda a popula\u00e7\u00e3o.<\/p>\n\n\n\n<p>Prefeitura de Pontal do Paran\u00e1 \/ Clovis Santos<\/p>\n","protected":false},"excerpt":{"rendered":"<p>Mesmo com alerta de chuva intensa no Litoral do Paran\u00e1 \u2014 com volumes entre 20 e 30 mm por hora, podendo chegar a 50 mm no acumulado do dia \u2014, ruas que antes sofriam com constantes alagamentos em Pontal do Paran\u00e1 n\u00e3o apresentaram ac\u00famulo de \u00e1gua. O aviso de tempestade com grau de severidade moderado [&hellip;]<\/p>\n","protected":false},"author":2,"featured_media":68311,"comment_status":"open","ping_status":"open","sticky":false,"template":"","format":"standard","meta":{"advanced_seo_description":"","jetpack_seo_html_title":"","jetpack_seo_noindex":false,"_jetpack_memberships_contains_paid_content":false,"footnotes":""},"categories":[65],"tags":[],"class_list":{"0":"post-68310","1":"post","2":"type-post","3":"status-publish","4":"format-standard","5":"has-post-thumbnail","7":"category-pontal-do-parana"},"jetpack_featured_media_url":"https:\/\/www.paranapraia.com.br\/wp-content\/uploads\/2025\/06\/tb_050625174529_5048810180904595945_jpg.jpg","jetpack_sharing_enabled":true,"_links":{"self":[{"href":"https:\/\/www.paranapraia.com.br\/index.php\/wp-json\/wp\/v2\/posts\/68310"}],"collection":[{"href":"https:\/\/www.paranapraia.com.br\/index.php\/wp-json\/wp\/v2\/posts"}],"about":[{"href":"https:\/\/www.paranapraia.com.br\/index.php\/wp-json\/wp\/v2\/types\/post"}],"author":[{"embeddable":true,"href":"https:\/\/www.paranapraia.com.br\/index.php\/wp-json\/wp\/v2\/users\/2"}],"replies":[{"embeddable":true,"href":"https:\/\/www.paranapraia.com.br\/index.php\/wp-json\/wp\/v2\/comments?post=68310"}],"version-history":[{"count":1,"href":"https:\/\/www.paranapraia.com.br\/index.php\/wp-json\/wp\/v2\/posts\/68310\/revisions"}],"predecessor-version":[{"id":68312,"href":"https:\/\/www.paranapraia.com.br\/index.php\/wp-json\/wp\/v2\/posts\/68310\/revisions\/68312"}],"wp:featuredmedia":[{"embeddable":true,"href":"https:\/\/www.paranapraia.com.br\/index.php\/wp-json\/wp\/v2\/media\/68311"}],"wp:attachment":[{"href":"https:\/\/www.paranapraia.com.br\/index.php\/wp-json\/wp\/v2\/media?parent=68310"}],"wp:term":[{"taxonomy":"category","embeddable":true,"href":"https:\/\/www.paranapraia.com.br\/index.php\/wp-json\/wp\/v2\/categories?post=68310"},{"taxonomy":"post_tag","embeddable":true,"href":"https:\/\/www.paranapraia.com.br\/index.php\/wp-json\/wp\/v2\/tags?post=68310"}],"curies":[{"name":"wp","href":"https:\/\/api.w.org\/{rel}","templated":true}]}}