{"id":68304,"date":"2025-06-05T17:15:48","date_gmt":"2025-06-05T20:15:48","guid":{"rendered":"https:\/\/www.paranapraia.com.br\/?p=68304"},"modified":"2025-06-05T17:15:50","modified_gmt":"2025-06-05T20:15:50","slug":"na-escola-na-praca-no-comercio-saude-incentiva-vacinacao-alem-dos-postos","status":"publish","type":"post","link":"https:\/\/www.paranapraia.com.br\/index.php\/2025\/06\/05\/na-escola-na-praca-no-comercio-saude-incentiva-vacinacao-alem-dos-postos\/","title":{"rendered":"Na escola, na pra\u00e7a, no com\u00e9rcio: Sa\u00fade incentiva vacina\u00e7\u00e3o al\u00e9m dos postos"},"content":{"rendered":"\n<p>A Secretaria de Estado da Sa\u00fade do Paran\u00e1 (Sesa) tem incentivado e apoiado os munic\u00edpios nas a\u00e7\u00f5es de vacina\u00e7\u00e3o al\u00e9m das unidades de sa\u00fade (como em escolas, terminais de \u00f4nibus, igresas, empresas, pra\u00e7as, supermercados, etc) como estrat\u00e9gia para ampliar a cobertura vacinal contra a gripe em todo o Estado. A pr\u00e1tica consiste em alcan\u00e7ar a popula\u00e7\u00e3o em locais de grande circula\u00e7\u00e3o ou de dif\u00edcil acesso.<\/p>\n\n\n\n<p>A mobiliza\u00e7\u00e3o facilita o acesso ao imunizante, especialmente para quem encontra dificuldades em se deslocar at\u00e9 os postos de vacina\u00e7\u00e3o durante a semana ou em hor\u00e1rio comercial.<\/p>\n\n\n\n<p>\u201cEssa \u00e9 uma estrat\u00e9gia fundamental para aumentar a ades\u00e3o da popula\u00e7\u00e3o e garantir que mais paranaenses estejam protegidos contra a gripe, especialmente os grupos mais vulner\u00e1veis, como idosos, gestantes, crian\u00e7as e pessoas com comorbidades\u201d, disse o secret\u00e1rio de Estado da Sa\u00fade, Beto Preto.<\/p>\n\n\n\n<p>A Sesa disponibiliza as doses da vacina e orienta tecnicamente os munic\u00edpios sobre a organiza\u00e7\u00e3o das a\u00e7\u00f5es, respeitando os protocolos de seguran\u00e7a e conserva\u00e7\u00e3o dos imunobiol\u00f3gicos. As secretarias municipais t\u00eam autonomia para planejar a log\u00edstica conforme as realidades locais, com o apoio das Regionais de Sa\u00fade.<\/p>\n\n\n\n<p><strong>A\u00c7\u00d5ES&nbsp;<\/strong>\u2013 Diversos munic\u00edpios j\u00e1 adotaram a estrat\u00e9gia com sucesso, incluindo Curitiba, Londrina, Maring\u00e1, Cascavel, Campo Mour\u00e3o, Ponta Grossa, Foz do Igua\u00e7u, S\u00e3o Jos\u00e9 dos Pinhais e Paranagu\u00e1. Recentemente, Ipor\u00e3 promoveu vacina\u00e7\u00e3o em um abatedouro de aves; Nova Ol\u00edmpia levou a imuniza\u00e7\u00e3o a com\u00e9rcios e f\u00e1bricas de costura; e Cascavel realizou a\u00e7\u00e3o em um est\u00e1dio, ampliando o alcance da campanha e facilitando o acesso dos trabalhadores \u00e0 vacina.<\/p>\n\n\n\n<p>As a\u00e7\u00f5es, em geral, ocorrem todos os dias da semana em hor\u00e1rios alternativos, buscando atingir o maior n\u00famero de pessoas poss\u00edvel. A Secretaria refor\u00e7a a import\u00e2ncia da mobiliza\u00e7\u00e3o das equipes municipais e do engajamento da popula\u00e7\u00e3o.<\/p>\n\n\n\n<p>\u201c\u00c9 uma medida coletiva de prote\u00e7\u00e3o. Ao vacinar, cada pessoa contribui para a prote\u00e7\u00e3o da sua comunidade\u201d, afirma a diretora de Aten\u00e7\u00e3o e Vigil\u00e2ncia em Sa\u00fade da Sesa, Maria Goretti David Lopes.<\/p>\n\n\n\n<p><strong>VACINA\u00c7\u00c3O&nbsp;<\/strong>\u2013 A campanha de vacina\u00e7\u00e3o contra a gripe segue em todo o Estado. A vacina \u00e9 segura, eficaz e previne complica\u00e7\u00f5es graves, como pneumonias e interna\u00e7\u00f5es. O imunizante est\u00e1 dispon\u00edvel para toda a popula\u00e7\u00e3o a partir dos seis meses de idade. A aplica\u00e7\u00e3o \u00e9 gratuita e acontece nas Unidades B\u00e1sicas de Sa\u00fade (UBS) e nos pontos extramuros organizados pelos munic\u00edpios.<\/p>\n\n\n\n<p><strong>COBERTURA<\/strong>&nbsp;\u2013 Dados do&nbsp;Vacin\u00f4metro Nacional&nbsp;mostram que o Paran\u00e1 registrou a aplica\u00e7\u00e3o de 2.419.138 vacinas contra a Influenza, sendo que apenas 41,68% do grupo priorit\u00e1rio de gestantes, crian\u00e7as e idosos procurou pela imuniza\u00e7\u00e3o. A meta do Minist\u00e9rio da Sa\u00fade \u00e9 atingir 90% de cada um destes grupos. O Estado j\u00e1 recebeu e distribuiu para os 399 munic\u00edpios 4.188.000 doses. Verifique junto \u00e0 Secretaria Municipal de Sa\u00fade sobre a\u00e7\u00f5es no seu munic\u00edpio.<\/p>\n\n\n\n<p><strong>Confira abaixo algumas a\u00e7\u00f5es extramuros agendadas para os pr\u00f3ximos dias:<\/strong><\/p>\n\n\n\n<p><strong>1\u00aa Regional de Sa\u00fade Litoral<\/strong><\/p>\n\n\n\n<p><em>Munic\u00edpio de Guaraquecaba (ter\u00e7a-feira \u2013 17 de junho)<\/em><\/p>\n\n\n\n<p>Busca ativa nos bairros Rio Verde, Tagacaba e parte do Superagui.<\/p>\n\n\n\n<p>Pode ser cancelado devido \u00e0s condi\u00e7\u00f5es clim\u00e1ticas.<\/p>\n\n\n\n<p><strong>2\u00aa Regional de Sa\u00fade Metropolitana<\/strong><\/p>\n\n\n\n<p><em>Munic\u00edpio de Curitiba (sexta-feira \u2013 6 de junho)<\/em><\/p>\n\n\n\n<p>Secretaria de Estado do Esporte \u2013 Rua Pastor Manoel Virg\u00ednio de Souza, 1.020, Cap\u00e3o da Imbuia \u2013 das 14h \u00e0s 17h<\/p>\n\n\n\n<p>Regional CIC &#8211; Rua Manoel Valdomiro de Macedo, 2.460 \u2013 das 10h \u00e0s 12h e das 14h \u00e0s 16h<\/p>\n\n\n\n<p>Parque Ol\u00edmpico Cajuru \u2013 Rua Rivad\u00e1via Fonseca de Macedo, 510 \u2013 das 14h \u00e0s 16h<\/p>\n\n\n\n<p>(s\u00e1bado \u2013 7 de junho)<\/p>\n\n\n\n<p>Supermercado Condor (CIC) \u2013 Rua Jo\u00e3o Dembinski, 1.410 \u2013 das 9h \u00e0s 12h e das 13h \u00e0s 16h<\/p>\n\n\n\n<p>Gigante Atacadista (CIC) \u2013 Avenida Juscelino Kubitschek de Oliveira, 2.297\u2013 das 9h \u00e0s 12h e das 13h \u00e0s 16h<\/p>\n\n\n\n<p><strong>4\u00aa Regional de Sa\u00fade de Irati<\/strong><\/p>\n\n\n\n<p><em>Munic\u00edpio de In\u00e1cio Martins (s\u00e1bado &#8211; 7 de junho)<\/em><\/p>\n\n\n\n<p>Vacina\u00e7\u00e3o durante a festa do Pinh\u00e3o \u2013 final de semana<\/p>\n\n\n\n<p><strong>6\u00aa Regional de Sa\u00fade de Uni\u00e3o da Vit\u00f3ria<\/strong><\/p>\n\n\n\n<p><em>Munic\u00edpio de Uni\u00e3o da Vit\u00f3ria (s\u00e1bado &#8211; 7 de junho)<\/em><\/p>\n\n\n\n<p>Feira da Pra\u00e7a Alvir Riesemberg, ao lado da C\u00e2mara de Vereadores &#8211; das 8 h \u00e0s 16h<\/p>\n\n\n\n<p><strong>9\u00aa Regional de sa\u00fade de Foz do Igua\u00e7u<\/strong><\/p>\n\n\n\n<p><em>Munic\u00edpio de Foz do Igua\u00e7u (dias 7, 8 e 9 de junho)<\/em><\/p>\n\n\n\n<p>Fartal &#8211; Feira de Artesanato e Alimentos de Foz do Igua\u00e7u \u2013 das 16h \u00e0s 20h<\/p>\n\n\n\n<p>Empresa Vital \u2013 quinta-feira (12\/06) &#8211; das 13:30h \u00e0s 17:30h<\/p>\n\n\n\n<p><strong>13\u00aa Regional de Sa\u00fade de Cianorte<\/strong><\/p>\n\n\n\n<p><em>Munic\u00edpio de Cianorte (segunda e ter\u00e7a-feira, 9 e 10 de junho)<\/em><\/p>\n\n\n\n<p>Unipar &#8211; Universidade Paranaense<\/p>\n\n\n\n<p><em>Munic\u00edpio de Indian\u00f3polis<\/em><\/p>\n\n\n\n<p>CMEI &#8211; Centro Municipal de Educa\u00e7\u00e3o Infantil Curumim \u2013 a partir das 14h<\/p>\n\n\n\n<p><strong>14\u00aa Regional de Sa\u00fade de Paranava\u00ed (sexta-feira \u2013 6 de junho)<\/strong><\/p>\n\n\n\n<p><em>Munic\u00edpio de Paranava\u00ed<\/em><\/p>\n\n\n\n<p>Unidas Distribuidoras \u2013 per\u00edodo da manh\u00e3<\/p>\n\n\n\n<p>Pintebem Tintas \u2013 per\u00edodo da manh\u00e3<\/p>\n\n\n\n<p>S\u00e1bado &#8211; 7 de junho<\/p>\n\n\n\n<p>Com\u00e9rcio local &#8211; pela manh\u00e3<\/p>\n\n\n\n<p>Quarta-feira \u2013 11 de junho<\/p>\n\n\n\n<p>Pa\u00e7o Prefeitura \u2013 manh\u00e3 e tarde<\/p>\n\n\n\n<p><em>Munic\u00edpio de Tamboara (sexta-feira \u2013 6 de junho)<\/em><\/p>\n\n\n\n<p>APAE &#8211; Manh\u00e3 e tarde<\/p>\n\n\n\n<p><strong>16\u00aa Regional de Sa\u00fade de Apucarana<\/strong><\/p>\n\n\n\n<p><em>Munic\u00edpio de Apucarana (sexta-feira \u2013 6 de junho)<\/em><\/p>\n\n\n\n<p>\u00b7Supermercados Muffato (Igrejinha) \u2013 das 18h \u00e0s 20:30h<\/p>\n\n\n\n<p>\u00b7Supermercado Amig\u00e3o &#8211; das 18h \u00e0s 20:30h<\/p>\n\n\n\n<p>\u00b7Max Atacadista &#8211; das 18h \u00e0s 20:30h<\/p>\n\n\n\n<p>S\u00e1bado &#8211; 7 de junho<\/p>\n\n\n\n<p>\u00b7Supermercados Muffato (Igrejinha) \u2013 das 16h \u00e0s 20h<\/p>\n\n\n\n<p>\u00b7Supermercado Amig\u00e3o &#8211; das 16h \u00e0s 20h<\/p>\n\n\n\n<p>\u00b7Max Atacadista &#8211; das 16h \u00e0s 20h<\/p>\n\n\n\n<p><strong>17\u00aa Regional de Sa\u00fade de Londrina<\/strong><\/p>\n\n\n\n<p><em>Munic\u00edpio de Londrina<\/em><\/p>\n\n\n\n<p>Sexta-feira &#8211; 6 de junho<\/p>\n\n\n\n<p>Supermercados Viscard&nbsp;&#8211; loja da Av. Higien\u00f3polis , 1.674 \u2013 das 13h \u00e0s 16h<\/p>\n\n\n\n<p>Supermercados Viscard&nbsp;&#8211; loja da Av. Winston Churchill, 1.310 &#8211; das 14h \u00e0s 18h<\/p>\n\n\n\n<p>Supermercados Viscard&nbsp;&#8211; loja da Av. Harry Prochet, 1.225 &#8211;&nbsp; das 13h45 \u00e0s 19h30<\/p>\n\n\n\n<p>S\u00e1bado &#8211; 7 de junho<\/p>\n\n\n\n<p>Supermercados Viscard&nbsp;&#8211; loja da rua Guaranis, 782 \u2013 das 8h \u00e0s 13h<\/p>\n\n\n\n<p>Supermercados Viscard&nbsp;&#8211; loja da Rod. Mabio Gon\u00e7alves Palhano, 1.025 &#8211; das 8h \u00e0s 13h<\/p>\n\n\n\n<p>Supermercados Viscard&nbsp;&#8211; loja da Av. Duque de Caxias, 1.310 \u2013 das 14h \u00e0s 16h<\/p>\n\n\n\n<p><strong>18\u00aa Regional de Sa\u00fade de Corn\u00e9lio Proc\u00f3pio<\/strong><\/p>\n\n\n\n<p><em>Munic\u00edpio de Santa Am\u00e9lia<\/em><\/p>\n\n\n\n<p>Ter\u00e7a-feira \u2013 10 de junho<\/p>\n\n\n\n<p>F\u00e1brica de Jeans<\/p>\n\n\n\n<p><em>Munic\u00edpio de S\u00e3o Sebasti\u00e3o da Amoreira<\/em><\/p>\n\n\n\n<p>Quarta-feira \u2013 11 de junho<\/p>\n\n\n\n<p>Busca ativa nas casas \u2013 das 13h \u00e0s 17h<\/p>\n\n\n\n<p><em>Munic\u00edpio de S\u00e3o Jer\u00f4nimo da Serra<\/em><\/p>\n\n\n\n<p>Vacina\u00e7\u00e3o em domic\u00edlio e busca ativa de idosos \u2013 per\u00edodo da tarde<\/p>\n\n\n\n<p><em>Munic\u00edpio de Nova F\u00e1tima<\/em><\/p>\n\n\n\n<p>De segunda a sexta-feira \u2013 9 a 13 de junho.<\/p>\n\n\n\n<p>Carreata da vacina no com\u00e9rcio.<\/p>\n\n\n\n<p>AEN\/PR<\/p>\n","protected":false},"excerpt":{"rendered":"<p>A Secretaria de Estado da Sa\u00fade do Paran\u00e1 (Sesa) tem incentivado e apoiado os munic\u00edpios nas a\u00e7\u00f5es de vacina\u00e7\u00e3o al\u00e9m das unidades de sa\u00fade (como em escolas, terminais de \u00f4nibus, igresas, empresas, pra\u00e7as, supermercados, etc) como estrat\u00e9gia para ampliar a cobertura vacinal contra a gripe em todo o Estado. A pr\u00e1tica consiste em alcan\u00e7ar a [&hellip;]<\/p>\n","protected":false},"author":2,"featured_media":68305,"comment_status":"open","ping_status":"open","sticky":false,"template":"","format":"standard","meta":{"advanced_seo_description":"","jetpack_seo_html_title":"","jetpack_seo_noindex":false,"_jetpack_memberships_contains_paid_content":false,"footnotes":""},"categories":[50],"tags":[],"class_list":{"0":"post-68304","1":"post","2":"type-post","3":"status-publish","4":"format-standard","5":"has-post-thumbnail","7":"category-saude"},"jetpack_featured_media_url":"https:\/\/www.paranapraia.com.br\/wp-content\/uploads\/2025\/06\/9b07fd9f-baeb-42e7-8b9d-4a562ff3f459-scaled.jpg","jetpack_sharing_enabled":true,"_links":{"self":[{"href":"https:\/\/www.paranapraia.com.br\/index.php\/wp-json\/wp\/v2\/posts\/68304"}],"collection":[{"href":"https:\/\/www.paranapraia.com.br\/index.php\/wp-json\/wp\/v2\/posts"}],"about":[{"href":"https:\/\/www.paranapraia.com.br\/index.php\/wp-json\/wp\/v2\/types\/post"}],"author":[{"embeddable":true,"href":"https:\/\/www.paranapraia.com.br\/index.php\/wp-json\/wp\/v2\/users\/2"}],"replies":[{"embeddable":true,"href":"https:\/\/www.paranapraia.com.br\/index.php\/wp-json\/wp\/v2\/comments?post=68304"}],"version-history":[{"count":1,"href":"https:\/\/www.paranapraia.com.br\/index.php\/wp-json\/wp\/v2\/posts\/68304\/revisions"}],"predecessor-version":[{"id":68306,"href":"https:\/\/www.paranapraia.com.br\/index.php\/wp-json\/wp\/v2\/posts\/68304\/revisions\/68306"}],"wp:featuredmedia":[{"embeddable":true,"href":"https:\/\/www.paranapraia.com.br\/index.php\/wp-json\/wp\/v2\/media\/68305"}],"wp:attachment":[{"href":"https:\/\/www.paranapraia.com.br\/index.php\/wp-json\/wp\/v2\/media?parent=68304"}],"wp:term":[{"taxonomy":"category","embeddable":true,"href":"https:\/\/www.paranapraia.com.br\/index.php\/wp-json\/wp\/v2\/categories?post=68304"},{"taxonomy":"post_tag","embeddable":true,"href":"https:\/\/www.paranapraia.com.br\/index.php\/wp-json\/wp\/v2\/tags?post=68304"}],"curies":[{"name":"wp","href":"https:\/\/api.w.org\/{rel}","templated":true}]}}