{"id":6830,"date":"2019-04-16T21:51:51","date_gmt":"2019-04-17T00:51:51","guid":{"rendered":"https:\/\/www.paranapraia.com.br\/?p=6830"},"modified":"2019-04-16T21:51:52","modified_gmt":"2019-04-17T00:51:52","slug":"suspeito-de-balear-tres-pessoas-em-tiroteio-e-preso","status":"publish","type":"post","link":"https:\/\/www.paranapraia.com.br\/index.php\/2019\/04\/16\/suspeito-de-balear-tres-pessoas-em-tiroteio-e-preso\/","title":{"rendered":"Suspeito de balear tr\u00eas pessoas em tiroteio \u00e9 preso"},"content":{"rendered":"\n<p>Um homem, de 38 anos, suspeito de balear tr\u00eas pessoas, foi preso no final da tarde desta ter\u00e7a-feira (16), pela Pol\u00edcia Militar. O crime foi registrado na noite de ontem (15), quando o homem teria atirado diversas vezes nos bairros S\u00e3o Judas Tadeu e Borda do Campo, em S\u00e3o Jos\u00e9 dos Pinhais.<\/p>\n\n\n\n<p>O homem reagiu a abordagem e ainda tentou fugir da pol\u00edcia duas vezes depois de ser preso, a caminho da delegacia. Ele n\u00e3o confessou o crime, mas o carro usado no tiroteio, um Palio cinza, que pertence a um parente seu, foi localizado. Dentro do ve\u00edculo, haviam c\u00e1psulas de arma de fogo deflagradas.<\/p>\n\n\n\n<p>Na casa onde foi detido, a equipe encontrou tamb\u00e9m um carro com alerta de furto de 2014. O suspeito j\u00e1 tinha passagens pela pol\u00edcia.<\/p>\n\n\n\n<p>A motiva\u00e7\u00e3o para o tiroteio &#8211; que resultou em um homem, de 53 anos, morto, um jovem, de 19 anos, internado em estado grave, e uma menina, de 12 anos, baleada \u2013 ainda n\u00e3o foi esclarecida e deve ser apurada pela Pol\u00edcia Civil.<\/p>\n\n\n\n<p>Colabora\u00e7\u00e3o Ailton Vieira\/ Rede Massa<br><\/p>\n\n\n\n<p><br><\/p>\n\n\n\n<p><br><\/p>\n","protected":false},"excerpt":{"rendered":"<p>Um homem, de 38 anos, suspeito de balear tr\u00eas pessoas, foi preso no final da tarde desta ter\u00e7a-feira (16), pela Pol\u00edcia Militar. O crime foi registrado na noite de ontem (15), quando o homem teria atirado diversas vezes nos bairros S\u00e3o Judas Tadeu e Borda do Campo, em S\u00e3o Jos\u00e9 dos Pinhais. O homem reagiu [&hellip;]<\/p>\n","protected":false},"author":2,"featured_media":6831,"comment_status":"open","ping_status":"open","sticky":false,"template":"","format":"standard","meta":{"advanced_seo_description":"","jetpack_seo_html_title":"","jetpack_seo_noindex":false,"_jetpack_memberships_contains_paid_content":false,"footnotes":""},"categories":[33],"tags":[],"class_list":{"0":"post-6830","1":"post","2":"type-post","3":"status-publish","4":"format-standard","5":"has-post-thumbnail","7":"category-policia"},"jetpack_featured_media_url":"https:\/\/www.paranapraia.com.br\/wp-content\/uploads\/2019\/04\/susp.jpeg","jetpack_sharing_enabled":true,"_links":{"self":[{"href":"https:\/\/www.paranapraia.com.br\/index.php\/wp-json\/wp\/v2\/posts\/6830"}],"collection":[{"href":"https:\/\/www.paranapraia.com.br\/index.php\/wp-json\/wp\/v2\/posts"}],"about":[{"href":"https:\/\/www.paranapraia.com.br\/index.php\/wp-json\/wp\/v2\/types\/post"}],"author":[{"embeddable":true,"href":"https:\/\/www.paranapraia.com.br\/index.php\/wp-json\/wp\/v2\/users\/2"}],"replies":[{"embeddable":true,"href":"https:\/\/www.paranapraia.com.br\/index.php\/wp-json\/wp\/v2\/comments?post=6830"}],"version-history":[{"count":1,"href":"https:\/\/www.paranapraia.com.br\/index.php\/wp-json\/wp\/v2\/posts\/6830\/revisions"}],"predecessor-version":[{"id":6832,"href":"https:\/\/www.paranapraia.com.br\/index.php\/wp-json\/wp\/v2\/posts\/6830\/revisions\/6832"}],"wp:featuredmedia":[{"embeddable":true,"href":"https:\/\/www.paranapraia.com.br\/index.php\/wp-json\/wp\/v2\/media\/6831"}],"wp:attachment":[{"href":"https:\/\/www.paranapraia.com.br\/index.php\/wp-json\/wp\/v2\/media?parent=6830"}],"wp:term":[{"taxonomy":"category","embeddable":true,"href":"https:\/\/www.paranapraia.com.br\/index.php\/wp-json\/wp\/v2\/categories?post=6830"},{"taxonomy":"post_tag","embeddable":true,"href":"https:\/\/www.paranapraia.com.br\/index.php\/wp-json\/wp\/v2\/tags?post=6830"}],"curies":[{"name":"wp","href":"https:\/\/api.w.org\/{rel}","templated":true}]}}